{"id":176,"date":"2014-01-27T10:20:06","date_gmt":"2014-01-27T09:20:06","guid":{"rendered":"http:\/\/blogs.pep06.fr\/ader\/?p=176"},"modified":"2014-01-27T10:20:06","modified_gmt":"2014-01-27T09:20:06","slug":"carrelage","status":"publish","type":"post","link":"https:\/\/www.pep06.fr\/ader\/2014\/01\/27\/carrelage\/","title":{"rendered":"Carrelage"},"content":{"rendered":"<p>Les \u00e9l\u00e8ves de l\u2019atelier avec Patrick et les \u00e9l\u00e8ves du CFB ont enlev\u00e9 les dalles en plastique vieilles et dangereuses.<a href=\"http:\/\/www.pep06.fr\/ader\/wp-content\/uploads\/sites\/3\/2014\/01\/carrelage1.jpg\"><img loading=\"lazy\" decoding=\"async\" data-attachment-id=\"178\" data-permalink=\"https:\/\/www.pep06.fr\/ader\/2014\/01\/27\/carrelage\/carrelage1\/#main\" data-orig-file=\"https:\/\/www.pep06.fr\/ader\/wp-content\/uploads\/sites\/3\/2014\/01\/carrelage1.jpg\" data-orig-size=\"490,653\" data-comments-opened=\"1\" data-image-meta=\"{&quot;aperture&quot;:&quot;2.8&quot;,&quot;credit&quot;:&quot;&quot;,&quot;camera&quot;:&quot;W995&quot;,&quot;caption&quot;:&quot;&quot;,&quot;created_timestamp&quot;:&quot;1385633123&quot;,&quot;copyright&quot;:&quot;&quot;,&quot;focal_length&quot;:&quot;4.55&quot;,&quot;iso&quot;:&quot;80&quot;,&quot;shutter_speed&quot;:&quot;0.04&quot;,&quot;title&quot;:&quot;&quot;,&quot;orientation&quot;:&quot;0&quot;}\" data-image-title=\"carrelage1\" data-image-description=\"\" data-image-caption=\"\" data-large-file=\"https:\/\/www.pep06.fr\/ader\/wp-content\/uploads\/sites\/3\/2014\/01\/carrelage1.jpg\" class=\" wp-image-178 alignright\" alt=\"carrelage1\" src=\"http:\/\/www.pep06.fr\/ader\/wp-content\/uploads\/sites\/3\/2014\/01\/carrelage1-225x300.jpg\" width=\"225\" height=\"300\" srcset=\"https:\/\/www.pep06.fr\/ader\/wp-content\/uploads\/sites\/3\/2014\/01\/carrelage1-225x300.jpg 225w, https:\/\/www.pep06.fr\/ader\/wp-content\/uploads\/sites\/3\/2014\/01\/carrelage1.jpg 490w\" sizes=\"auto, (max-width: 225px) 100vw, 225px\" \/><\/a><\/p>\n<p>&nbsp;<\/p>\n<p><a href=\"http:\/\/www.pep06.fr\/ader\/wp-content\/uploads\/sites\/3\/2014\/01\/carrelage2.jpg\"><img loading=\"lazy\" decoding=\"async\" data-attachment-id=\"179\" data-permalink=\"https:\/\/www.pep06.fr\/ader\/2014\/01\/27\/carrelage\/carrelage2\/#main\" data-orig-file=\"https:\/\/www.pep06.fr\/ader\/wp-content\/uploads\/sites\/3\/2014\/01\/carrelage2.jpg\" data-orig-size=\"490,653\" data-comments-opened=\"1\" data-image-meta=\"{&quot;aperture&quot;:&quot;2.8&quot;,&quot;credit&quot;:&quot;&quot;,&quot;camera&quot;:&quot;W995&quot;,&quot;caption&quot;:&quot;&quot;,&quot;created_timestamp&quot;:&quot;1385633326&quot;,&quot;copyright&quot;:&quot;&quot;,&quot;focal_length&quot;:&quot;4.55&quot;,&quot;iso&quot;:&quot;125&quot;,&quot;shutter_speed&quot;:&quot;0.076923076923077&quot;,&quot;title&quot;:&quot;&quot;,&quot;orientation&quot;:&quot;0&quot;}\" data-image-title=\"carrelage2\" data-image-description=\"\" data-image-caption=\"\" data-large-file=\"https:\/\/www.pep06.fr\/ader\/wp-content\/uploads\/sites\/3\/2014\/01\/carrelage2.jpg\" class=\"alignnone size-medium wp-image-179\" alt=\"carrelage2\" src=\"http:\/\/www.pep06.fr\/ader\/wp-content\/uploads\/sites\/3\/2014\/01\/carrelage2-225x300.jpg\" width=\"225\" height=\"300\" srcset=\"https:\/\/www.pep06.fr\/ader\/wp-content\/uploads\/sites\/3\/2014\/01\/carrelage2-225x300.jpg 225w, https:\/\/www.pep06.fr\/ader\/wp-content\/uploads\/sites\/3\/2014\/01\/carrelage2.jpg 490w\" sizes=\"auto, (max-width: 225px) 100vw, 225px\" \/><\/a><!--more--><a href=\"http:\/\/www.pep06.fr\/ader\/wp-content\/uploads\/sites\/3\/2014\/01\/carrelage6.jpg\"><img loading=\"lazy\" decoding=\"async\" alt=\"carrelage6\" src=\"http:\/\/www.pep06.fr\/ader\/wp-content\/uploads\/sites\/3\/2014\/01\/carrelage6-225x300.jpg\" width=\"225\" height=\"300\" \/><\/a> <a href=\"http:\/\/www.pep06.fr\/ader\/wp-content\/uploads\/sites\/3\/2014\/01\/carrelage3.jpg\"><img loading=\"lazy\" decoding=\"async\" data-attachment-id=\"180\" data-permalink=\"https:\/\/www.pep06.fr\/ader\/2014\/01\/27\/carrelage\/carrelage3\/#main\" data-orig-file=\"https:\/\/www.pep06.fr\/ader\/wp-content\/uploads\/sites\/3\/2014\/01\/carrelage3.jpg\" data-orig-size=\"490,653\" data-comments-opened=\"1\" data-image-meta=\"{&quot;aperture&quot;:&quot;2.8&quot;,&quot;credit&quot;:&quot;&quot;,&quot;camera&quot;:&quot;W995&quot;,&quot;caption&quot;:&quot;&quot;,&quot;created_timestamp&quot;:&quot;1385646895&quot;,&quot;copyright&quot;:&quot;&quot;,&quot;focal_length&quot;:&quot;4.55&quot;,&quot;iso&quot;:&quot;64&quot;,&quot;shutter_speed&quot;:&quot;0.025&quot;,&quot;title&quot;:&quot;&quot;,&quot;orientation&quot;:&quot;0&quot;}\" data-image-title=\"carrelage3\" data-image-description=\"\" data-image-caption=\"\" data-large-file=\"https:\/\/www.pep06.fr\/ader\/wp-content\/uploads\/sites\/3\/2014\/01\/carrelage3.jpg\" class=\"alignnone size-medium wp-image-180\" alt=\"carrelage3\" src=\"http:\/\/www.pep06.fr\/ader\/wp-content\/uploads\/sites\/3\/2014\/01\/carrelage3-225x300.jpg\" width=\"225\" height=\"300\" srcset=\"https:\/\/www.pep06.fr\/ader\/wp-content\/uploads\/sites\/3\/2014\/01\/carrelage3-225x300.jpg 225w, https:\/\/www.pep06.fr\/ader\/wp-content\/uploads\/sites\/3\/2014\/01\/carrelage3.jpg 490w\" sizes=\"auto, (max-width: 225px) 100vw, 225px\" \/><\/a>\u00a0<\/p>\n<p>\u00a0Ils ont gratt\u00e9 la colle grise et dure. Il y avait beaucoup de poussi\u00e8re.<\/p>\n<p>Deux semaines apr\u00e8s, ils ont coll\u00e9 le nouveau carrelage. Parfois, pr\u00e8s des murs il faut couper les carreaux. Ils mesurent et tracent sur le carreau.<a href=\"http:\/\/www.pep06.fr\/ader\/wp-content\/uploads\/sites\/3\/2014\/01\/carrelage5.jpg\"><img loading=\"lazy\" decoding=\"async\" alt=\"carrelage5\" src=\"http:\/\/www.pep06.fr\/ader\/wp-content\/uploads\/sites\/3\/2014\/01\/carrelage5-300x200.jpg\" width=\"300\" height=\"200\" \/><\/a><\/p>\n<p>Ils coupent avec la machine. Il faut \u00eatre pr\u00e9cis\u00a0! \u00a0\u00a0\u00a0\u00a0\u00a0\u00a0\u00a0\u00a0\u00a0\u00a0\u00a0\u00a0\u00a0\u00a0\u00a0\u00a0\u00a0\u00a0<\/p>\n<p>Quand tout est coll\u00e9, ils font les joints.<\/p>\n<p>\u00ab\u00a0C\u2019est assez facile et tr\u00e8s int\u00e9ressant.\u00a0\u00bb\u00a0 Abdoulla\u00a0\u00a0<\/p>\n<p>\u00a0<a href=\"http:\/\/www.pep06.fr\/ader\/wp-content\/uploads\/sites\/3\/2014\/01\/carrelage4.jpg\"><img loading=\"lazy\" decoding=\"async\" alt=\"carrelage4\" src=\"http:\/\/www.pep06.fr\/ader\/wp-content\/uploads\/sites\/3\/2014\/01\/carrelage4-300x225.jpg\" width=\"300\" height=\"225\" \/><\/a><\/p>\n<p><em>\u00a0Article \u00e9crit par Abdoulla et Elisabete<\/em><\/p>\n","protected":false},"excerpt":{"rendered":"<p>Les \u00e9l\u00e8ves de l\u2019atelier avec Patrick et les \u00e9l\u00e8ves du CFB ont enlev\u00e9 les dalles en plastique vieilles et dangereuses. &nbsp;<\/p>\n<p><a href=\"https:\/\/www.pep06.fr\/ader\/2014\/01\/27\/carrelage\/\"><span class=\"glyphicon glyphicon-arrow-right\"><\/span>&nbsp;Poursuivre la lecture<\/a><\/p>","protected":false},"author":4,"featured_media":0,"comment_status":"open","ping_status":"open","sticky":false,"template":"","format":"standard","meta":{"_uf_show_specific_survey":0,"_uf_disable_surveys":false,"jetpack_post_was_ever_published":false,"_jetpack_newsletter_access":"","_jetpack_dont_email_post_to_subs":false,"_jetpack_newsletter_tier_id":0,"_jetpack_memberships_contains_paywalled_content":false,"_jetpack_memberships_contains_paid_content":false,"footnotes":"","jetpack_publicize_message":"","jetpack_publicize_feature_enabled":true,"jetpack_social_post_already_shared":true,"jetpack_social_options":{"image_generator_settings":{"template":"highway","default_image_id":0,"font":"","enabled":false},"version":2}},"categories":[5],"tags":[],"class_list":["post-176","post","type-post","status-publish","format-standard","hentry","category-etablissement"],"yoast_head":"<!-- This site is optimized with the Yoast SEO plugin v27.5 - https:\/\/yoast.com\/product\/yoast-seo-wordpress\/ -->\n<title>Carrelage - IES Cl\u00e9ment Ader<\/title>\n<meta name=\"description\" content=\"L\u2019institut d\u2019\u00e9ducation sensorielle Cl\u00e9ment Ader PEP06 accueille un public \u00e2g\u00e9 de 6 \u00e0 20 ans pr\u00e9sentant une d\u00e9ficience visuelle et\/ou auditive\" \/>\n<meta name=\"robots\" content=\"index, follow, max-snippet:-1, max-image-preview:large, max-video-preview:-1\" \/>\n<link rel=\"canonical\" href=\"https:\/\/www.pep06.fr\/ader\/2014\/01\/27\/carrelage\/\" \/>\n<meta property=\"og:locale\" content=\"fr_FR\" \/>\n<meta property=\"og:type\" content=\"article\" \/>\n<meta property=\"og:title\" content=\"Carrelage - IES Cl\u00e9ment Ader\" \/>\n<meta property=\"og:description\" content=\"L\u2019institut d\u2019\u00e9ducation sensorielle Cl\u00e9ment Ader PEP06 accueille un public \u00e2g\u00e9 de 6 \u00e0 20 ans pr\u00e9sentant une d\u00e9ficience visuelle et\/ou auditive\" \/>\n<meta property=\"og:url\" content=\"https:\/\/www.pep06.fr\/ader\/2014\/01\/27\/carrelage\/\" \/>\n<meta property=\"og:site_name\" content=\"IES Cl\u00e9ment Ader\" \/>\n<meta property=\"article:publisher\" content=\"https:\/\/www.facebook.com\/ADPEP06\" \/>\n<meta property=\"article:published_time\" content=\"2014-01-27T09:20:06+00:00\" \/>\n<meta property=\"og:image\" content=\"http:\/\/www.pep06.fr\/ader\/wp-content\/uploads\/sites\/3\/2014\/01\/carrelage1-225x300.jpg\" \/>\n<meta name=\"twitter:card\" content=\"summary_large_image\" \/>\n<meta name=\"twitter:label1\" content=\"\u00c9crit par\" \/>\n\t<meta name=\"twitter:data1\" content=\"\" \/>\n\t<meta name=\"twitter:label2\" content=\"Dur\u00e9e de lecture estim\u00e9e\" \/>\n\t<meta name=\"twitter:data2\" content=\"1 minute\" \/>\n<script type=\"application\/ld+json\" class=\"yoast-schema-graph\">{\"@context\":\"https:\\\/\\\/schema.org\",\"@graph\":[{\"@type\":\"Article\",\"@id\":\"https:\\\/\\\/www.pep06.fr\\\/ader\\\/2014\\\/01\\\/27\\\/carrelage\\\/#article\",\"isPartOf\":{\"@id\":\"https:\\\/\\\/www.pep06.fr\\\/ader\\\/2014\\\/01\\\/27\\\/carrelage\\\/\"},\"author\":{\"name\":\"\",\"@id\":\"\"},\"headline\":\"Carrelage\",\"datePublished\":\"2014-01-27T09:20:06+00:00\",\"mainEntityOfPage\":{\"@id\":\"https:\\\/\\\/www.pep06.fr\\\/ader\\\/2014\\\/01\\\/27\\\/carrelage\\\/\"},\"wordCount\":101,\"commentCount\":2,\"publisher\":{\"@id\":\"https:\\\/\\\/www.pep06.fr\\\/ader\\\/#organization\"},\"image\":{\"@id\":\"https:\\\/\\\/www.pep06.fr\\\/ader\\\/2014\\\/01\\\/27\\\/carrelage\\\/#primaryimage\"},\"thumbnailUrl\":\"http:\\\/\\\/www.pep06.fr\\\/ader\\\/wp-content\\\/uploads\\\/sites\\\/3\\\/2014\\\/01\\\/carrelage1-225x300.jpg\",\"articleSection\":[\"L'\u00e9tablissement\"],\"inLanguage\":\"fr-FR\",\"potentialAction\":[{\"@type\":\"CommentAction\",\"name\":\"Comment\",\"target\":[\"https:\\\/\\\/www.pep06.fr\\\/ader\\\/2014\\\/01\\\/27\\\/carrelage\\\/#respond\"]}]},{\"@type\":\"WebPage\",\"@id\":\"https:\\\/\\\/www.pep06.fr\\\/ader\\\/2014\\\/01\\\/27\\\/carrelage\\\/\",\"url\":\"https:\\\/\\\/www.pep06.fr\\\/ader\\\/2014\\\/01\\\/27\\\/carrelage\\\/\",\"name\":\"Carrelage - IES Cl\u00e9ment Ader\",\"isPartOf\":{\"@id\":\"https:\\\/\\\/www.pep06.fr\\\/ader\\\/#website\"},\"primaryImageOfPage\":{\"@id\":\"https:\\\/\\\/www.pep06.fr\\\/ader\\\/2014\\\/01\\\/27\\\/carrelage\\\/#primaryimage\"},\"image\":{\"@id\":\"https:\\\/\\\/www.pep06.fr\\\/ader\\\/2014\\\/01\\\/27\\\/carrelage\\\/#primaryimage\"},\"thumbnailUrl\":\"http:\\\/\\\/www.pep06.fr\\\/ader\\\/wp-content\\\/uploads\\\/sites\\\/3\\\/2014\\\/01\\\/carrelage1-225x300.jpg\",\"datePublished\":\"2014-01-27T09:20:06+00:00\",\"description\":\"L\u2019institut d\u2019\u00e9ducation sensorielle Cl\u00e9ment Ader PEP06 accueille un public \u00e2g\u00e9 de 6 \u00e0 20 ans pr\u00e9sentant une d\u00e9ficience visuelle et\\\/ou auditive\",\"breadcrumb\":{\"@id\":\"https:\\\/\\\/www.pep06.fr\\\/ader\\\/2014\\\/01\\\/27\\\/carrelage\\\/#breadcrumb\"},\"inLanguage\":\"fr-FR\",\"potentialAction\":[{\"@type\":\"ReadAction\",\"target\":[\"https:\\\/\\\/www.pep06.fr\\\/ader\\\/2014\\\/01\\\/27\\\/carrelage\\\/\"]}]},{\"@type\":\"ImageObject\",\"inLanguage\":\"fr-FR\",\"@id\":\"https:\\\/\\\/www.pep06.fr\\\/ader\\\/2014\\\/01\\\/27\\\/carrelage\\\/#primaryimage\",\"url\":\"https:\\\/\\\/www.pep06.fr\\\/ader\\\/wp-content\\\/uploads\\\/sites\\\/3\\\/2014\\\/01\\\/carrelage1.jpg\",\"contentUrl\":\"https:\\\/\\\/www.pep06.fr\\\/ader\\\/wp-content\\\/uploads\\\/sites\\\/3\\\/2014\\\/01\\\/carrelage1.jpg\",\"width\":490,\"height\":653},{\"@type\":\"BreadcrumbList\",\"@id\":\"https:\\\/\\\/www.pep06.fr\\\/ader\\\/2014\\\/01\\\/27\\\/carrelage\\\/#breadcrumb\",\"itemListElement\":[{\"@type\":\"ListItem\",\"position\":1,\"name\":\"Accueil\",\"item\":\"https:\\\/\\\/www.pep06.fr\\\/ader\\\/\"},{\"@type\":\"ListItem\",\"position\":2,\"name\":\"Carrelage\"}]},{\"@type\":\"WebSite\",\"@id\":\"https:\\\/\\\/www.pep06.fr\\\/ader\\\/#website\",\"url\":\"https:\\\/\\\/www.pep06.fr\\\/ader\\\/\",\"name\":\"IES Cl\u00e9ment Ader\",\"description\":\"Le site de l&#039;IES Cl\u00e9ment Ader des PEP 06\",\"publisher\":{\"@id\":\"https:\\\/\\\/www.pep06.fr\\\/ader\\\/#organization\"},\"potentialAction\":[{\"@type\":\"SearchAction\",\"target\":{\"@type\":\"EntryPoint\",\"urlTemplate\":\"https:\\\/\\\/www.pep06.fr\\\/ader\\\/?s={search_term_string}\"},\"query-input\":{\"@type\":\"PropertyValueSpecification\",\"valueRequired\":true,\"valueName\":\"search_term_string\"}}],\"inLanguage\":\"fr-FR\"},{\"@type\":\"Organization\",\"@id\":\"https:\\\/\\\/www.pep06.fr\\\/ader\\\/#organization\",\"name\":\"PEP 06\",\"url\":\"https:\\\/\\\/www.pep06.fr\\\/ader\\\/\",\"logo\":{\"@type\":\"ImageObject\",\"inLanguage\":\"fr-FR\",\"@id\":\"https:\\\/\\\/www.pep06.fr\\\/ader\\\/#\\\/schema\\\/logo\\\/image\\\/\",\"url\":\"https:\\\/\\\/www.pep06.fr\\\/ader\\\/wp-content\\\/uploads\\\/sites\\\/3\\\/2015\\\/11\\\/Logo-PEP06.png\",\"contentUrl\":\"https:\\\/\\\/www.pep06.fr\\\/ader\\\/wp-content\\\/uploads\\\/sites\\\/3\\\/2015\\\/11\\\/Logo-PEP06.png\",\"width\":915,\"height\":915,\"caption\":\"PEP 06\"},\"image\":{\"@id\":\"https:\\\/\\\/www.pep06.fr\\\/ader\\\/#\\\/schema\\\/logo\\\/image\\\/\"},\"sameAs\":[\"https:\\\/\\\/www.facebook.com\\\/ADPEP06\"]},{\"@type\":\"Person\",\"@id\":\"\",\"url\":\"https:\\\/\\\/www.pep06.fr\\\/ader\\\/author\\\/\"}]}<\/script>\n<!-- \/ Yoast SEO plugin. -->","yoast_head_json":{"title":"Carrelage - IES Cl\u00e9ment Ader","description":"L\u2019institut d\u2019\u00e9ducation sensorielle Cl\u00e9ment Ader PEP06 accueille un public \u00e2g\u00e9 de 6 \u00e0 20 ans pr\u00e9sentant une d\u00e9ficience visuelle et\/ou auditive","robots":{"index":"index","follow":"follow","max-snippet":"max-snippet:-1","max-image-preview":"max-image-preview:large","max-video-preview":"max-video-preview:-1"},"canonical":"https:\/\/www.pep06.fr\/ader\/2014\/01\/27\/carrelage\/","og_locale":"fr_FR","og_type":"article","og_title":"Carrelage - IES Cl\u00e9ment Ader","og_description":"L\u2019institut d\u2019\u00e9ducation sensorielle Cl\u00e9ment Ader PEP06 accueille un public \u00e2g\u00e9 de 6 \u00e0 20 ans pr\u00e9sentant une d\u00e9ficience visuelle et\/ou auditive","og_url":"https:\/\/www.pep06.fr\/ader\/2014\/01\/27\/carrelage\/","og_site_name":"IES Cl\u00e9ment Ader","article_publisher":"https:\/\/www.facebook.com\/ADPEP06","article_published_time":"2014-01-27T09:20:06+00:00","og_image":[{"url":"http:\/\/www.pep06.fr\/ader\/wp-content\/uploads\/sites\/3\/2014\/01\/carrelage1-225x300.jpg","type":"","width":"","height":""}],"twitter_card":"summary_large_image","twitter_misc":{"\u00c9crit par":"","Dur\u00e9e de lecture estim\u00e9e":"1 minute"},"schema":{"@context":"https:\/\/schema.org","@graph":[{"@type":"Article","@id":"https:\/\/www.pep06.fr\/ader\/2014\/01\/27\/carrelage\/#article","isPartOf":{"@id":"https:\/\/www.pep06.fr\/ader\/2014\/01\/27\/carrelage\/"},"author":{"name":"","@id":""},"headline":"Carrelage","datePublished":"2014-01-27T09:20:06+00:00","mainEntityOfPage":{"@id":"https:\/\/www.pep06.fr\/ader\/2014\/01\/27\/carrelage\/"},"wordCount":101,"commentCount":2,"publisher":{"@id":"https:\/\/www.pep06.fr\/ader\/#organization"},"image":{"@id":"https:\/\/www.pep06.fr\/ader\/2014\/01\/27\/carrelage\/#primaryimage"},"thumbnailUrl":"http:\/\/www.pep06.fr\/ader\/wp-content\/uploads\/sites\/3\/2014\/01\/carrelage1-225x300.jpg","articleSection":["L'\u00e9tablissement"],"inLanguage":"fr-FR","potentialAction":[{"@type":"CommentAction","name":"Comment","target":["https:\/\/www.pep06.fr\/ader\/2014\/01\/27\/carrelage\/#respond"]}]},{"@type":"WebPage","@id":"https:\/\/www.pep06.fr\/ader\/2014\/01\/27\/carrelage\/","url":"https:\/\/www.pep06.fr\/ader\/2014\/01\/27\/carrelage\/","name":"Carrelage - IES Cl\u00e9ment Ader","isPartOf":{"@id":"https:\/\/www.pep06.fr\/ader\/#website"},"primaryImageOfPage":{"@id":"https:\/\/www.pep06.fr\/ader\/2014\/01\/27\/carrelage\/#primaryimage"},"image":{"@id":"https:\/\/www.pep06.fr\/ader\/2014\/01\/27\/carrelage\/#primaryimage"},"thumbnailUrl":"http:\/\/www.pep06.fr\/ader\/wp-content\/uploads\/sites\/3\/2014\/01\/carrelage1-225x300.jpg","datePublished":"2014-01-27T09:20:06+00:00","description":"L\u2019institut d\u2019\u00e9ducation sensorielle Cl\u00e9ment Ader PEP06 accueille un public \u00e2g\u00e9 de 6 \u00e0 20 ans pr\u00e9sentant une d\u00e9ficience visuelle et\/ou auditive","breadcrumb":{"@id":"https:\/\/www.pep06.fr\/ader\/2014\/01\/27\/carrelage\/#breadcrumb"},"inLanguage":"fr-FR","potentialAction":[{"@type":"ReadAction","target":["https:\/\/www.pep06.fr\/ader\/2014\/01\/27\/carrelage\/"]}]},{"@type":"ImageObject","inLanguage":"fr-FR","@id":"https:\/\/www.pep06.fr\/ader\/2014\/01\/27\/carrelage\/#primaryimage","url":"https:\/\/www.pep06.fr\/ader\/wp-content\/uploads\/sites\/3\/2014\/01\/carrelage1.jpg","contentUrl":"https:\/\/www.pep06.fr\/ader\/wp-content\/uploads\/sites\/3\/2014\/01\/carrelage1.jpg","width":490,"height":653},{"@type":"BreadcrumbList","@id":"https:\/\/www.pep06.fr\/ader\/2014\/01\/27\/carrelage\/#breadcrumb","itemListElement":[{"@type":"ListItem","position":1,"name":"Accueil","item":"https:\/\/www.pep06.fr\/ader\/"},{"@type":"ListItem","position":2,"name":"Carrelage"}]},{"@type":"WebSite","@id":"https:\/\/www.pep06.fr\/ader\/#website","url":"https:\/\/www.pep06.fr\/ader\/","name":"IES Cl\u00e9ment Ader","description":"Le site de l&#039;IES Cl\u00e9ment Ader des PEP 06","publisher":{"@id":"https:\/\/www.pep06.fr\/ader\/#organization"},"potentialAction":[{"@type":"SearchAction","target":{"@type":"EntryPoint","urlTemplate":"https:\/\/www.pep06.fr\/ader\/?s={search_term_string}"},"query-input":{"@type":"PropertyValueSpecification","valueRequired":true,"valueName":"search_term_string"}}],"inLanguage":"fr-FR"},{"@type":"Organization","@id":"https:\/\/www.pep06.fr\/ader\/#organization","name":"PEP 06","url":"https:\/\/www.pep06.fr\/ader\/","logo":{"@type":"ImageObject","inLanguage":"fr-FR","@id":"https:\/\/www.pep06.fr\/ader\/#\/schema\/logo\/image\/","url":"https:\/\/www.pep06.fr\/ader\/wp-content\/uploads\/sites\/3\/2015\/11\/Logo-PEP06.png","contentUrl":"https:\/\/www.pep06.fr\/ader\/wp-content\/uploads\/sites\/3\/2015\/11\/Logo-PEP06.png","width":915,"height":915,"caption":"PEP 06"},"image":{"@id":"https:\/\/www.pep06.fr\/ader\/#\/schema\/logo\/image\/"},"sameAs":["https:\/\/www.facebook.com\/ADPEP06"]},{"@type":"Person","@id":"","url":"https:\/\/www.pep06.fr\/ader\/author\/"}]}},"jetpack_publicize_connections":[],"jetpack_featured_media_url":"","jetpack_sharing_enabled":true,"jetpack_shortlink":"https:\/\/wp.me\/p6ZrSJ-2Q","_links":{"self":[{"href":"https:\/\/www.pep06.fr\/ader\/wp-json\/wp\/v2\/posts\/176","targetHints":{"allow":["GET"]}}],"collection":[{"href":"https:\/\/www.pep06.fr\/ader\/wp-json\/wp\/v2\/posts"}],"about":[{"href":"https:\/\/www.pep06.fr\/ader\/wp-json\/wp\/v2\/types\/post"}],"author":[{"embeddable":true,"href":"https:\/\/www.pep06.fr\/ader\/wp-json\/wp\/v2\/users\/4"}],"replies":[{"embeddable":true,"href":"https:\/\/www.pep06.fr\/ader\/wp-json\/wp\/v2\/comments?post=176"}],"version-history":[{"count":0,"href":"https:\/\/www.pep06.fr\/ader\/wp-json\/wp\/v2\/posts\/176\/revisions"}],"wp:attachment":[{"href":"https:\/\/www.pep06.fr\/ader\/wp-json\/wp\/v2\/media?parent=176"}],"wp:term":[{"taxonomy":"category","embeddable":true,"href":"https:\/\/www.pep06.fr\/ader\/wp-json\/wp\/v2\/categories?post=176"},{"taxonomy":"post_tag","embeddable":true,"href":"https:\/\/www.pep06.fr\/ader\/wp-json\/wp\/v2\/tags?post=176"}],"curies":[{"name":"wp","href":"https:\/\/api.w.org\/{rel}","templated":true}]}}