{"id":198,"date":"2014-03-17T10:04:34","date_gmt":"2014-03-17T09:04:34","guid":{"rendered":"http:\/\/blogs.pep06.fr\/ader\/?p=198"},"modified":"2015-11-27T12:15:44","modified_gmt":"2015-11-27T11:15:44","slug":"travaux","status":"publish","type":"post","link":"https:\/\/www.pep06.fr\/ader\/2014\/03\/17\/travaux\/","title":{"rendered":"Travaux"},"content":{"rendered":"<p>Lundi 10 mars 2014<\/p>\n<p>Avant les vacances, nous avons fini le carrelage du couloir. Les plinthes sont coll\u00e9es et les joints faits. Bravo \u00e0 Abdoula, Anthony, Marvin,\u00a0 S\u00e9bastien, et Vincent et aussi aux \u00e9l\u00e8ves du CFB d\u2019Antibes et \u00e0 leur professeur.<\/p>\n<p>&nbsp;<\/p>\n<p><a href=\"http:\/\/www.pep06.fr\/ader\/wp-content\/uploads\/sites\/3\/2014\/03\/DSC_0536.jpg\"><img loading=\"lazy\" decoding=\"async\" data-attachment-id=\"199\" data-permalink=\"https:\/\/www.pep06.fr\/ader\/2014\/03\/17\/travaux\/dsc_0536\/#main\" data-orig-file=\"https:\/\/www.pep06.fr\/ader\/wp-content\/uploads\/sites\/3\/2014\/03\/DSC_0536.jpg\" data-orig-size=\"1440,2560\" data-comments-opened=\"1\" data-image-meta=\"{&quot;aperture&quot;:&quot;2.6&quot;,&quot;credit&quot;:&quot;&quot;,&quot;camera&quot;:&quot;ST25i&quot;,&quot;caption&quot;:&quot;&quot;,&quot;created_timestamp&quot;:&quot;1394444602&quot;,&quot;copyright&quot;:&quot;&quot;,&quot;focal_length&quot;:&quot;3.59&quot;,&quot;iso&quot;:&quot;250&quot;,&quot;shutter_speed&quot;:&quot;0.11111111111111&quot;,&quot;title&quot;:&quot;&quot;,&quot;orientation&quot;:&quot;1&quot;}\" data-image-title=\"DSC_0536\" data-image-description=\"\" data-image-caption=\"\" data-large-file=\"https:\/\/www.pep06.fr\/ader\/wp-content\/uploads\/sites\/3\/2014\/03\/DSC_0536-576x1024.jpg\" class=\"aligncenter size-medium wp-image-199\" src=\"http:\/\/www.pep06.fr\/ader\/wp-content\/uploads\/sites\/3\/2014\/03\/DSC_0536-169x300.jpg\" alt=\"DSC_0536\" width=\"169\" height=\"300\" srcset=\"https:\/\/www.pep06.fr\/ader\/wp-content\/uploads\/sites\/3\/2014\/03\/DSC_0536-169x300.jpg 169w, https:\/\/www.pep06.fr\/ader\/wp-content\/uploads\/sites\/3\/2014\/03\/DSC_0536-576x1024.jpg 576w, https:\/\/www.pep06.fr\/ader\/wp-content\/uploads\/sites\/3\/2014\/03\/DSC_0536.jpg 1440w\" sizes=\"auto, (max-width: 169px) 100vw, 169px\" \/><\/a><\/p>\n<p>Nous sommes surpris\u00a0! Pendant les vacances, Il y a eu des travaux. Le chemin de la salle d\u2019Alex est bien plat en b\u00e9ton. Les escaliers sont repeints et ne glissent pas.<\/p>\n\n\t\t<style type=\"text\/css\">\n\t\t\t#gallery-1 {\n\t\t\t\tmargin: auto;\n\t\t\t}\n\t\t\t#gallery-1 .gallery-item {\n\t\t\t\tfloat: left;\n\t\t\t\tmargin-top: 10px;\n\t\t\t\ttext-align: center;\n\t\t\t\twidth: 50%;\n\t\t\t}\n\t\t\t#gallery-1 img {\n\t\t\t\tborder: 2px solid #cfcfcf;\n\t\t\t}\n\t\t\t#gallery-1 .gallery-caption {\n\t\t\t\tmargin-left: 0;\n\t\t\t}\n\t\t\t\/* see gallery_shortcode() in wp-includes\/media.php *\/\n\t\t<\/style>\n\t\t<div data-carousel-extra='{&quot;blog_id&quot;:3,&quot;permalink&quot;:&quot;https:\/\/www.pep06.fr\/ader\/2014\/03\/17\/travaux\/&quot;}' id='gallery-1' class='gallery galleryid-198 gallery-columns-2 gallery-size-thumbnail'><dl class='gallery-item'>\n\t\t\t<dt class='gallery-icon portrait'>\n\t\t\t\t<a href='https:\/\/www.pep06.fr\/ader\/2014\/03\/17\/travaux\/dsc_0538\/#main'><img loading=\"lazy\" decoding=\"async\" width=\"150\" height=\"150\" src=\"https:\/\/www.pep06.fr\/ader\/wp-content\/uploads\/sites\/3\/2014\/03\/DSC_0538-150x150.jpg\" class=\"attachment-thumbnail size-thumbnail\" alt=\"\" data-attachment-id=\"200\" data-permalink=\"https:\/\/www.pep06.fr\/ader\/2014\/03\/17\/travaux\/dsc_0538\/#main\" data-orig-file=\"https:\/\/www.pep06.fr\/ader\/wp-content\/uploads\/sites\/3\/2014\/03\/DSC_0538.jpg\" data-orig-size=\"1440,2560\" data-comments-opened=\"1\" data-image-meta=\"{&quot;aperture&quot;:&quot;2.6&quot;,&quot;credit&quot;:&quot;&quot;,&quot;camera&quot;:&quot;ST25i&quot;,&quot;caption&quot;:&quot;&quot;,&quot;created_timestamp&quot;:&quot;1394444720&quot;,&quot;copyright&quot;:&quot;&quot;,&quot;focal_length&quot;:&quot;3.59&quot;,&quot;iso&quot;:&quot;100&quot;,&quot;shutter_speed&quot;:&quot;0.008&quot;,&quot;title&quot;:&quot;&quot;,&quot;orientation&quot;:&quot;1&quot;}\" data-image-title=\"DSC_0538\" data-image-description=\"\" data-image-caption=\"\" data-large-file=\"https:\/\/www.pep06.fr\/ader\/wp-content\/uploads\/sites\/3\/2014\/03\/DSC_0538-576x1024.jpg\" \/><\/a>\n\t\t\t<\/dt><\/dl><dl class='gallery-item'>\n\t\t\t<dt class='gallery-icon portrait'>\n\t\t\t\t<a href='https:\/\/www.pep06.fr\/ader\/2014\/03\/17\/travaux\/dsc_0539\/#main'><img loading=\"lazy\" decoding=\"async\" width=\"150\" height=\"150\" src=\"https:\/\/www.pep06.fr\/ader\/wp-content\/uploads\/sites\/3\/2014\/03\/DSC_0539-150x150.jpg\" class=\"attachment-thumbnail size-thumbnail\" alt=\"\" data-attachment-id=\"201\" data-permalink=\"https:\/\/www.pep06.fr\/ader\/2014\/03\/17\/travaux\/dsc_0539\/#main\" data-orig-file=\"https:\/\/www.pep06.fr\/ader\/wp-content\/uploads\/sites\/3\/2014\/03\/DSC_0539.jpg\" data-orig-size=\"1440,2560\" data-comments-opened=\"1\" data-image-meta=\"{&quot;aperture&quot;:&quot;2.6&quot;,&quot;credit&quot;:&quot;&quot;,&quot;camera&quot;:&quot;ST25i&quot;,&quot;caption&quot;:&quot;&quot;,&quot;created_timestamp&quot;:&quot;1394444848&quot;,&quot;copyright&quot;:&quot;&quot;,&quot;focal_length&quot;:&quot;3.59&quot;,&quot;iso&quot;:&quot;125&quot;,&quot;shutter_speed&quot;:&quot;0.041666666666667&quot;,&quot;title&quot;:&quot;&quot;,&quot;orientation&quot;:&quot;1&quot;}\" data-image-title=\"DSC_0539\" data-image-description=\"\" data-image-caption=\"\" data-large-file=\"https:\/\/www.pep06.fr\/ader\/wp-content\/uploads\/sites\/3\/2014\/03\/DSC_0539-576x1024.jpg\" \/><\/a>\n\t\t\t<\/dt><\/dl><br style=\"clear: both\" \/>\n\t\t<\/div>\n\n<p>Baptiste, Marvin et Walid<\/p>\n","protected":false},"excerpt":{"rendered":"<p>Lundi 10 mars 2014 Avant les vacances, nous avons fini le carrelage du couloir. Les plinthes sont coll\u00e9es et les joints faits. Bravo \u00e0 Abdoula, Anthony, Marvin,\u00a0 S\u00e9bastien, et Vincent et aussi aux \u00e9l\u00e8ves du CFB d\u2019Antibes et \u00e0 leur professeur. &nbsp; Nous sommes surpris\u00a0! Pendant les vacances, Il y a eu des travaux. Le&#8230;<\/p>\n<p><a href=\"https:\/\/www.pep06.fr\/ader\/2014\/03\/17\/travaux\/\"><span class=\"glyphicon glyphicon-arrow-right\"><\/span>&nbsp;Poursuivre la lecture<\/a><\/p>","protected":false},"author":4,"featured_media":0,"comment_status":"open","ping_status":"open","sticky":false,"template":"","format":"standard","meta":{"_uf_show_specific_survey":0,"_uf_disable_surveys":false,"jetpack_post_was_ever_published":false,"_jetpack_newsletter_access":"","_jetpack_dont_email_post_to_subs":false,"_jetpack_newsletter_tier_id":0,"_jetpack_memberships_contains_paywalled_content":false,"_jetpack_memberships_contains_paid_content":false,"footnotes":"","jetpack_publicize_message":"","jetpack_publicize_feature_enabled":true,"jetpack_social_post_already_shared":true,"jetpack_social_options":{"image_generator_settings":{"template":"highway","default_image_id":0,"font":"","enabled":false},"version":2}},"categories":[5],"tags":[],"class_list":["post-198","post","type-post","status-publish","format-standard","hentry","category-etablissement"],"yoast_head":"<!-- This site is optimized with the Yoast SEO plugin v27.5 - https:\/\/yoast.com\/product\/yoast-seo-wordpress\/ -->\n<title>Travaux - IES Cl\u00e9ment Ader<\/title>\n<meta name=\"description\" content=\"L\u2019institut d\u2019\u00e9ducation sensorielle Cl\u00e9ment Ader PEP06 accueille un public \u00e2g\u00e9 de 6 \u00e0 20 ans pr\u00e9sentant une d\u00e9ficience visuelle et\/ou auditive\" \/>\n<meta name=\"robots\" content=\"index, follow, max-snippet:-1, max-image-preview:large, max-video-preview:-1\" \/>\n<link rel=\"canonical\" href=\"https:\/\/www.pep06.fr\/ader\/2014\/03\/17\/travaux\/\" \/>\n<meta property=\"og:locale\" content=\"fr_FR\" \/>\n<meta property=\"og:type\" content=\"article\" \/>\n<meta property=\"og:title\" content=\"Travaux - IES Cl\u00e9ment Ader\" \/>\n<meta property=\"og:description\" content=\"L\u2019institut d\u2019\u00e9ducation sensorielle Cl\u00e9ment Ader PEP06 accueille un public \u00e2g\u00e9 de 6 \u00e0 20 ans pr\u00e9sentant une d\u00e9ficience visuelle et\/ou auditive\" \/>\n<meta property=\"og:url\" content=\"https:\/\/www.pep06.fr\/ader\/2014\/03\/17\/travaux\/\" \/>\n<meta property=\"og:site_name\" content=\"IES Cl\u00e9ment Ader\" \/>\n<meta property=\"article:publisher\" content=\"https:\/\/www.facebook.com\/ADPEP06\" \/>\n<meta property=\"article:published_time\" content=\"2014-03-17T09:04:34+00:00\" \/>\n<meta property=\"article:modified_time\" content=\"2015-11-27T11:15:44+00:00\" \/>\n<meta property=\"og:image\" content=\"https:\/\/www.pep06.fr\/ader\/wp-content\/uploads\/sites\/3\/2014\/03\/DSC_0538-150x150.jpg\" \/>\n<meta name=\"twitter:card\" content=\"summary_large_image\" \/>\n<meta name=\"twitter:label1\" content=\"\u00c9crit par\" \/>\n\t<meta name=\"twitter:data1\" content=\"\" \/>\n<script type=\"application\/ld+json\" class=\"yoast-schema-graph\">{\"@context\":\"https:\\\/\\\/schema.org\",\"@graph\":[{\"@type\":\"Article\",\"@id\":\"https:\\\/\\\/www.pep06.fr\\\/ader\\\/2014\\\/03\\\/17\\\/travaux\\\/#article\",\"isPartOf\":{\"@id\":\"https:\\\/\\\/www.pep06.fr\\\/ader\\\/2014\\\/03\\\/17\\\/travaux\\\/\"},\"author\":{\"name\":\"\",\"@id\":\"\"},\"headline\":\"Travaux\",\"datePublished\":\"2014-03-17T09:04:34+00:00\",\"dateModified\":\"2015-11-27T11:15:44+00:00\",\"mainEntityOfPage\":{\"@id\":\"https:\\\/\\\/www.pep06.fr\\\/ader\\\/2014\\\/03\\\/17\\\/travaux\\\/\"},\"wordCount\":83,\"commentCount\":0,\"publisher\":{\"@id\":\"https:\\\/\\\/www.pep06.fr\\\/ader\\\/#organization\"},\"image\":{\"@id\":\"https:\\\/\\\/www.pep06.fr\\\/ader\\\/2014\\\/03\\\/17\\\/travaux\\\/#primaryimage\"},\"thumbnailUrl\":\"http:\\\/\\\/www.pep06.fr\\\/ader\\\/wp-content\\\/uploads\\\/sites\\\/3\\\/2014\\\/03\\\/DSC_0536-169x300.jpg\",\"articleSection\":[\"L'\u00e9tablissement\"],\"inLanguage\":\"fr-FR\",\"potentialAction\":[{\"@type\":\"CommentAction\",\"name\":\"Comment\",\"target\":[\"https:\\\/\\\/www.pep06.fr\\\/ader\\\/2014\\\/03\\\/17\\\/travaux\\\/#respond\"]}]},{\"@type\":\"WebPage\",\"@id\":\"https:\\\/\\\/www.pep06.fr\\\/ader\\\/2014\\\/03\\\/17\\\/travaux\\\/\",\"url\":\"https:\\\/\\\/www.pep06.fr\\\/ader\\\/2014\\\/03\\\/17\\\/travaux\\\/\",\"name\":\"Travaux - IES Cl\u00e9ment Ader\",\"isPartOf\":{\"@id\":\"https:\\\/\\\/www.pep06.fr\\\/ader\\\/#website\"},\"primaryImageOfPage\":{\"@id\":\"https:\\\/\\\/www.pep06.fr\\\/ader\\\/2014\\\/03\\\/17\\\/travaux\\\/#primaryimage\"},\"image\":{\"@id\":\"https:\\\/\\\/www.pep06.fr\\\/ader\\\/2014\\\/03\\\/17\\\/travaux\\\/#primaryimage\"},\"thumbnailUrl\":\"http:\\\/\\\/www.pep06.fr\\\/ader\\\/wp-content\\\/uploads\\\/sites\\\/3\\\/2014\\\/03\\\/DSC_0536-169x300.jpg\",\"datePublished\":\"2014-03-17T09:04:34+00:00\",\"dateModified\":\"2015-11-27T11:15:44+00:00\",\"description\":\"L\u2019institut d\u2019\u00e9ducation sensorielle Cl\u00e9ment Ader PEP06 accueille un public \u00e2g\u00e9 de 6 \u00e0 20 ans pr\u00e9sentant une d\u00e9ficience visuelle et\\\/ou auditive\",\"breadcrumb\":{\"@id\":\"https:\\\/\\\/www.pep06.fr\\\/ader\\\/2014\\\/03\\\/17\\\/travaux\\\/#breadcrumb\"},\"inLanguage\":\"fr-FR\",\"potentialAction\":[{\"@type\":\"ReadAction\",\"target\":[\"https:\\\/\\\/www.pep06.fr\\\/ader\\\/2014\\\/03\\\/17\\\/travaux\\\/\"]}]},{\"@type\":\"ImageObject\",\"inLanguage\":\"fr-FR\",\"@id\":\"https:\\\/\\\/www.pep06.fr\\\/ader\\\/2014\\\/03\\\/17\\\/travaux\\\/#primaryimage\",\"url\":\"https:\\\/\\\/www.pep06.fr\\\/ader\\\/wp-content\\\/uploads\\\/sites\\\/3\\\/2014\\\/03\\\/DSC_0536.jpg\",\"contentUrl\":\"https:\\\/\\\/www.pep06.fr\\\/ader\\\/wp-content\\\/uploads\\\/sites\\\/3\\\/2014\\\/03\\\/DSC_0536.jpg\",\"width\":1440,\"height\":2560},{\"@type\":\"BreadcrumbList\",\"@id\":\"https:\\\/\\\/www.pep06.fr\\\/ader\\\/2014\\\/03\\\/17\\\/travaux\\\/#breadcrumb\",\"itemListElement\":[{\"@type\":\"ListItem\",\"position\":1,\"name\":\"Accueil\",\"item\":\"https:\\\/\\\/www.pep06.fr\\\/ader\\\/\"},{\"@type\":\"ListItem\",\"position\":2,\"name\":\"Travaux\"}]},{\"@type\":\"WebSite\",\"@id\":\"https:\\\/\\\/www.pep06.fr\\\/ader\\\/#website\",\"url\":\"https:\\\/\\\/www.pep06.fr\\\/ader\\\/\",\"name\":\"IES Cl\u00e9ment Ader\",\"description\":\"Le site de l&#039;IES Cl\u00e9ment Ader des PEP 06\",\"publisher\":{\"@id\":\"https:\\\/\\\/www.pep06.fr\\\/ader\\\/#organization\"},\"potentialAction\":[{\"@type\":\"SearchAction\",\"target\":{\"@type\":\"EntryPoint\",\"urlTemplate\":\"https:\\\/\\\/www.pep06.fr\\\/ader\\\/?s={search_term_string}\"},\"query-input\":{\"@type\":\"PropertyValueSpecification\",\"valueRequired\":true,\"valueName\":\"search_term_string\"}}],\"inLanguage\":\"fr-FR\"},{\"@type\":\"Organization\",\"@id\":\"https:\\\/\\\/www.pep06.fr\\\/ader\\\/#organization\",\"name\":\"PEP 06\",\"url\":\"https:\\\/\\\/www.pep06.fr\\\/ader\\\/\",\"logo\":{\"@type\":\"ImageObject\",\"inLanguage\":\"fr-FR\",\"@id\":\"https:\\\/\\\/www.pep06.fr\\\/ader\\\/#\\\/schema\\\/logo\\\/image\\\/\",\"url\":\"https:\\\/\\\/www.pep06.fr\\\/ader\\\/wp-content\\\/uploads\\\/sites\\\/3\\\/2015\\\/11\\\/Logo-PEP06.png\",\"contentUrl\":\"https:\\\/\\\/www.pep06.fr\\\/ader\\\/wp-content\\\/uploads\\\/sites\\\/3\\\/2015\\\/11\\\/Logo-PEP06.png\",\"width\":915,\"height\":915,\"caption\":\"PEP 06\"},\"image\":{\"@id\":\"https:\\\/\\\/www.pep06.fr\\\/ader\\\/#\\\/schema\\\/logo\\\/image\\\/\"},\"sameAs\":[\"https:\\\/\\\/www.facebook.com\\\/ADPEP06\"]},{\"@type\":\"Person\",\"@id\":\"\",\"url\":\"https:\\\/\\\/www.pep06.fr\\\/ader\\\/author\\\/\"}]}<\/script>\n<!-- \/ Yoast SEO plugin. -->","yoast_head_json":{"title":"Travaux - IES Cl\u00e9ment Ader","description":"L\u2019institut d\u2019\u00e9ducation sensorielle Cl\u00e9ment Ader PEP06 accueille un public \u00e2g\u00e9 de 6 \u00e0 20 ans pr\u00e9sentant une d\u00e9ficience visuelle et\/ou auditive","robots":{"index":"index","follow":"follow","max-snippet":"max-snippet:-1","max-image-preview":"max-image-preview:large","max-video-preview":"max-video-preview:-1"},"canonical":"https:\/\/www.pep06.fr\/ader\/2014\/03\/17\/travaux\/","og_locale":"fr_FR","og_type":"article","og_title":"Travaux - IES Cl\u00e9ment Ader","og_description":"L\u2019institut d\u2019\u00e9ducation sensorielle Cl\u00e9ment Ader PEP06 accueille un public \u00e2g\u00e9 de 6 \u00e0 20 ans pr\u00e9sentant une d\u00e9ficience visuelle et\/ou auditive","og_url":"https:\/\/www.pep06.fr\/ader\/2014\/03\/17\/travaux\/","og_site_name":"IES Cl\u00e9ment Ader","article_publisher":"https:\/\/www.facebook.com\/ADPEP06","article_published_time":"2014-03-17T09:04:34+00:00","article_modified_time":"2015-11-27T11:15:44+00:00","og_image":[{"url":"https:\/\/www.pep06.fr\/ader\/wp-content\/uploads\/sites\/3\/2014\/03\/DSC_0538-150x150.jpg","type":"","width":"","height":""}],"twitter_card":"summary_large_image","twitter_misc":{"\u00c9crit par":""},"schema":{"@context":"https:\/\/schema.org","@graph":[{"@type":"Article","@id":"https:\/\/www.pep06.fr\/ader\/2014\/03\/17\/travaux\/#article","isPartOf":{"@id":"https:\/\/www.pep06.fr\/ader\/2014\/03\/17\/travaux\/"},"author":{"name":"","@id":""},"headline":"Travaux","datePublished":"2014-03-17T09:04:34+00:00","dateModified":"2015-11-27T11:15:44+00:00","mainEntityOfPage":{"@id":"https:\/\/www.pep06.fr\/ader\/2014\/03\/17\/travaux\/"},"wordCount":83,"commentCount":0,"publisher":{"@id":"https:\/\/www.pep06.fr\/ader\/#organization"},"image":{"@id":"https:\/\/www.pep06.fr\/ader\/2014\/03\/17\/travaux\/#primaryimage"},"thumbnailUrl":"http:\/\/www.pep06.fr\/ader\/wp-content\/uploads\/sites\/3\/2014\/03\/DSC_0536-169x300.jpg","articleSection":["L'\u00e9tablissement"],"inLanguage":"fr-FR","potentialAction":[{"@type":"CommentAction","name":"Comment","target":["https:\/\/www.pep06.fr\/ader\/2014\/03\/17\/travaux\/#respond"]}]},{"@type":"WebPage","@id":"https:\/\/www.pep06.fr\/ader\/2014\/03\/17\/travaux\/","url":"https:\/\/www.pep06.fr\/ader\/2014\/03\/17\/travaux\/","name":"Travaux - IES Cl\u00e9ment Ader","isPartOf":{"@id":"https:\/\/www.pep06.fr\/ader\/#website"},"primaryImageOfPage":{"@id":"https:\/\/www.pep06.fr\/ader\/2014\/03\/17\/travaux\/#primaryimage"},"image":{"@id":"https:\/\/www.pep06.fr\/ader\/2014\/03\/17\/travaux\/#primaryimage"},"thumbnailUrl":"http:\/\/www.pep06.fr\/ader\/wp-content\/uploads\/sites\/3\/2014\/03\/DSC_0536-169x300.jpg","datePublished":"2014-03-17T09:04:34+00:00","dateModified":"2015-11-27T11:15:44+00:00","description":"L\u2019institut d\u2019\u00e9ducation sensorielle Cl\u00e9ment Ader PEP06 accueille un public \u00e2g\u00e9 de 6 \u00e0 20 ans pr\u00e9sentant une d\u00e9ficience visuelle et\/ou auditive","breadcrumb":{"@id":"https:\/\/www.pep06.fr\/ader\/2014\/03\/17\/travaux\/#breadcrumb"},"inLanguage":"fr-FR","potentialAction":[{"@type":"ReadAction","target":["https:\/\/www.pep06.fr\/ader\/2014\/03\/17\/travaux\/"]}]},{"@type":"ImageObject","inLanguage":"fr-FR","@id":"https:\/\/www.pep06.fr\/ader\/2014\/03\/17\/travaux\/#primaryimage","url":"https:\/\/www.pep06.fr\/ader\/wp-content\/uploads\/sites\/3\/2014\/03\/DSC_0536.jpg","contentUrl":"https:\/\/www.pep06.fr\/ader\/wp-content\/uploads\/sites\/3\/2014\/03\/DSC_0536.jpg","width":1440,"height":2560},{"@type":"BreadcrumbList","@id":"https:\/\/www.pep06.fr\/ader\/2014\/03\/17\/travaux\/#breadcrumb","itemListElement":[{"@type":"ListItem","position":1,"name":"Accueil","item":"https:\/\/www.pep06.fr\/ader\/"},{"@type":"ListItem","position":2,"name":"Travaux"}]},{"@type":"WebSite","@id":"https:\/\/www.pep06.fr\/ader\/#website","url":"https:\/\/www.pep06.fr\/ader\/","name":"IES Cl\u00e9ment Ader","description":"Le site de l&#039;IES Cl\u00e9ment Ader des PEP 06","publisher":{"@id":"https:\/\/www.pep06.fr\/ader\/#organization"},"potentialAction":[{"@type":"SearchAction","target":{"@type":"EntryPoint","urlTemplate":"https:\/\/www.pep06.fr\/ader\/?s={search_term_string}"},"query-input":{"@type":"PropertyValueSpecification","valueRequired":true,"valueName":"search_term_string"}}],"inLanguage":"fr-FR"},{"@type":"Organization","@id":"https:\/\/www.pep06.fr\/ader\/#organization","name":"PEP 06","url":"https:\/\/www.pep06.fr\/ader\/","logo":{"@type":"ImageObject","inLanguage":"fr-FR","@id":"https:\/\/www.pep06.fr\/ader\/#\/schema\/logo\/image\/","url":"https:\/\/www.pep06.fr\/ader\/wp-content\/uploads\/sites\/3\/2015\/11\/Logo-PEP06.png","contentUrl":"https:\/\/www.pep06.fr\/ader\/wp-content\/uploads\/sites\/3\/2015\/11\/Logo-PEP06.png","width":915,"height":915,"caption":"PEP 06"},"image":{"@id":"https:\/\/www.pep06.fr\/ader\/#\/schema\/logo\/image\/"},"sameAs":["https:\/\/www.facebook.com\/ADPEP06"]},{"@type":"Person","@id":"","url":"https:\/\/www.pep06.fr\/ader\/author\/"}]}},"jetpack_publicize_connections":[],"jetpack_featured_media_url":"","jetpack_sharing_enabled":true,"jetpack_shortlink":"https:\/\/wp.me\/s6ZrSJ-travaux","_links":{"self":[{"href":"https:\/\/www.pep06.fr\/ader\/wp-json\/wp\/v2\/posts\/198","targetHints":{"allow":["GET"]}}],"collection":[{"href":"https:\/\/www.pep06.fr\/ader\/wp-json\/wp\/v2\/posts"}],"about":[{"href":"https:\/\/www.pep06.fr\/ader\/wp-json\/wp\/v2\/types\/post"}],"author":[{"embeddable":true,"href":"https:\/\/www.pep06.fr\/ader\/wp-json\/wp\/v2\/users\/4"}],"replies":[{"embeddable":true,"href":"https:\/\/www.pep06.fr\/ader\/wp-json\/wp\/v2\/comments?post=198"}],"version-history":[{"count":2,"href":"https:\/\/www.pep06.fr\/ader\/wp-json\/wp\/v2\/posts\/198\/revisions"}],"predecessor-version":[{"id":329,"href":"https:\/\/www.pep06.fr\/ader\/wp-json\/wp\/v2\/posts\/198\/revisions\/329"}],"wp:attachment":[{"href":"https:\/\/www.pep06.fr\/ader\/wp-json\/wp\/v2\/media?parent=198"}],"wp:term":[{"taxonomy":"category","embeddable":true,"href":"https:\/\/www.pep06.fr\/ader\/wp-json\/wp\/v2\/categories?post=198"},{"taxonomy":"post_tag","embeddable":true,"href":"https:\/\/www.pep06.fr\/ader\/wp-json\/wp\/v2\/tags?post=198"}],"curies":[{"name":"wp","href":"https:\/\/api.w.org\/{rel}","templated":true}]}}