{"id":226,"date":"2014-06-02T09:23:52","date_gmt":"2014-06-02T08:23:52","guid":{"rendered":"http:\/\/blogs.pep06.fr\/ader\/?p=226"},"modified":"2014-06-02T09:23:52","modified_gmt":"2014-06-02T08:23:52","slug":"festival-sourd-metrage-2014","status":"publish","type":"post","link":"https:\/\/www.pep06.fr\/ader\/2014\/06\/02\/festival-sourd-metrage-2014\/","title":{"rendered":"Festival Sourd-m\u00e9trage 2014"},"content":{"rendered":"<p>Le mardi 13 mai, nous sommes partis \u00e0 Montpellier. Nous \u00e9tions surpris parce qu\u2019il y avait beaucoup de sourds, des gar\u00e7ons et des belles filles. Il y a eu un spectacle de feu, tr\u00e8s bien, et \u00e0 la fin, une grosse explosion nous a effray\u00e9s\u00a0! Il y a eu aussi une d\u00e9monstration d\u2019ombres chinoises, du th\u00e9\u00e2tre, de la danse\u2026<\/p>\n<p><a href=\"http:\/\/www.pep06.fr\/ader\/wp-content\/uploads\/sites\/3\/2014\/06\/DSC02921.jpg\"><img loading=\"lazy\" decoding=\"async\" src=\"http:\/\/www.pep06.fr\/ader\/wp-content\/uploads\/sites\/3\/2014\/06\/DSC02921-300x199.jpg\" alt=\"DSC02921\" width=\"282\" height=\"201\" \/><\/a>\u00a0\u00a0 <a href=\"http:\/\/www.pep06.fr\/ader\/wp-content\/uploads\/sites\/3\/2014\/06\/DSC02968.jpg\"><img loading=\"lazy\" decoding=\"async\" src=\"http:\/\/www.pep06.fr\/ader\/wp-content\/uploads\/sites\/3\/2014\/06\/DSC02968-199x300.jpg\" alt=\"DSC02968\" width=\"129\" height=\"221\" \/><\/a><\/p>\n<p><!--more-->Tous les jours, les films en comp\u00e9tition \u00e9taient projet\u00e9s sur un grand \u00e9cran et \u00e0 la fin, le jeudi 15 mai, nous avons gagn\u00e9 le grand prix du festival\u00a0! La coupe du meilleur film\u00a0! Et nous \u00e9tions tr\u00e8s contents\u00a0!<\/p>\n<p><a href=\"http:\/\/www.pep06.fr\/ader\/wp-content\/uploads\/sites\/3\/2014\/06\/DSC03000.jpg\"><img loading=\"lazy\" decoding=\"async\" src=\"http:\/\/www.pep06.fr\/ader\/wp-content\/uploads\/sites\/3\/2014\/06\/DSC03000-300x199.jpg\" alt=\"DSC03000\" width=\"300\" height=\"199\" \/><\/a><a href=\"http:\/\/www.pep06.fr\/ader\/wp-content\/uploads\/sites\/3\/2014\/06\/DSC03001.jpg\"><img loading=\"lazy\" decoding=\"async\" src=\"http:\/\/www.pep06.fr\/ader\/wp-content\/uploads\/sites\/3\/2014\/06\/DSC03001-300x199.jpg\" alt=\"DSC03001\" width=\"300\" height=\"199\" \/><\/a><\/p>\n<p>Ivann, Walid, Baptiste<\/p>\n","protected":false},"excerpt":{"rendered":"<p>Le mardi 13 mai, nous sommes partis \u00e0 Montpellier. Nous \u00e9tions surpris parce qu\u2019il y avait beaucoup de sourds, des gar\u00e7ons et des belles filles. Il y a eu un spectacle de feu, tr\u00e8s bien, et \u00e0 la fin, une grosse explosion nous a effray\u00e9s\u00a0! Il y a eu aussi une d\u00e9monstration d\u2019ombres chinoises, du&#8230;<\/p>\n<p><a href=\"https:\/\/www.pep06.fr\/ader\/2014\/06\/02\/festival-sourd-metrage-2014\/\"><span class=\"glyphicon glyphicon-arrow-right\"><\/span>&nbsp;Poursuivre la lecture<\/a><\/p>","protected":false},"author":4,"featured_media":0,"comment_status":"open","ping_status":"open","sticky":false,"template":"","format":"standard","meta":{"_uf_show_specific_survey":0,"_uf_disable_surveys":false,"jetpack_post_was_ever_published":false,"_jetpack_newsletter_access":"","_jetpack_dont_email_post_to_subs":false,"_jetpack_newsletter_tier_id":0,"_jetpack_memberships_contains_paywalled_content":false,"_jetpack_memberships_contains_paid_content":false,"footnotes":"","jetpack_publicize_message":"","jetpack_publicize_feature_enabled":true,"jetpack_social_post_already_shared":true,"jetpack_social_options":{"image_generator_settings":{"template":"highway","default_image_id":0,"font":"","enabled":false},"version":2}},"categories":[4],"tags":[],"class_list":["post-226","post","type-post","status-publish","format-standard","hentry","category-evenements"],"yoast_head":"<!-- This site is optimized with the Yoast SEO plugin v27.5 - https:\/\/yoast.com\/product\/yoast-seo-wordpress\/ -->\n<title>Festival Sourd-m\u00e9trage 2014 - IES Cl\u00e9ment Ader<\/title>\n<meta name=\"description\" content=\"L\u2019institut d\u2019\u00e9ducation sensorielle Cl\u00e9ment Ader PEP06 accueille un public \u00e2g\u00e9 de 6 \u00e0 20 ans pr\u00e9sentant une d\u00e9ficience visuelle et\/ou auditive\" \/>\n<meta name=\"robots\" content=\"index, follow, max-snippet:-1, max-image-preview:large, max-video-preview:-1\" \/>\n<link rel=\"canonical\" href=\"https:\/\/www.pep06.fr\/ader\/2014\/06\/02\/festival-sourd-metrage-2014\/\" \/>\n<meta property=\"og:locale\" content=\"fr_FR\" \/>\n<meta property=\"og:type\" content=\"article\" \/>\n<meta property=\"og:title\" content=\"Festival Sourd-m\u00e9trage 2014 - IES Cl\u00e9ment Ader\" \/>\n<meta property=\"og:description\" content=\"L\u2019institut d\u2019\u00e9ducation sensorielle Cl\u00e9ment Ader PEP06 accueille un public \u00e2g\u00e9 de 6 \u00e0 20 ans pr\u00e9sentant une d\u00e9ficience visuelle et\/ou auditive\" \/>\n<meta property=\"og:url\" content=\"https:\/\/www.pep06.fr\/ader\/2014\/06\/02\/festival-sourd-metrage-2014\/\" \/>\n<meta property=\"og:site_name\" content=\"IES Cl\u00e9ment Ader\" \/>\n<meta property=\"article:publisher\" content=\"https:\/\/www.facebook.com\/ADPEP06\" \/>\n<meta property=\"article:published_time\" content=\"2014-06-02T08:23:52+00:00\" \/>\n<meta property=\"og:image\" content=\"http:\/\/www.pep06.fr\/ader\/wp-content\/uploads\/sites\/3\/2014\/06\/DSC02921-300x199.jpg\" \/>\n<meta name=\"twitter:card\" content=\"summary_large_image\" \/>\n<meta name=\"twitter:label1\" content=\"\u00c9crit par\" \/>\n\t<meta name=\"twitter:data1\" content=\"\" \/>\n\t<meta name=\"twitter:label2\" content=\"Dur\u00e9e de lecture estim\u00e9e\" \/>\n\t<meta name=\"twitter:data2\" content=\"1 minute\" \/>\n<script type=\"application\/ld+json\" class=\"yoast-schema-graph\">{\"@context\":\"https:\\\/\\\/schema.org\",\"@graph\":[{\"@type\":\"Article\",\"@id\":\"https:\\\/\\\/www.pep06.fr\\\/ader\\\/2014\\\/06\\\/02\\\/festival-sourd-metrage-2014\\\/#article\",\"isPartOf\":{\"@id\":\"https:\\\/\\\/www.pep06.fr\\\/ader\\\/2014\\\/06\\\/02\\\/festival-sourd-metrage-2014\\\/\"},\"author\":{\"name\":\"\",\"@id\":\"\"},\"headline\":\"Festival Sourd-m\u00e9trage 2014\",\"datePublished\":\"2014-06-02T08:23:52+00:00\",\"mainEntityOfPage\":{\"@id\":\"https:\\\/\\\/www.pep06.fr\\\/ader\\\/2014\\\/06\\\/02\\\/festival-sourd-metrage-2014\\\/\"},\"wordCount\":109,\"commentCount\":1,\"publisher\":{\"@id\":\"https:\\\/\\\/www.pep06.fr\\\/ader\\\/#organization\"},\"image\":{\"@id\":\"https:\\\/\\\/www.pep06.fr\\\/ader\\\/2014\\\/06\\\/02\\\/festival-sourd-metrage-2014\\\/#primaryimage\"},\"thumbnailUrl\":\"http:\\\/\\\/www.pep06.fr\\\/ader\\\/wp-content\\\/uploads\\\/sites\\\/3\\\/2014\\\/06\\\/DSC02921-300x199.jpg\",\"articleSection\":[\"Les \u00e9v\u00e8nements\"],\"inLanguage\":\"fr-FR\",\"potentialAction\":[{\"@type\":\"CommentAction\",\"name\":\"Comment\",\"target\":[\"https:\\\/\\\/www.pep06.fr\\\/ader\\\/2014\\\/06\\\/02\\\/festival-sourd-metrage-2014\\\/#respond\"]}]},{\"@type\":\"WebPage\",\"@id\":\"https:\\\/\\\/www.pep06.fr\\\/ader\\\/2014\\\/06\\\/02\\\/festival-sourd-metrage-2014\\\/\",\"url\":\"https:\\\/\\\/www.pep06.fr\\\/ader\\\/2014\\\/06\\\/02\\\/festival-sourd-metrage-2014\\\/\",\"name\":\"Festival Sourd-m\u00e9trage 2014 - IES Cl\u00e9ment Ader\",\"isPartOf\":{\"@id\":\"https:\\\/\\\/www.pep06.fr\\\/ader\\\/#website\"},\"primaryImageOfPage\":{\"@id\":\"https:\\\/\\\/www.pep06.fr\\\/ader\\\/2014\\\/06\\\/02\\\/festival-sourd-metrage-2014\\\/#primaryimage\"},\"image\":{\"@id\":\"https:\\\/\\\/www.pep06.fr\\\/ader\\\/2014\\\/06\\\/02\\\/festival-sourd-metrage-2014\\\/#primaryimage\"},\"thumbnailUrl\":\"http:\\\/\\\/www.pep06.fr\\\/ader\\\/wp-content\\\/uploads\\\/sites\\\/3\\\/2014\\\/06\\\/DSC02921-300x199.jpg\",\"datePublished\":\"2014-06-02T08:23:52+00:00\",\"description\":\"L\u2019institut d\u2019\u00e9ducation sensorielle Cl\u00e9ment Ader PEP06 accueille un public \u00e2g\u00e9 de 6 \u00e0 20 ans pr\u00e9sentant une d\u00e9ficience visuelle et\\\/ou auditive\",\"breadcrumb\":{\"@id\":\"https:\\\/\\\/www.pep06.fr\\\/ader\\\/2014\\\/06\\\/02\\\/festival-sourd-metrage-2014\\\/#breadcrumb\"},\"inLanguage\":\"fr-FR\",\"potentialAction\":[{\"@type\":\"ReadAction\",\"target\":[\"https:\\\/\\\/www.pep06.fr\\\/ader\\\/2014\\\/06\\\/02\\\/festival-sourd-metrage-2014\\\/\"]}]},{\"@type\":\"ImageObject\",\"inLanguage\":\"fr-FR\",\"@id\":\"https:\\\/\\\/www.pep06.fr\\\/ader\\\/2014\\\/06\\\/02\\\/festival-sourd-metrage-2014\\\/#primaryimage\",\"url\":\"https:\\\/\\\/www.pep06.fr\\\/ader\\\/wp-content\\\/uploads\\\/sites\\\/3\\\/2014\\\/06\\\/DSC02921.jpg\",\"contentUrl\":\"https:\\\/\\\/www.pep06.fr\\\/ader\\\/wp-content\\\/uploads\\\/sites\\\/3\\\/2014\\\/06\\\/DSC02921.jpg\",\"width\":821,\"height\":547},{\"@type\":\"BreadcrumbList\",\"@id\":\"https:\\\/\\\/www.pep06.fr\\\/ader\\\/2014\\\/06\\\/02\\\/festival-sourd-metrage-2014\\\/#breadcrumb\",\"itemListElement\":[{\"@type\":\"ListItem\",\"position\":1,\"name\":\"Accueil\",\"item\":\"https:\\\/\\\/www.pep06.fr\\\/ader\\\/\"},{\"@type\":\"ListItem\",\"position\":2,\"name\":\"Festival Sourd-m\u00e9trage 2014\"}]},{\"@type\":\"WebSite\",\"@id\":\"https:\\\/\\\/www.pep06.fr\\\/ader\\\/#website\",\"url\":\"https:\\\/\\\/www.pep06.fr\\\/ader\\\/\",\"name\":\"IES Cl\u00e9ment Ader\",\"description\":\"Le site de l&#039;IES Cl\u00e9ment Ader des PEP 06\",\"publisher\":{\"@id\":\"https:\\\/\\\/www.pep06.fr\\\/ader\\\/#organization\"},\"potentialAction\":[{\"@type\":\"SearchAction\",\"target\":{\"@type\":\"EntryPoint\",\"urlTemplate\":\"https:\\\/\\\/www.pep06.fr\\\/ader\\\/?s={search_term_string}\"},\"query-input\":{\"@type\":\"PropertyValueSpecification\",\"valueRequired\":true,\"valueName\":\"search_term_string\"}}],\"inLanguage\":\"fr-FR\"},{\"@type\":\"Organization\",\"@id\":\"https:\\\/\\\/www.pep06.fr\\\/ader\\\/#organization\",\"name\":\"PEP 06\",\"url\":\"https:\\\/\\\/www.pep06.fr\\\/ader\\\/\",\"logo\":{\"@type\":\"ImageObject\",\"inLanguage\":\"fr-FR\",\"@id\":\"https:\\\/\\\/www.pep06.fr\\\/ader\\\/#\\\/schema\\\/logo\\\/image\\\/\",\"url\":\"https:\\\/\\\/www.pep06.fr\\\/ader\\\/wp-content\\\/uploads\\\/sites\\\/3\\\/2015\\\/11\\\/Logo-PEP06.png\",\"contentUrl\":\"https:\\\/\\\/www.pep06.fr\\\/ader\\\/wp-content\\\/uploads\\\/sites\\\/3\\\/2015\\\/11\\\/Logo-PEP06.png\",\"width\":915,\"height\":915,\"caption\":\"PEP 06\"},\"image\":{\"@id\":\"https:\\\/\\\/www.pep06.fr\\\/ader\\\/#\\\/schema\\\/logo\\\/image\\\/\"},\"sameAs\":[\"https:\\\/\\\/www.facebook.com\\\/ADPEP06\"]},{\"@type\":\"Person\",\"@id\":\"\",\"url\":\"https:\\\/\\\/www.pep06.fr\\\/ader\\\/author\\\/\"}]}<\/script>\n<!-- \/ Yoast SEO plugin. -->","yoast_head_json":{"title":"Festival Sourd-m\u00e9trage 2014 - IES Cl\u00e9ment Ader","description":"L\u2019institut d\u2019\u00e9ducation sensorielle Cl\u00e9ment Ader PEP06 accueille un public \u00e2g\u00e9 de 6 \u00e0 20 ans pr\u00e9sentant une d\u00e9ficience visuelle et\/ou auditive","robots":{"index":"index","follow":"follow","max-snippet":"max-snippet:-1","max-image-preview":"max-image-preview:large","max-video-preview":"max-video-preview:-1"},"canonical":"https:\/\/www.pep06.fr\/ader\/2014\/06\/02\/festival-sourd-metrage-2014\/","og_locale":"fr_FR","og_type":"article","og_title":"Festival Sourd-m\u00e9trage 2014 - IES Cl\u00e9ment Ader","og_description":"L\u2019institut d\u2019\u00e9ducation sensorielle Cl\u00e9ment Ader PEP06 accueille un public \u00e2g\u00e9 de 6 \u00e0 20 ans pr\u00e9sentant une d\u00e9ficience visuelle et\/ou auditive","og_url":"https:\/\/www.pep06.fr\/ader\/2014\/06\/02\/festival-sourd-metrage-2014\/","og_site_name":"IES Cl\u00e9ment Ader","article_publisher":"https:\/\/www.facebook.com\/ADPEP06","article_published_time":"2014-06-02T08:23:52+00:00","og_image":[{"url":"http:\/\/www.pep06.fr\/ader\/wp-content\/uploads\/sites\/3\/2014\/06\/DSC02921-300x199.jpg","type":"","width":"","height":""}],"twitter_card":"summary_large_image","twitter_misc":{"\u00c9crit par":"","Dur\u00e9e de lecture estim\u00e9e":"1 minute"},"schema":{"@context":"https:\/\/schema.org","@graph":[{"@type":"Article","@id":"https:\/\/www.pep06.fr\/ader\/2014\/06\/02\/festival-sourd-metrage-2014\/#article","isPartOf":{"@id":"https:\/\/www.pep06.fr\/ader\/2014\/06\/02\/festival-sourd-metrage-2014\/"},"author":{"name":"","@id":""},"headline":"Festival Sourd-m\u00e9trage 2014","datePublished":"2014-06-02T08:23:52+00:00","mainEntityOfPage":{"@id":"https:\/\/www.pep06.fr\/ader\/2014\/06\/02\/festival-sourd-metrage-2014\/"},"wordCount":109,"commentCount":1,"publisher":{"@id":"https:\/\/www.pep06.fr\/ader\/#organization"},"image":{"@id":"https:\/\/www.pep06.fr\/ader\/2014\/06\/02\/festival-sourd-metrage-2014\/#primaryimage"},"thumbnailUrl":"http:\/\/www.pep06.fr\/ader\/wp-content\/uploads\/sites\/3\/2014\/06\/DSC02921-300x199.jpg","articleSection":["Les \u00e9v\u00e8nements"],"inLanguage":"fr-FR","potentialAction":[{"@type":"CommentAction","name":"Comment","target":["https:\/\/www.pep06.fr\/ader\/2014\/06\/02\/festival-sourd-metrage-2014\/#respond"]}]},{"@type":"WebPage","@id":"https:\/\/www.pep06.fr\/ader\/2014\/06\/02\/festival-sourd-metrage-2014\/","url":"https:\/\/www.pep06.fr\/ader\/2014\/06\/02\/festival-sourd-metrage-2014\/","name":"Festival Sourd-m\u00e9trage 2014 - IES Cl\u00e9ment Ader","isPartOf":{"@id":"https:\/\/www.pep06.fr\/ader\/#website"},"primaryImageOfPage":{"@id":"https:\/\/www.pep06.fr\/ader\/2014\/06\/02\/festival-sourd-metrage-2014\/#primaryimage"},"image":{"@id":"https:\/\/www.pep06.fr\/ader\/2014\/06\/02\/festival-sourd-metrage-2014\/#primaryimage"},"thumbnailUrl":"http:\/\/www.pep06.fr\/ader\/wp-content\/uploads\/sites\/3\/2014\/06\/DSC02921-300x199.jpg","datePublished":"2014-06-02T08:23:52+00:00","description":"L\u2019institut d\u2019\u00e9ducation sensorielle Cl\u00e9ment Ader PEP06 accueille un public \u00e2g\u00e9 de 6 \u00e0 20 ans pr\u00e9sentant une d\u00e9ficience visuelle et\/ou auditive","breadcrumb":{"@id":"https:\/\/www.pep06.fr\/ader\/2014\/06\/02\/festival-sourd-metrage-2014\/#breadcrumb"},"inLanguage":"fr-FR","potentialAction":[{"@type":"ReadAction","target":["https:\/\/www.pep06.fr\/ader\/2014\/06\/02\/festival-sourd-metrage-2014\/"]}]},{"@type":"ImageObject","inLanguage":"fr-FR","@id":"https:\/\/www.pep06.fr\/ader\/2014\/06\/02\/festival-sourd-metrage-2014\/#primaryimage","url":"https:\/\/www.pep06.fr\/ader\/wp-content\/uploads\/sites\/3\/2014\/06\/DSC02921.jpg","contentUrl":"https:\/\/www.pep06.fr\/ader\/wp-content\/uploads\/sites\/3\/2014\/06\/DSC02921.jpg","width":821,"height":547},{"@type":"BreadcrumbList","@id":"https:\/\/www.pep06.fr\/ader\/2014\/06\/02\/festival-sourd-metrage-2014\/#breadcrumb","itemListElement":[{"@type":"ListItem","position":1,"name":"Accueil","item":"https:\/\/www.pep06.fr\/ader\/"},{"@type":"ListItem","position":2,"name":"Festival Sourd-m\u00e9trage 2014"}]},{"@type":"WebSite","@id":"https:\/\/www.pep06.fr\/ader\/#website","url":"https:\/\/www.pep06.fr\/ader\/","name":"IES Cl\u00e9ment Ader","description":"Le site de l&#039;IES Cl\u00e9ment Ader des PEP 06","publisher":{"@id":"https:\/\/www.pep06.fr\/ader\/#organization"},"potentialAction":[{"@type":"SearchAction","target":{"@type":"EntryPoint","urlTemplate":"https:\/\/www.pep06.fr\/ader\/?s={search_term_string}"},"query-input":{"@type":"PropertyValueSpecification","valueRequired":true,"valueName":"search_term_string"}}],"inLanguage":"fr-FR"},{"@type":"Organization","@id":"https:\/\/www.pep06.fr\/ader\/#organization","name":"PEP 06","url":"https:\/\/www.pep06.fr\/ader\/","logo":{"@type":"ImageObject","inLanguage":"fr-FR","@id":"https:\/\/www.pep06.fr\/ader\/#\/schema\/logo\/image\/","url":"https:\/\/www.pep06.fr\/ader\/wp-content\/uploads\/sites\/3\/2015\/11\/Logo-PEP06.png","contentUrl":"https:\/\/www.pep06.fr\/ader\/wp-content\/uploads\/sites\/3\/2015\/11\/Logo-PEP06.png","width":915,"height":915,"caption":"PEP 06"},"image":{"@id":"https:\/\/www.pep06.fr\/ader\/#\/schema\/logo\/image\/"},"sameAs":["https:\/\/www.facebook.com\/ADPEP06"]},{"@type":"Person","@id":"","url":"https:\/\/www.pep06.fr\/ader\/author\/"}]}},"jetpack_publicize_connections":[],"jetpack_featured_media_url":"","jetpack_sharing_enabled":true,"jetpack_shortlink":"https:\/\/wp.me\/p6ZrSJ-3E","_links":{"self":[{"href":"https:\/\/www.pep06.fr\/ader\/wp-json\/wp\/v2\/posts\/226","targetHints":{"allow":["GET"]}}],"collection":[{"href":"https:\/\/www.pep06.fr\/ader\/wp-json\/wp\/v2\/posts"}],"about":[{"href":"https:\/\/www.pep06.fr\/ader\/wp-json\/wp\/v2\/types\/post"}],"author":[{"embeddable":true,"href":"https:\/\/www.pep06.fr\/ader\/wp-json\/wp\/v2\/users\/4"}],"replies":[{"embeddable":true,"href":"https:\/\/www.pep06.fr\/ader\/wp-json\/wp\/v2\/comments?post=226"}],"version-history":[{"count":0,"href":"https:\/\/www.pep06.fr\/ader\/wp-json\/wp\/v2\/posts\/226\/revisions"}],"wp:attachment":[{"href":"https:\/\/www.pep06.fr\/ader\/wp-json\/wp\/v2\/media?parent=226"}],"wp:term":[{"taxonomy":"category","embeddable":true,"href":"https:\/\/www.pep06.fr\/ader\/wp-json\/wp\/v2\/categories?post=226"},{"taxonomy":"post_tag","embeddable":true,"href":"https:\/\/www.pep06.fr\/ader\/wp-json\/wp\/v2\/tags?post=226"}],"curies":[{"name":"wp","href":"https:\/\/api.w.org\/{rel}","templated":true}]}}