{"id":42,"date":"2013-03-29T12:38:22","date_gmt":"2013-03-29T11:38:22","guid":{"rendered":"http:\/\/blogs.pep06.fr\/ader\/?p=42"},"modified":"2013-03-29T12:38:22","modified_gmt":"2013-03-29T11:38:22","slug":"theatre-la-petite-fille-a-la-jambe-de-bois","status":"publish","type":"post","link":"https:\/\/www.pep06.fr\/ader\/2013\/03\/29\/theatre-la-petite-fille-a-la-jambe-de-bois\/","title":{"rendered":"Th\u00e9\u00e2tre : La petite fille \u00e0 la jambe de bois."},"content":{"rendered":"<p>Le 29 janvier 2013, nous avons pris le tramway pour aller au Th\u00e9\u00e2tre de la Cit\u00e9. Nous nous sommes install\u00e9s dans la salle. La pi\u00e8ce \u00e9tait en LSF. <!--more-->Sur la sc\u00e8ne, il y avait un homme sourd et une femme entendante. Ils signaient tous les deux. C\u2019\u00e9tait l\u2019histoire d\u2019une petite fille avec une jambe de bois. Elle \u00e9tait toute seule. Les autres se moquaient d\u2019elle. C\u2019\u00e9tait pas mal. C\u2019\u00e9tait surtout int\u00e9ressant de voir une pi\u00e8ce en Langue des signes.<\/p>\n<p><a href=\"http:\/\/www.pep06.fr\/ader\/wp-content\/uploads\/sites\/3\/2013\/03\/theatre1.jpg\"><img loading=\"lazy\" decoding=\"async\" data-attachment-id=\"44\" data-permalink=\"https:\/\/www.pep06.fr\/ader\/2013\/03\/29\/theatre-la-petite-fille-a-la-jambe-de-bois\/theatre1\/#main\" data-orig-file=\"https:\/\/www.pep06.fr\/ader\/wp-content\/uploads\/sites\/3\/2013\/03\/theatre1.jpg\" data-orig-size=\"423,317\" data-comments-opened=\"1\" data-image-meta=\"{&quot;aperture&quot;:&quot;0&quot;,&quot;credit&quot;:&quot;&quot;,&quot;camera&quot;:&quot;&quot;,&quot;caption&quot;:&quot;&quot;,&quot;created_timestamp&quot;:&quot;0&quot;,&quot;copyright&quot;:&quot;&quot;,&quot;focal_length&quot;:&quot;0&quot;,&quot;iso&quot;:&quot;0&quot;,&quot;shutter_speed&quot;:&quot;0&quot;,&quot;title&quot;:&quot;&quot;,&quot;orientation&quot;:&quot;0&quot;}\" data-image-title=\"theatre1\" data-image-description=\"\" data-image-caption=\"\" data-large-file=\"https:\/\/www.pep06.fr\/ader\/wp-content\/uploads\/sites\/3\/2013\/03\/theatre1.jpg\" class=\"alignnone size-medium wp-image-44\" alt=\"theatre1\" src=\"http:\/\/www.pep06.fr\/ader\/wp-content\/uploads\/sites\/3\/2013\/03\/theatre1-300x224.jpg\" width=\"266\" height=\"203\" \/><\/a>\u00a0\u00a0<a href=\"http:\/\/www.pep06.fr\/ader\/wp-content\/uploads\/sites\/3\/2013\/03\/theatre2.jpg\"><img loading=\"lazy\" decoding=\"async\" data-attachment-id=\"45\" data-permalink=\"https:\/\/www.pep06.fr\/ader\/2013\/03\/29\/theatre-la-petite-fille-a-la-jambe-de-bois\/theatre2\/#main\" data-orig-file=\"https:\/\/www.pep06.fr\/ader\/wp-content\/uploads\/sites\/3\/2013\/03\/theatre2.jpg\" data-orig-size=\"422,317\" data-comments-opened=\"1\" data-image-meta=\"{&quot;aperture&quot;:&quot;0&quot;,&quot;credit&quot;:&quot;&quot;,&quot;camera&quot;:&quot;&quot;,&quot;caption&quot;:&quot;&quot;,&quot;created_timestamp&quot;:&quot;0&quot;,&quot;copyright&quot;:&quot;&quot;,&quot;focal_length&quot;:&quot;0&quot;,&quot;iso&quot;:&quot;0&quot;,&quot;shutter_speed&quot;:&quot;0&quot;,&quot;title&quot;:&quot;&quot;,&quot;orientation&quot;:&quot;0&quot;}\" data-image-title=\"theatre2\" data-image-description=\"\" data-image-caption=\"\" data-large-file=\"https:\/\/www.pep06.fr\/ader\/wp-content\/uploads\/sites\/3\/2013\/03\/theatre2.jpg\" class=\"alignnone size-medium wp-image-45\" alt=\"theatre2\" src=\"http:\/\/www.pep06.fr\/ader\/wp-content\/uploads\/sites\/3\/2013\/03\/theatre2-300x225.jpg\" width=\"263\" height=\"204\" \/><\/a><\/p>\n<p><em>Marvin, S\u00e9bastien<\/em><\/p>\n","protected":false},"excerpt":{"rendered":"<p>Le 29 janvier 2013, nous avons pris le tramway pour aller au Th\u00e9\u00e2tre de la Cit\u00e9. Nous nous sommes install\u00e9s dans la salle. La pi\u00e8ce \u00e9tait en LSF.<\/p>\n<p><a href=\"https:\/\/www.pep06.fr\/ader\/2013\/03\/29\/theatre-la-petite-fille-a-la-jambe-de-bois\/\"><span class=\"glyphicon glyphicon-arrow-right\"><\/span>&nbsp;Poursuivre la lecture<\/a><\/p>","protected":false},"author":4,"featured_media":0,"comment_status":"open","ping_status":"open","sticky":false,"template":"","format":"standard","meta":{"_uf_show_specific_survey":0,"_uf_disable_surveys":false,"jetpack_post_was_ever_published":false,"_jetpack_newsletter_access":"","_jetpack_dont_email_post_to_subs":false,"_jetpack_newsletter_tier_id":0,"_jetpack_memberships_contains_paywalled_content":false,"_jetpack_memberships_contains_paid_content":false,"footnotes":"","jetpack_publicize_message":"","jetpack_publicize_feature_enabled":true,"jetpack_social_post_already_shared":true,"jetpack_social_options":{"image_generator_settings":{"template":"highway","default_image_id":0,"font":"","enabled":false},"version":2}},"categories":[4],"tags":[],"class_list":["post-42","post","type-post","status-publish","format-standard","hentry","category-evenements"],"yoast_head":"<!-- This site is optimized with the Yoast SEO plugin v27.5 - https:\/\/yoast.com\/product\/yoast-seo-wordpress\/ -->\n<title>Th\u00e9\u00e2tre : La petite fille \u00e0 la jambe de bois. - IES Cl\u00e9ment Ader<\/title>\n<meta name=\"description\" content=\"L\u2019institut d\u2019\u00e9ducation sensorielle Cl\u00e9ment Ader PEP06 accueille un public \u00e2g\u00e9 de 6 \u00e0 20 ans pr\u00e9sentant une d\u00e9ficience visuelle et\/ou auditive\" \/>\n<meta name=\"robots\" content=\"index, follow, max-snippet:-1, max-image-preview:large, max-video-preview:-1\" \/>\n<link rel=\"canonical\" href=\"https:\/\/www.pep06.fr\/ader\/2013\/03\/29\/theatre-la-petite-fille-a-la-jambe-de-bois\/\" \/>\n<meta property=\"og:locale\" content=\"fr_FR\" \/>\n<meta property=\"og:type\" content=\"article\" \/>\n<meta property=\"og:title\" content=\"Th\u00e9\u00e2tre : La petite fille \u00e0 la jambe de bois. - IES Cl\u00e9ment Ader\" \/>\n<meta property=\"og:description\" content=\"L\u2019institut d\u2019\u00e9ducation sensorielle Cl\u00e9ment Ader PEP06 accueille un public \u00e2g\u00e9 de 6 \u00e0 20 ans pr\u00e9sentant une d\u00e9ficience visuelle et\/ou auditive\" \/>\n<meta property=\"og:url\" content=\"https:\/\/www.pep06.fr\/ader\/2013\/03\/29\/theatre-la-petite-fille-a-la-jambe-de-bois\/\" \/>\n<meta property=\"og:site_name\" content=\"IES Cl\u00e9ment Ader\" \/>\n<meta property=\"article:publisher\" content=\"https:\/\/www.facebook.com\/ADPEP06\" \/>\n<meta property=\"article:published_time\" content=\"2013-03-29T11:38:22+00:00\" \/>\n<meta property=\"og:image\" content=\"http:\/\/www.pep06.fr\/ader\/wp-content\/uploads\/sites\/3\/2013\/03\/theatre1-300x224.jpg\" \/>\n<meta name=\"twitter:card\" content=\"summary_large_image\" \/>\n<meta name=\"twitter:label1\" content=\"\u00c9crit par\" \/>\n\t<meta name=\"twitter:data1\" content=\"\" \/>\n<script type=\"application\/ld+json\" class=\"yoast-schema-graph\">{\"@context\":\"https:\\\/\\\/schema.org\",\"@graph\":[{\"@type\":\"Article\",\"@id\":\"https:\\\/\\\/www.pep06.fr\\\/ader\\\/2013\\\/03\\\/29\\\/theatre-la-petite-fille-a-la-jambe-de-bois\\\/#article\",\"isPartOf\":{\"@id\":\"https:\\\/\\\/www.pep06.fr\\\/ader\\\/2013\\\/03\\\/29\\\/theatre-la-petite-fille-a-la-jambe-de-bois\\\/\"},\"author\":{\"name\":\"\",\"@id\":\"\"},\"headline\":\"Th\u00e9\u00e2tre : La petite fille \u00e0 la jambe de bois.\",\"datePublished\":\"2013-03-29T11:38:22+00:00\",\"mainEntityOfPage\":{\"@id\":\"https:\\\/\\\/www.pep06.fr\\\/ader\\\/2013\\\/03\\\/29\\\/theatre-la-petite-fille-a-la-jambe-de-bois\\\/\"},\"wordCount\":101,\"commentCount\":0,\"publisher\":{\"@id\":\"https:\\\/\\\/www.pep06.fr\\\/ader\\\/#organization\"},\"image\":{\"@id\":\"https:\\\/\\\/www.pep06.fr\\\/ader\\\/2013\\\/03\\\/29\\\/theatre-la-petite-fille-a-la-jambe-de-bois\\\/#primaryimage\"},\"thumbnailUrl\":\"http:\\\/\\\/www.pep06.fr\\\/ader\\\/wp-content\\\/uploads\\\/sites\\\/3\\\/2013\\\/03\\\/theatre1-300x224.jpg\",\"articleSection\":[\"Les \u00e9v\u00e8nements\"],\"inLanguage\":\"fr-FR\",\"potentialAction\":[{\"@type\":\"CommentAction\",\"name\":\"Comment\",\"target\":[\"https:\\\/\\\/www.pep06.fr\\\/ader\\\/2013\\\/03\\\/29\\\/theatre-la-petite-fille-a-la-jambe-de-bois\\\/#respond\"]}]},{\"@type\":\"WebPage\",\"@id\":\"https:\\\/\\\/www.pep06.fr\\\/ader\\\/2013\\\/03\\\/29\\\/theatre-la-petite-fille-a-la-jambe-de-bois\\\/\",\"url\":\"https:\\\/\\\/www.pep06.fr\\\/ader\\\/2013\\\/03\\\/29\\\/theatre-la-petite-fille-a-la-jambe-de-bois\\\/\",\"name\":\"Th\u00e9\u00e2tre : La petite fille \u00e0 la jambe de bois. - IES Cl\u00e9ment Ader\",\"isPartOf\":{\"@id\":\"https:\\\/\\\/www.pep06.fr\\\/ader\\\/#website\"},\"primaryImageOfPage\":{\"@id\":\"https:\\\/\\\/www.pep06.fr\\\/ader\\\/2013\\\/03\\\/29\\\/theatre-la-petite-fille-a-la-jambe-de-bois\\\/#primaryimage\"},\"image\":{\"@id\":\"https:\\\/\\\/www.pep06.fr\\\/ader\\\/2013\\\/03\\\/29\\\/theatre-la-petite-fille-a-la-jambe-de-bois\\\/#primaryimage\"},\"thumbnailUrl\":\"http:\\\/\\\/www.pep06.fr\\\/ader\\\/wp-content\\\/uploads\\\/sites\\\/3\\\/2013\\\/03\\\/theatre1-300x224.jpg\",\"datePublished\":\"2013-03-29T11:38:22+00:00\",\"description\":\"L\u2019institut d\u2019\u00e9ducation sensorielle Cl\u00e9ment Ader PEP06 accueille un public \u00e2g\u00e9 de 6 \u00e0 20 ans pr\u00e9sentant une d\u00e9ficience visuelle et\\\/ou auditive\",\"breadcrumb\":{\"@id\":\"https:\\\/\\\/www.pep06.fr\\\/ader\\\/2013\\\/03\\\/29\\\/theatre-la-petite-fille-a-la-jambe-de-bois\\\/#breadcrumb\"},\"inLanguage\":\"fr-FR\",\"potentialAction\":[{\"@type\":\"ReadAction\",\"target\":[\"https:\\\/\\\/www.pep06.fr\\\/ader\\\/2013\\\/03\\\/29\\\/theatre-la-petite-fille-a-la-jambe-de-bois\\\/\"]}]},{\"@type\":\"ImageObject\",\"inLanguage\":\"fr-FR\",\"@id\":\"https:\\\/\\\/www.pep06.fr\\\/ader\\\/2013\\\/03\\\/29\\\/theatre-la-petite-fille-a-la-jambe-de-bois\\\/#primaryimage\",\"url\":\"https:\\\/\\\/www.pep06.fr\\\/ader\\\/wp-content\\\/uploads\\\/sites\\\/3\\\/2013\\\/03\\\/theatre1.jpg\",\"contentUrl\":\"https:\\\/\\\/www.pep06.fr\\\/ader\\\/wp-content\\\/uploads\\\/sites\\\/3\\\/2013\\\/03\\\/theatre1.jpg\",\"width\":423,\"height\":317},{\"@type\":\"BreadcrumbList\",\"@id\":\"https:\\\/\\\/www.pep06.fr\\\/ader\\\/2013\\\/03\\\/29\\\/theatre-la-petite-fille-a-la-jambe-de-bois\\\/#breadcrumb\",\"itemListElement\":[{\"@type\":\"ListItem\",\"position\":1,\"name\":\"Accueil\",\"item\":\"https:\\\/\\\/www.pep06.fr\\\/ader\\\/\"},{\"@type\":\"ListItem\",\"position\":2,\"name\":\"Th\u00e9\u00e2tre : La petite fille \u00e0 la jambe de bois.\"}]},{\"@type\":\"WebSite\",\"@id\":\"https:\\\/\\\/www.pep06.fr\\\/ader\\\/#website\",\"url\":\"https:\\\/\\\/www.pep06.fr\\\/ader\\\/\",\"name\":\"IES Cl\u00e9ment Ader\",\"description\":\"Le site de l&#039;IES Cl\u00e9ment Ader des PEP 06\",\"publisher\":{\"@id\":\"https:\\\/\\\/www.pep06.fr\\\/ader\\\/#organization\"},\"potentialAction\":[{\"@type\":\"SearchAction\",\"target\":{\"@type\":\"EntryPoint\",\"urlTemplate\":\"https:\\\/\\\/www.pep06.fr\\\/ader\\\/?s={search_term_string}\"},\"query-input\":{\"@type\":\"PropertyValueSpecification\",\"valueRequired\":true,\"valueName\":\"search_term_string\"}}],\"inLanguage\":\"fr-FR\"},{\"@type\":\"Organization\",\"@id\":\"https:\\\/\\\/www.pep06.fr\\\/ader\\\/#organization\",\"name\":\"PEP 06\",\"url\":\"https:\\\/\\\/www.pep06.fr\\\/ader\\\/\",\"logo\":{\"@type\":\"ImageObject\",\"inLanguage\":\"fr-FR\",\"@id\":\"https:\\\/\\\/www.pep06.fr\\\/ader\\\/#\\\/schema\\\/logo\\\/image\\\/\",\"url\":\"https:\\\/\\\/www.pep06.fr\\\/ader\\\/wp-content\\\/uploads\\\/sites\\\/3\\\/2015\\\/11\\\/Logo-PEP06.png\",\"contentUrl\":\"https:\\\/\\\/www.pep06.fr\\\/ader\\\/wp-content\\\/uploads\\\/sites\\\/3\\\/2015\\\/11\\\/Logo-PEP06.png\",\"width\":915,\"height\":915,\"caption\":\"PEP 06\"},\"image\":{\"@id\":\"https:\\\/\\\/www.pep06.fr\\\/ader\\\/#\\\/schema\\\/logo\\\/image\\\/\"},\"sameAs\":[\"https:\\\/\\\/www.facebook.com\\\/ADPEP06\"]},{\"@type\":\"Person\",\"@id\":\"\",\"url\":\"https:\\\/\\\/www.pep06.fr\\\/ader\\\/author\\\/\"}]}<\/script>\n<!-- \/ Yoast SEO plugin. -->","yoast_head_json":{"title":"Th\u00e9\u00e2tre : La petite fille \u00e0 la jambe de bois. - IES Cl\u00e9ment Ader","description":"L\u2019institut d\u2019\u00e9ducation sensorielle Cl\u00e9ment Ader PEP06 accueille un public \u00e2g\u00e9 de 6 \u00e0 20 ans pr\u00e9sentant une d\u00e9ficience visuelle et\/ou auditive","robots":{"index":"index","follow":"follow","max-snippet":"max-snippet:-1","max-image-preview":"max-image-preview:large","max-video-preview":"max-video-preview:-1"},"canonical":"https:\/\/www.pep06.fr\/ader\/2013\/03\/29\/theatre-la-petite-fille-a-la-jambe-de-bois\/","og_locale":"fr_FR","og_type":"article","og_title":"Th\u00e9\u00e2tre : La petite fille \u00e0 la jambe de bois. - IES Cl\u00e9ment Ader","og_description":"L\u2019institut d\u2019\u00e9ducation sensorielle Cl\u00e9ment Ader PEP06 accueille un public \u00e2g\u00e9 de 6 \u00e0 20 ans pr\u00e9sentant une d\u00e9ficience visuelle et\/ou auditive","og_url":"https:\/\/www.pep06.fr\/ader\/2013\/03\/29\/theatre-la-petite-fille-a-la-jambe-de-bois\/","og_site_name":"IES Cl\u00e9ment Ader","article_publisher":"https:\/\/www.facebook.com\/ADPEP06","article_published_time":"2013-03-29T11:38:22+00:00","og_image":[{"url":"http:\/\/www.pep06.fr\/ader\/wp-content\/uploads\/sites\/3\/2013\/03\/theatre1-300x224.jpg","type":"","width":"","height":""}],"twitter_card":"summary_large_image","twitter_misc":{"\u00c9crit par":""},"schema":{"@context":"https:\/\/schema.org","@graph":[{"@type":"Article","@id":"https:\/\/www.pep06.fr\/ader\/2013\/03\/29\/theatre-la-petite-fille-a-la-jambe-de-bois\/#article","isPartOf":{"@id":"https:\/\/www.pep06.fr\/ader\/2013\/03\/29\/theatre-la-petite-fille-a-la-jambe-de-bois\/"},"author":{"name":"","@id":""},"headline":"Th\u00e9\u00e2tre : La petite fille \u00e0 la jambe de bois.","datePublished":"2013-03-29T11:38:22+00:00","mainEntityOfPage":{"@id":"https:\/\/www.pep06.fr\/ader\/2013\/03\/29\/theatre-la-petite-fille-a-la-jambe-de-bois\/"},"wordCount":101,"commentCount":0,"publisher":{"@id":"https:\/\/www.pep06.fr\/ader\/#organization"},"image":{"@id":"https:\/\/www.pep06.fr\/ader\/2013\/03\/29\/theatre-la-petite-fille-a-la-jambe-de-bois\/#primaryimage"},"thumbnailUrl":"http:\/\/www.pep06.fr\/ader\/wp-content\/uploads\/sites\/3\/2013\/03\/theatre1-300x224.jpg","articleSection":["Les \u00e9v\u00e8nements"],"inLanguage":"fr-FR","potentialAction":[{"@type":"CommentAction","name":"Comment","target":["https:\/\/www.pep06.fr\/ader\/2013\/03\/29\/theatre-la-petite-fille-a-la-jambe-de-bois\/#respond"]}]},{"@type":"WebPage","@id":"https:\/\/www.pep06.fr\/ader\/2013\/03\/29\/theatre-la-petite-fille-a-la-jambe-de-bois\/","url":"https:\/\/www.pep06.fr\/ader\/2013\/03\/29\/theatre-la-petite-fille-a-la-jambe-de-bois\/","name":"Th\u00e9\u00e2tre : La petite fille \u00e0 la jambe de bois. - IES Cl\u00e9ment Ader","isPartOf":{"@id":"https:\/\/www.pep06.fr\/ader\/#website"},"primaryImageOfPage":{"@id":"https:\/\/www.pep06.fr\/ader\/2013\/03\/29\/theatre-la-petite-fille-a-la-jambe-de-bois\/#primaryimage"},"image":{"@id":"https:\/\/www.pep06.fr\/ader\/2013\/03\/29\/theatre-la-petite-fille-a-la-jambe-de-bois\/#primaryimage"},"thumbnailUrl":"http:\/\/www.pep06.fr\/ader\/wp-content\/uploads\/sites\/3\/2013\/03\/theatre1-300x224.jpg","datePublished":"2013-03-29T11:38:22+00:00","description":"L\u2019institut d\u2019\u00e9ducation sensorielle Cl\u00e9ment Ader PEP06 accueille un public \u00e2g\u00e9 de 6 \u00e0 20 ans pr\u00e9sentant une d\u00e9ficience visuelle et\/ou auditive","breadcrumb":{"@id":"https:\/\/www.pep06.fr\/ader\/2013\/03\/29\/theatre-la-petite-fille-a-la-jambe-de-bois\/#breadcrumb"},"inLanguage":"fr-FR","potentialAction":[{"@type":"ReadAction","target":["https:\/\/www.pep06.fr\/ader\/2013\/03\/29\/theatre-la-petite-fille-a-la-jambe-de-bois\/"]}]},{"@type":"ImageObject","inLanguage":"fr-FR","@id":"https:\/\/www.pep06.fr\/ader\/2013\/03\/29\/theatre-la-petite-fille-a-la-jambe-de-bois\/#primaryimage","url":"https:\/\/www.pep06.fr\/ader\/wp-content\/uploads\/sites\/3\/2013\/03\/theatre1.jpg","contentUrl":"https:\/\/www.pep06.fr\/ader\/wp-content\/uploads\/sites\/3\/2013\/03\/theatre1.jpg","width":423,"height":317},{"@type":"BreadcrumbList","@id":"https:\/\/www.pep06.fr\/ader\/2013\/03\/29\/theatre-la-petite-fille-a-la-jambe-de-bois\/#breadcrumb","itemListElement":[{"@type":"ListItem","position":1,"name":"Accueil","item":"https:\/\/www.pep06.fr\/ader\/"},{"@type":"ListItem","position":2,"name":"Th\u00e9\u00e2tre : La petite fille \u00e0 la jambe de bois."}]},{"@type":"WebSite","@id":"https:\/\/www.pep06.fr\/ader\/#website","url":"https:\/\/www.pep06.fr\/ader\/","name":"IES Cl\u00e9ment Ader","description":"Le site de l&#039;IES Cl\u00e9ment Ader des PEP 06","publisher":{"@id":"https:\/\/www.pep06.fr\/ader\/#organization"},"potentialAction":[{"@type":"SearchAction","target":{"@type":"EntryPoint","urlTemplate":"https:\/\/www.pep06.fr\/ader\/?s={search_term_string}"},"query-input":{"@type":"PropertyValueSpecification","valueRequired":true,"valueName":"search_term_string"}}],"inLanguage":"fr-FR"},{"@type":"Organization","@id":"https:\/\/www.pep06.fr\/ader\/#organization","name":"PEP 06","url":"https:\/\/www.pep06.fr\/ader\/","logo":{"@type":"ImageObject","inLanguage":"fr-FR","@id":"https:\/\/www.pep06.fr\/ader\/#\/schema\/logo\/image\/","url":"https:\/\/www.pep06.fr\/ader\/wp-content\/uploads\/sites\/3\/2015\/11\/Logo-PEP06.png","contentUrl":"https:\/\/www.pep06.fr\/ader\/wp-content\/uploads\/sites\/3\/2015\/11\/Logo-PEP06.png","width":915,"height":915,"caption":"PEP 06"},"image":{"@id":"https:\/\/www.pep06.fr\/ader\/#\/schema\/logo\/image\/"},"sameAs":["https:\/\/www.facebook.com\/ADPEP06"]},{"@type":"Person","@id":"","url":"https:\/\/www.pep06.fr\/ader\/author\/"}]}},"jetpack_publicize_connections":[],"jetpack_featured_media_url":"","jetpack_sharing_enabled":true,"jetpack_shortlink":"https:\/\/wp.me\/p6ZrSJ-G","_links":{"self":[{"href":"https:\/\/www.pep06.fr\/ader\/wp-json\/wp\/v2\/posts\/42","targetHints":{"allow":["GET"]}}],"collection":[{"href":"https:\/\/www.pep06.fr\/ader\/wp-json\/wp\/v2\/posts"}],"about":[{"href":"https:\/\/www.pep06.fr\/ader\/wp-json\/wp\/v2\/types\/post"}],"author":[{"embeddable":true,"href":"https:\/\/www.pep06.fr\/ader\/wp-json\/wp\/v2\/users\/4"}],"replies":[{"embeddable":true,"href":"https:\/\/www.pep06.fr\/ader\/wp-json\/wp\/v2\/comments?post=42"}],"version-history":[{"count":0,"href":"https:\/\/www.pep06.fr\/ader\/wp-json\/wp\/v2\/posts\/42\/revisions"}],"wp:attachment":[{"href":"https:\/\/www.pep06.fr\/ader\/wp-json\/wp\/v2\/media?parent=42"}],"wp:term":[{"taxonomy":"category","embeddable":true,"href":"https:\/\/www.pep06.fr\/ader\/wp-json\/wp\/v2\/categories?post=42"},{"taxonomy":"post_tag","embeddable":true,"href":"https:\/\/www.pep06.fr\/ader\/wp-json\/wp\/v2\/tags?post=42"}],"curies":[{"name":"wp","href":"https:\/\/api.w.org\/{rel}","templated":true}]}}