{"id":428,"date":"2016-10-12T07:53:49","date_gmt":"2016-10-12T06:53:49","guid":{"rendered":"http:\/\/www.pep06.fr\/ader\/?p=428"},"modified":"2016-10-17T17:36:34","modified_gmt":"2016-10-17T16:36:34","slug":"visite-au-mamac","status":"publish","type":"post","link":"https:\/\/www.pep06.fr\/ader\/2016\/10\/12\/visite-au-mamac\/","title":{"rendered":"Visite au MAMAC"},"content":{"rendered":"<p><a href=\"http:\/\/www.pep06.fr\/ader\/wp-content\/uploads\/sites\/3\/2016\/10\/IMG_1520-1.jpg\"><img loading=\"lazy\" decoding=\"async\" data-attachment-id=\"429\" data-permalink=\"https:\/\/www.pep06.fr\/ader\/2016\/10\/12\/visite-au-mamac\/img_1520-2\/#main\" data-orig-file=\"https:\/\/www.pep06.fr\/ader\/wp-content\/uploads\/sites\/3\/2016\/10\/IMG_1520-1.jpg\" data-orig-size=\"3264,2448\" data-comments-opened=\"1\" data-image-meta=\"{&quot;aperture&quot;:&quot;2.2&quot;,&quot;credit&quot;:&quot;&quot;,&quot;camera&quot;:&quot;iPhone 6&quot;,&quot;caption&quot;:&quot;&quot;,&quot;created_timestamp&quot;:&quot;1473245625&quot;,&quot;copyright&quot;:&quot;&quot;,&quot;focal_length&quot;:&quot;4.15&quot;,&quot;iso&quot;:&quot;160&quot;,&quot;shutter_speed&quot;:&quot;0.03030303030303&quot;,&quot;title&quot;:&quot;&quot;,&quot;orientation&quot;:&quot;1&quot;}\" data-image-title=\"img_1520\" data-image-description=\"\" data-image-caption=\"\" data-large-file=\"https:\/\/www.pep06.fr\/ader\/wp-content\/uploads\/sites\/3\/2016\/10\/IMG_1520-1-1024x768.jpg\" class=\"alignnone size-medium wp-image-429\" src=\"http:\/\/www.pep06.fr\/ader\/wp-content\/uploads\/sites\/3\/2016\/10\/IMG_1520-1-300x225.jpg\" alt=\"img_1520\" width=\"300\" height=\"225\" srcset=\"https:\/\/www.pep06.fr\/ader\/wp-content\/uploads\/sites\/3\/2016\/10\/IMG_1520-1-300x225.jpg 300w, https:\/\/www.pep06.fr\/ader\/wp-content\/uploads\/sites\/3\/2016\/10\/IMG_1520-1-768x576.jpg 768w, https:\/\/www.pep06.fr\/ader\/wp-content\/uploads\/sites\/3\/2016\/10\/IMG_1520-1-1024x768.jpg 1024w\" sizes=\"auto, (max-width: 300px) 100vw, 300px\" \/><\/a><\/p>\n<p>Bonjour \u00e0 tous<\/p>\n<p>Nous sommes all\u00e9s au MAMAC le mercredi 7 septembre 2016 avec Sonia, Baptiste, Cha\u00efma, Walid, Karim, Ahmed, Douglas &#8230;<\/p>\n<p>Nous avons vu l&rsquo;exposition d&rsquo;Ernest PIGNON-ERNEST. C&rsquo;est un peintre photographe qui est n\u00e9 \u00e0 Nice. Il colle ses peintures sur les murs. J&rsquo;ai bien aim\u00e9 les peintures de bouteilles de la prison de Lyon.<\/p>\n<p>Baptiste, Sonia, Cha\u00efma<\/p>\n","protected":false},"excerpt":{"rendered":"<p>Bonjour \u00e0 tous Nous sommes all\u00e9s au MAMAC le mercredi 7 septembre 2016 avec Sonia, Baptiste, Cha\u00efma, Walid, Karim, Ahmed, Douglas &#8230; Nous avons vu l&rsquo;exposition d&rsquo;Ernest PIGNON-ERNEST. C&rsquo;est un peintre photographe qui est n\u00e9 \u00e0 Nice. Il colle ses peintures sur les murs. J&rsquo;ai bien aim\u00e9 les peintures de bouteilles de la prison de&#8230;<\/p>\n<p><a href=\"https:\/\/www.pep06.fr\/ader\/2016\/10\/12\/visite-au-mamac\/\"><span class=\"glyphicon glyphicon-arrow-right\"><\/span>&nbsp;Poursuivre la lecture<\/a><\/p>","protected":false},"author":4,"featured_media":0,"comment_status":"open","ping_status":"open","sticky":false,"template":"","format":"standard","meta":{"_uf_show_specific_survey":0,"_uf_disable_surveys":false,"jetpack_post_was_ever_published":false,"_jetpack_newsletter_access":"","_jetpack_dont_email_post_to_subs":true,"_jetpack_newsletter_tier_id":0,"_jetpack_memberships_contains_paywalled_content":false,"_jetpack_memberships_contains_paid_content":false,"footnotes":"","jetpack_publicize_message":"","jetpack_publicize_feature_enabled":true,"jetpack_social_post_already_shared":true,"jetpack_social_options":{"image_generator_settings":{"template":"highway","default_image_id":0,"font":"","enabled":false},"version":2}},"categories":[4],"tags":[],"class_list":["post-428","post","type-post","status-publish","format-standard","hentry","category-evenements"],"yoast_head":"<!-- This site is optimized with the Yoast SEO plugin v27.5 - https:\/\/yoast.com\/product\/yoast-seo-wordpress\/ -->\n<title>Visite au MAMAC - IES Cl\u00e9ment Ader<\/title>\n<meta name=\"description\" content=\"L\u2019institut d\u2019\u00e9ducation sensorielle Cl\u00e9ment Ader PEP06 accueille un public \u00e2g\u00e9 de 6 \u00e0 20 ans pr\u00e9sentant une d\u00e9ficience visuelle et\/ou auditive\" \/>\n<meta name=\"robots\" content=\"index, follow, max-snippet:-1, max-image-preview:large, max-video-preview:-1\" \/>\n<link rel=\"canonical\" href=\"https:\/\/www.pep06.fr\/ader\/2016\/10\/12\/visite-au-mamac\/\" \/>\n<meta property=\"og:locale\" content=\"fr_FR\" \/>\n<meta property=\"og:type\" content=\"article\" \/>\n<meta property=\"og:title\" content=\"Visite au MAMAC - IES Cl\u00e9ment Ader\" \/>\n<meta property=\"og:description\" content=\"L\u2019institut d\u2019\u00e9ducation sensorielle Cl\u00e9ment Ader PEP06 accueille un public \u00e2g\u00e9 de 6 \u00e0 20 ans pr\u00e9sentant une d\u00e9ficience visuelle et\/ou auditive\" \/>\n<meta property=\"og:url\" content=\"https:\/\/www.pep06.fr\/ader\/2016\/10\/12\/visite-au-mamac\/\" \/>\n<meta property=\"og:site_name\" content=\"IES Cl\u00e9ment Ader\" \/>\n<meta property=\"article:publisher\" content=\"https:\/\/www.facebook.com\/ADPEP06\" \/>\n<meta property=\"article:published_time\" content=\"2016-10-12T06:53:49+00:00\" \/>\n<meta property=\"article:modified_time\" content=\"2016-10-17T16:36:34+00:00\" \/>\n<meta property=\"og:image\" content=\"http:\/\/www.pep06.fr\/ader\/wp-content\/uploads\/sites\/3\/2016\/10\/IMG_1520-1-300x225.jpg\" \/>\n<meta name=\"twitter:card\" content=\"summary_large_image\" \/>\n<meta name=\"twitter:label1\" content=\"\u00c9crit par\" \/>\n\t<meta name=\"twitter:data1\" content=\"\" \/>\n<script type=\"application\/ld+json\" class=\"yoast-schema-graph\">{\"@context\":\"https:\\\/\\\/schema.org\",\"@graph\":[{\"@type\":\"Article\",\"@id\":\"https:\\\/\\\/www.pep06.fr\\\/ader\\\/2016\\\/10\\\/12\\\/visite-au-mamac\\\/#article\",\"isPartOf\":{\"@id\":\"https:\\\/\\\/www.pep06.fr\\\/ader\\\/2016\\\/10\\\/12\\\/visite-au-mamac\\\/\"},\"author\":{\"name\":\"\",\"@id\":\"\"},\"headline\":\"Visite au MAMAC\",\"datePublished\":\"2016-10-12T06:53:49+00:00\",\"dateModified\":\"2016-10-17T16:36:34+00:00\",\"mainEntityOfPage\":{\"@id\":\"https:\\\/\\\/www.pep06.fr\\\/ader\\\/2016\\\/10\\\/12\\\/visite-au-mamac\\\/\"},\"wordCount\":64,\"commentCount\":3,\"publisher\":{\"@id\":\"https:\\\/\\\/www.pep06.fr\\\/ader\\\/#organization\"},\"image\":{\"@id\":\"https:\\\/\\\/www.pep06.fr\\\/ader\\\/2016\\\/10\\\/12\\\/visite-au-mamac\\\/#primaryimage\"},\"thumbnailUrl\":\"http:\\\/\\\/www.pep06.fr\\\/ader\\\/wp-content\\\/uploads\\\/sites\\\/3\\\/2016\\\/10\\\/IMG_1520-1-300x225.jpg\",\"articleSection\":[\"Les \u00e9v\u00e8nements\"],\"inLanguage\":\"fr-FR\",\"potentialAction\":[{\"@type\":\"CommentAction\",\"name\":\"Comment\",\"target\":[\"https:\\\/\\\/www.pep06.fr\\\/ader\\\/2016\\\/10\\\/12\\\/visite-au-mamac\\\/#respond\"]}]},{\"@type\":\"WebPage\",\"@id\":\"https:\\\/\\\/www.pep06.fr\\\/ader\\\/2016\\\/10\\\/12\\\/visite-au-mamac\\\/\",\"url\":\"https:\\\/\\\/www.pep06.fr\\\/ader\\\/2016\\\/10\\\/12\\\/visite-au-mamac\\\/\",\"name\":\"Visite au MAMAC - IES Cl\u00e9ment Ader\",\"isPartOf\":{\"@id\":\"https:\\\/\\\/www.pep06.fr\\\/ader\\\/#website\"},\"primaryImageOfPage\":{\"@id\":\"https:\\\/\\\/www.pep06.fr\\\/ader\\\/2016\\\/10\\\/12\\\/visite-au-mamac\\\/#primaryimage\"},\"image\":{\"@id\":\"https:\\\/\\\/www.pep06.fr\\\/ader\\\/2016\\\/10\\\/12\\\/visite-au-mamac\\\/#primaryimage\"},\"thumbnailUrl\":\"http:\\\/\\\/www.pep06.fr\\\/ader\\\/wp-content\\\/uploads\\\/sites\\\/3\\\/2016\\\/10\\\/IMG_1520-1-300x225.jpg\",\"datePublished\":\"2016-10-12T06:53:49+00:00\",\"dateModified\":\"2016-10-17T16:36:34+00:00\",\"description\":\"L\u2019institut d\u2019\u00e9ducation sensorielle Cl\u00e9ment Ader PEP06 accueille un public \u00e2g\u00e9 de 6 \u00e0 20 ans pr\u00e9sentant une d\u00e9ficience visuelle et\\\/ou auditive\",\"breadcrumb\":{\"@id\":\"https:\\\/\\\/www.pep06.fr\\\/ader\\\/2016\\\/10\\\/12\\\/visite-au-mamac\\\/#breadcrumb\"},\"inLanguage\":\"fr-FR\",\"potentialAction\":[{\"@type\":\"ReadAction\",\"target\":[\"https:\\\/\\\/www.pep06.fr\\\/ader\\\/2016\\\/10\\\/12\\\/visite-au-mamac\\\/\"]}]},{\"@type\":\"ImageObject\",\"inLanguage\":\"fr-FR\",\"@id\":\"https:\\\/\\\/www.pep06.fr\\\/ader\\\/2016\\\/10\\\/12\\\/visite-au-mamac\\\/#primaryimage\",\"url\":\"https:\\\/\\\/www.pep06.fr\\\/ader\\\/wp-content\\\/uploads\\\/sites\\\/3\\\/2016\\\/10\\\/IMG_1520-1.jpg\",\"contentUrl\":\"https:\\\/\\\/www.pep06.fr\\\/ader\\\/wp-content\\\/uploads\\\/sites\\\/3\\\/2016\\\/10\\\/IMG_1520-1.jpg\",\"width\":3264,\"height\":2448},{\"@type\":\"BreadcrumbList\",\"@id\":\"https:\\\/\\\/www.pep06.fr\\\/ader\\\/2016\\\/10\\\/12\\\/visite-au-mamac\\\/#breadcrumb\",\"itemListElement\":[{\"@type\":\"ListItem\",\"position\":1,\"name\":\"Accueil\",\"item\":\"https:\\\/\\\/www.pep06.fr\\\/ader\\\/\"},{\"@type\":\"ListItem\",\"position\":2,\"name\":\"Visite au MAMAC\"}]},{\"@type\":\"WebSite\",\"@id\":\"https:\\\/\\\/www.pep06.fr\\\/ader\\\/#website\",\"url\":\"https:\\\/\\\/www.pep06.fr\\\/ader\\\/\",\"name\":\"IES Cl\u00e9ment Ader\",\"description\":\"Le site de l&#039;IES Cl\u00e9ment Ader des PEP 06\",\"publisher\":{\"@id\":\"https:\\\/\\\/www.pep06.fr\\\/ader\\\/#organization\"},\"potentialAction\":[{\"@type\":\"SearchAction\",\"target\":{\"@type\":\"EntryPoint\",\"urlTemplate\":\"https:\\\/\\\/www.pep06.fr\\\/ader\\\/?s={search_term_string}\"},\"query-input\":{\"@type\":\"PropertyValueSpecification\",\"valueRequired\":true,\"valueName\":\"search_term_string\"}}],\"inLanguage\":\"fr-FR\"},{\"@type\":\"Organization\",\"@id\":\"https:\\\/\\\/www.pep06.fr\\\/ader\\\/#organization\",\"name\":\"PEP 06\",\"url\":\"https:\\\/\\\/www.pep06.fr\\\/ader\\\/\",\"logo\":{\"@type\":\"ImageObject\",\"inLanguage\":\"fr-FR\",\"@id\":\"https:\\\/\\\/www.pep06.fr\\\/ader\\\/#\\\/schema\\\/logo\\\/image\\\/\",\"url\":\"https:\\\/\\\/www.pep06.fr\\\/ader\\\/wp-content\\\/uploads\\\/sites\\\/3\\\/2015\\\/11\\\/Logo-PEP06.png\",\"contentUrl\":\"https:\\\/\\\/www.pep06.fr\\\/ader\\\/wp-content\\\/uploads\\\/sites\\\/3\\\/2015\\\/11\\\/Logo-PEP06.png\",\"width\":915,\"height\":915,\"caption\":\"PEP 06\"},\"image\":{\"@id\":\"https:\\\/\\\/www.pep06.fr\\\/ader\\\/#\\\/schema\\\/logo\\\/image\\\/\"},\"sameAs\":[\"https:\\\/\\\/www.facebook.com\\\/ADPEP06\"]},{\"@type\":\"Person\",\"@id\":\"\",\"url\":\"https:\\\/\\\/www.pep06.fr\\\/ader\\\/author\\\/\"}]}<\/script>\n<!-- \/ Yoast SEO plugin. -->","yoast_head_json":{"title":"Visite au MAMAC - IES Cl\u00e9ment Ader","description":"L\u2019institut d\u2019\u00e9ducation sensorielle Cl\u00e9ment Ader PEP06 accueille un public \u00e2g\u00e9 de 6 \u00e0 20 ans pr\u00e9sentant une d\u00e9ficience visuelle et\/ou auditive","robots":{"index":"index","follow":"follow","max-snippet":"max-snippet:-1","max-image-preview":"max-image-preview:large","max-video-preview":"max-video-preview:-1"},"canonical":"https:\/\/www.pep06.fr\/ader\/2016\/10\/12\/visite-au-mamac\/","og_locale":"fr_FR","og_type":"article","og_title":"Visite au MAMAC - IES Cl\u00e9ment Ader","og_description":"L\u2019institut d\u2019\u00e9ducation sensorielle Cl\u00e9ment Ader PEP06 accueille un public \u00e2g\u00e9 de 6 \u00e0 20 ans pr\u00e9sentant une d\u00e9ficience visuelle et\/ou auditive","og_url":"https:\/\/www.pep06.fr\/ader\/2016\/10\/12\/visite-au-mamac\/","og_site_name":"IES Cl\u00e9ment Ader","article_publisher":"https:\/\/www.facebook.com\/ADPEP06","article_published_time":"2016-10-12T06:53:49+00:00","article_modified_time":"2016-10-17T16:36:34+00:00","og_image":[{"url":"http:\/\/www.pep06.fr\/ader\/wp-content\/uploads\/sites\/3\/2016\/10\/IMG_1520-1-300x225.jpg","type":"","width":"","height":""}],"twitter_card":"summary_large_image","twitter_misc":{"\u00c9crit par":""},"schema":{"@context":"https:\/\/schema.org","@graph":[{"@type":"Article","@id":"https:\/\/www.pep06.fr\/ader\/2016\/10\/12\/visite-au-mamac\/#article","isPartOf":{"@id":"https:\/\/www.pep06.fr\/ader\/2016\/10\/12\/visite-au-mamac\/"},"author":{"name":"","@id":""},"headline":"Visite au MAMAC","datePublished":"2016-10-12T06:53:49+00:00","dateModified":"2016-10-17T16:36:34+00:00","mainEntityOfPage":{"@id":"https:\/\/www.pep06.fr\/ader\/2016\/10\/12\/visite-au-mamac\/"},"wordCount":64,"commentCount":3,"publisher":{"@id":"https:\/\/www.pep06.fr\/ader\/#organization"},"image":{"@id":"https:\/\/www.pep06.fr\/ader\/2016\/10\/12\/visite-au-mamac\/#primaryimage"},"thumbnailUrl":"http:\/\/www.pep06.fr\/ader\/wp-content\/uploads\/sites\/3\/2016\/10\/IMG_1520-1-300x225.jpg","articleSection":["Les \u00e9v\u00e8nements"],"inLanguage":"fr-FR","potentialAction":[{"@type":"CommentAction","name":"Comment","target":["https:\/\/www.pep06.fr\/ader\/2016\/10\/12\/visite-au-mamac\/#respond"]}]},{"@type":"WebPage","@id":"https:\/\/www.pep06.fr\/ader\/2016\/10\/12\/visite-au-mamac\/","url":"https:\/\/www.pep06.fr\/ader\/2016\/10\/12\/visite-au-mamac\/","name":"Visite au MAMAC - IES Cl\u00e9ment Ader","isPartOf":{"@id":"https:\/\/www.pep06.fr\/ader\/#website"},"primaryImageOfPage":{"@id":"https:\/\/www.pep06.fr\/ader\/2016\/10\/12\/visite-au-mamac\/#primaryimage"},"image":{"@id":"https:\/\/www.pep06.fr\/ader\/2016\/10\/12\/visite-au-mamac\/#primaryimage"},"thumbnailUrl":"http:\/\/www.pep06.fr\/ader\/wp-content\/uploads\/sites\/3\/2016\/10\/IMG_1520-1-300x225.jpg","datePublished":"2016-10-12T06:53:49+00:00","dateModified":"2016-10-17T16:36:34+00:00","description":"L\u2019institut d\u2019\u00e9ducation sensorielle Cl\u00e9ment Ader PEP06 accueille un public \u00e2g\u00e9 de 6 \u00e0 20 ans pr\u00e9sentant une d\u00e9ficience visuelle et\/ou auditive","breadcrumb":{"@id":"https:\/\/www.pep06.fr\/ader\/2016\/10\/12\/visite-au-mamac\/#breadcrumb"},"inLanguage":"fr-FR","potentialAction":[{"@type":"ReadAction","target":["https:\/\/www.pep06.fr\/ader\/2016\/10\/12\/visite-au-mamac\/"]}]},{"@type":"ImageObject","inLanguage":"fr-FR","@id":"https:\/\/www.pep06.fr\/ader\/2016\/10\/12\/visite-au-mamac\/#primaryimage","url":"https:\/\/www.pep06.fr\/ader\/wp-content\/uploads\/sites\/3\/2016\/10\/IMG_1520-1.jpg","contentUrl":"https:\/\/www.pep06.fr\/ader\/wp-content\/uploads\/sites\/3\/2016\/10\/IMG_1520-1.jpg","width":3264,"height":2448},{"@type":"BreadcrumbList","@id":"https:\/\/www.pep06.fr\/ader\/2016\/10\/12\/visite-au-mamac\/#breadcrumb","itemListElement":[{"@type":"ListItem","position":1,"name":"Accueil","item":"https:\/\/www.pep06.fr\/ader\/"},{"@type":"ListItem","position":2,"name":"Visite au MAMAC"}]},{"@type":"WebSite","@id":"https:\/\/www.pep06.fr\/ader\/#website","url":"https:\/\/www.pep06.fr\/ader\/","name":"IES Cl\u00e9ment Ader","description":"Le site de l&#039;IES Cl\u00e9ment Ader des PEP 06","publisher":{"@id":"https:\/\/www.pep06.fr\/ader\/#organization"},"potentialAction":[{"@type":"SearchAction","target":{"@type":"EntryPoint","urlTemplate":"https:\/\/www.pep06.fr\/ader\/?s={search_term_string}"},"query-input":{"@type":"PropertyValueSpecification","valueRequired":true,"valueName":"search_term_string"}}],"inLanguage":"fr-FR"},{"@type":"Organization","@id":"https:\/\/www.pep06.fr\/ader\/#organization","name":"PEP 06","url":"https:\/\/www.pep06.fr\/ader\/","logo":{"@type":"ImageObject","inLanguage":"fr-FR","@id":"https:\/\/www.pep06.fr\/ader\/#\/schema\/logo\/image\/","url":"https:\/\/www.pep06.fr\/ader\/wp-content\/uploads\/sites\/3\/2015\/11\/Logo-PEP06.png","contentUrl":"https:\/\/www.pep06.fr\/ader\/wp-content\/uploads\/sites\/3\/2015\/11\/Logo-PEP06.png","width":915,"height":915,"caption":"PEP 06"},"image":{"@id":"https:\/\/www.pep06.fr\/ader\/#\/schema\/logo\/image\/"},"sameAs":["https:\/\/www.facebook.com\/ADPEP06"]},{"@type":"Person","@id":"","url":"https:\/\/www.pep06.fr\/ader\/author\/"}]}},"jetpack_publicize_connections":[],"jetpack_featured_media_url":"","jetpack_sharing_enabled":true,"jetpack_shortlink":"https:\/\/wp.me\/p6ZrSJ-6U","_links":{"self":[{"href":"https:\/\/www.pep06.fr\/ader\/wp-json\/wp\/v2\/posts\/428","targetHints":{"allow":["GET"]}}],"collection":[{"href":"https:\/\/www.pep06.fr\/ader\/wp-json\/wp\/v2\/posts"}],"about":[{"href":"https:\/\/www.pep06.fr\/ader\/wp-json\/wp\/v2\/types\/post"}],"author":[{"embeddable":true,"href":"https:\/\/www.pep06.fr\/ader\/wp-json\/wp\/v2\/users\/4"}],"replies":[{"embeddable":true,"href":"https:\/\/www.pep06.fr\/ader\/wp-json\/wp\/v2\/comments?post=428"}],"version-history":[{"count":3,"href":"https:\/\/www.pep06.fr\/ader\/wp-json\/wp\/v2\/posts\/428\/revisions"}],"predecessor-version":[{"id":444,"href":"https:\/\/www.pep06.fr\/ader\/wp-json\/wp\/v2\/posts\/428\/revisions\/444"}],"wp:attachment":[{"href":"https:\/\/www.pep06.fr\/ader\/wp-json\/wp\/v2\/media?parent=428"}],"wp:term":[{"taxonomy":"category","embeddable":true,"href":"https:\/\/www.pep06.fr\/ader\/wp-json\/wp\/v2\/categories?post=428"},{"taxonomy":"post_tag","embeddable":true,"href":"https:\/\/www.pep06.fr\/ader\/wp-json\/wp\/v2\/tags?post=428"}],"curies":[{"name":"wp","href":"https:\/\/api.w.org\/{rel}","templated":true}]}}