{"id":476,"date":"2017-01-04T10:21:33","date_gmt":"2017-01-04T09:21:33","guid":{"rendered":"http:\/\/www.pep06.fr\/ader\/?p=476"},"modified":"2017-01-04T10:32:40","modified_gmt":"2017-01-04T09:32:40","slug":"le-cafe-presse","status":"publish","type":"post","link":"https:\/\/www.pep06.fr\/ader\/2017\/01\/04\/le-cafe-presse\/","title":{"rendered":"Le caf\u00e9 presse par Alexandre Ferrer"},"content":{"rendered":"<ol>\n<li><u>Organisation<\/u><\/li>\n<\/ol>\n<p>Le Caf\u00e9 Presse est comme une r\u00e9union entre amis sauf qu\u2019on \u00e9coute les informations et les actualit\u00e9s du jour, lues dans le journal de Nice Matin ou dans d\u2019autres journaux, devant un bon caf\u00e9 ou un th\u00e9.<\/p>\n<p><a href=\"http:\/\/www.pep06.fr\/ader\/wp-content\/uploads\/sites\/3\/2017\/01\/20161215_103828-1.jpg\"><img loading=\"lazy\" decoding=\"async\" data-attachment-id=\"484\" data-permalink=\"https:\/\/www.pep06.fr\/ader\/2017\/01\/04\/le-cafe-presse\/20161215_103828-2\/#main\" data-orig-file=\"https:\/\/www.pep06.fr\/ader\/wp-content\/uploads\/sites\/3\/2017\/01\/20161215_103828-1.jpg\" data-orig-size=\"2560,1920\" data-comments-opened=\"1\" data-image-meta=\"{&quot;aperture&quot;:&quot;2.6&quot;,&quot;credit&quot;:&quot;&quot;,&quot;camera&quot;:&quot;GT-I8730&quot;,&quot;caption&quot;:&quot;&quot;,&quot;created_timestamp&quot;:&quot;1481798307&quot;,&quot;copyright&quot;:&quot;&quot;,&quot;focal_length&quot;:&quot;3.55&quot;,&quot;iso&quot;:&quot;100&quot;,&quot;shutter_speed&quot;:&quot;0.058823529411765&quot;,&quot;title&quot;:&quot;&quot;,&quot;orientation&quot;:&quot;1&quot;}\" data-image-title=\"20161215_103828\" data-image-description=\"\" data-image-caption=\"\" data-large-file=\"https:\/\/www.pep06.fr\/ader\/wp-content\/uploads\/sites\/3\/2017\/01\/20161215_103828-1-1024x768.jpg\" class=\"size-medium wp-image-484 aligncenter\" src=\"http:\/\/www.pep06.fr\/ader\/wp-content\/uploads\/sites\/3\/2017\/01\/20161215_103828-1-300x225.jpg\" alt=\"\" width=\"300\" height=\"225\" srcset=\"https:\/\/www.pep06.fr\/ader\/wp-content\/uploads\/sites\/3\/2017\/01\/20161215_103828-1-300x225.jpg 300w, https:\/\/www.pep06.fr\/ader\/wp-content\/uploads\/sites\/3\/2017\/01\/20161215_103828-1-768x576.jpg 768w, https:\/\/www.pep06.fr\/ader\/wp-content\/uploads\/sites\/3\/2017\/01\/20161215_103828-1-1024x768.jpg 1024w\" sizes=\"auto, (max-width: 300px) 100vw, 300px\" \/><\/a><\/p>\n<p>&nbsp;<\/p>\n<p>Chacun a son r\u00f4le\u00a0:<\/p>\n<p>Georgette\u00a0(ou une autre personne)\u00a0: S\u2019occupe de lire le journal comme tous les jeudis matins.<\/p>\n<p><a href=\"http:\/\/www.pep06.fr\/ader\/wp-content\/uploads\/sites\/3\/2017\/01\/20161215_103620-1.jpg\"><img loading=\"lazy\" decoding=\"async\" data-attachment-id=\"483\" data-permalink=\"https:\/\/www.pep06.fr\/ader\/2017\/01\/04\/le-cafe-presse\/20161215_103620-2\/#main\" data-orig-file=\"https:\/\/www.pep06.fr\/ader\/wp-content\/uploads\/sites\/3\/2017\/01\/20161215_103620-1.jpg\" data-orig-size=\"1920,2560\" data-comments-opened=\"1\" data-image-meta=\"{&quot;aperture&quot;:&quot;2.6&quot;,&quot;credit&quot;:&quot;&quot;,&quot;camera&quot;:&quot;GT-I8730&quot;,&quot;caption&quot;:&quot;&quot;,&quot;created_timestamp&quot;:&quot;1481798179&quot;,&quot;copyright&quot;:&quot;&quot;,&quot;focal_length&quot;:&quot;3.55&quot;,&quot;iso&quot;:&quot;125&quot;,&quot;shutter_speed&quot;:&quot;0.058823529411765&quot;,&quot;title&quot;:&quot;&quot;,&quot;orientation&quot;:&quot;1&quot;}\" data-image-title=\"20161215_103620\" data-image-description=\"\" data-image-caption=\"\" data-large-file=\"https:\/\/www.pep06.fr\/ader\/wp-content\/uploads\/sites\/3\/2017\/01\/20161215_103620-1-768x1024.jpg\" class=\"size-medium wp-image-483 alignnone\" src=\"http:\/\/www.pep06.fr\/ader\/wp-content\/uploads\/sites\/3\/2017\/01\/20161215_103620-1-225x300.jpg\" alt=\"\" width=\"225\" height=\"300\" srcset=\"https:\/\/www.pep06.fr\/ader\/wp-content\/uploads\/sites\/3\/2017\/01\/20161215_103620-1-225x300.jpg 225w, https:\/\/www.pep06.fr\/ader\/wp-content\/uploads\/sites\/3\/2017\/01\/20161215_103620-1-768x1024.jpg 768w, https:\/\/www.pep06.fr\/ader\/wp-content\/uploads\/sites\/3\/2017\/01\/20161215_103620-1.jpg 1920w\" sizes=\"auto, (max-width: 225px) 100vw, 225px\" \/><\/a><\/p>\n<p>Alexandre (Moi) ou David\u00a0: S\u2019occupe de pr\u00e9parer le caf\u00e9 ou le th\u00e9\u00a0(fonction de l\u2019organisation).<\/p>\n<p>David\u00a0: S\u2019occupe de la qu\u00eate pour l\u2019Association (2\u20ac)<\/p>\n<p><a href=\"http:\/\/www.pep06.fr\/ader\/wp-content\/uploads\/sites\/3\/2017\/01\/20161215_102546-2.jpg\"><img loading=\"lazy\" decoding=\"async\" data-attachment-id=\"482\" data-permalink=\"https:\/\/www.pep06.fr\/ader\/2017\/01\/04\/le-cafe-presse\/20161215_102546-3\/#main\" data-orig-file=\"https:\/\/www.pep06.fr\/ader\/wp-content\/uploads\/sites\/3\/2017\/01\/20161215_102546-2.jpg\" data-orig-size=\"1280,960\" data-comments-opened=\"1\" data-image-meta=\"{&quot;aperture&quot;:&quot;2.8&quot;,&quot;credit&quot;:&quot;&quot;,&quot;camera&quot;:&quot;GT-I8730&quot;,&quot;caption&quot;:&quot;&quot;,&quot;created_timestamp&quot;:&quot;1481797545&quot;,&quot;copyright&quot;:&quot;&quot;,&quot;focal_length&quot;:&quot;2.17&quot;,&quot;iso&quot;:&quot;200&quot;,&quot;shutter_speed&quot;:&quot;0.125&quot;,&quot;title&quot;:&quot;&quot;,&quot;orientation&quot;:&quot;1&quot;}\" data-image-title=\"20161215_102546\" data-image-description=\"\" data-image-caption=\"\" data-large-file=\"https:\/\/www.pep06.fr\/ader\/wp-content\/uploads\/sites\/3\/2017\/01\/20161215_102546-2-1024x768.jpg\" class=\"size-medium wp-image-482 alignnone\" src=\"http:\/\/www.pep06.fr\/ader\/wp-content\/uploads\/sites\/3\/2017\/01\/20161215_102546-2-300x225.jpg\" alt=\"\" width=\"300\" height=\"225\" srcset=\"https:\/\/www.pep06.fr\/ader\/wp-content\/uploads\/sites\/3\/2017\/01\/20161215_102546-2-300x225.jpg 300w, https:\/\/www.pep06.fr\/ader\/wp-content\/uploads\/sites\/3\/2017\/01\/20161215_102546-2-768x576.jpg 768w, https:\/\/www.pep06.fr\/ader\/wp-content\/uploads\/sites\/3\/2017\/01\/20161215_102546-2-1024x768.jpg 1024w, https:\/\/www.pep06.fr\/ader\/wp-content\/uploads\/sites\/3\/2017\/01\/20161215_102546-2.jpg 1280w\" sizes=\"auto, (max-width: 300px) 100vw, 300px\" \/><\/a><\/p>\n<p>&nbsp;<\/p>\n<p><u>2) Le trajet<\/u><\/p>\n<p>L\u2019organisation pour me d\u00e9placer de l\u2019IES \u00e0 l\u2019Association des Aveugles de Nice\u00a0:<\/p>\n<p>Horaires:<\/p>\n<p>Je prends le tramway vers 8h45 pour arriver \u00e0 l\u2019Association vers 9h15 puis vers 11h15 je repars pour arriver \u00e0 l\u2019IES vers 11h45.<\/p>\n<p>Mon Voyage Aller\/Retour\u00a0:<\/p>\n<p>Tram Ligne 1\u00a0: Arr\u00eat St Roch puis arriv\u00e9 \u00e0 l\u2019arr\u00eat Jean M\u00e9decin pour aller au Caf\u00e9 Presse.<\/p>\n<p>Sens inverse:\u00a0Tram ligne 1\u00a0: Arr\u00eat Jean M\u00e9decin pour revenir \u00e0 l\u2019arr\u00eat St Roch.<\/p>\n<p>S\u2019il y a un probl\u00e8me de tramway ou autre, je pr\u00e9viens imm\u00e9diatement l\u2019IES (le secr\u00e9tariat) avec mon t\u00e9l\u00e9phone personnel<\/p>\n<p><u>3) Ce que j\u2019aime et ce que je n\u2019aime pas<\/u><\/p>\n<p>Ce que j\u2019aime c\u2019est de rester tous ensemble en \u00e9coutant les actualit\u00e9s.<\/p>\n<p>Ce que je n\u2019aime pas c\u2019est de boire du caf\u00e9\u00a0!<\/p>\n<p><a href=\"http:\/\/www.pep06.fr\/ader\/wp-content\/uploads\/sites\/3\/2017\/01\/20161215_103455.jpg\"><img loading=\"lazy\" decoding=\"async\" data-attachment-id=\"477\" data-permalink=\"https:\/\/www.pep06.fr\/ader\/2017\/01\/04\/le-cafe-presse\/20161215_103455\/#main\" data-orig-file=\"https:\/\/www.pep06.fr\/ader\/wp-content\/uploads\/sites\/3\/2017\/01\/20161215_103455.jpg\" data-orig-size=\"2560,1920\" data-comments-opened=\"1\" data-image-meta=\"{&quot;aperture&quot;:&quot;2.6&quot;,&quot;credit&quot;:&quot;&quot;,&quot;camera&quot;:&quot;GT-I8730&quot;,&quot;caption&quot;:&quot;&quot;,&quot;created_timestamp&quot;:&quot;1481798094&quot;,&quot;copyright&quot;:&quot;&quot;,&quot;focal_length&quot;:&quot;3.55&quot;,&quot;iso&quot;:&quot;160&quot;,&quot;shutter_speed&quot;:&quot;0.076923076923077&quot;,&quot;title&quot;:&quot;&quot;,&quot;orientation&quot;:&quot;1&quot;}\" data-image-title=\"20161215_103455\" data-image-description=\"\" data-image-caption=\"\" data-large-file=\"https:\/\/www.pep06.fr\/ader\/wp-content\/uploads\/sites\/3\/2017\/01\/20161215_103455-1024x768.jpg\" class=\"wp-image-477 aligncenter\" src=\"http:\/\/www.pep06.fr\/ader\/wp-content\/uploads\/sites\/3\/2017\/01\/20161215_103455-300x225.jpg\" alt=\"\" width=\"488\" height=\"366\" srcset=\"https:\/\/www.pep06.fr\/ader\/wp-content\/uploads\/sites\/3\/2017\/01\/20161215_103455-300x225.jpg 300w, https:\/\/www.pep06.fr\/ader\/wp-content\/uploads\/sites\/3\/2017\/01\/20161215_103455-768x576.jpg 768w, https:\/\/www.pep06.fr\/ader\/wp-content\/uploads\/sites\/3\/2017\/01\/20161215_103455-1024x768.jpg 1024w\" sizes=\"auto, (max-width: 488px) 100vw, 488px\" \/><\/a><\/p>\n","protected":false},"excerpt":{"rendered":"<p>Organisation Le Caf\u00e9 Presse est comme une r\u00e9union entre amis sauf qu\u2019on \u00e9coute les informations et les actualit\u00e9s du jour, lues dans le journal de Nice Matin ou dans d\u2019autres journaux, devant un bon caf\u00e9 ou un th\u00e9. &nbsp; Chacun a son r\u00f4le\u00a0: Georgette\u00a0(ou une autre personne)\u00a0: S\u2019occupe de lire le journal comme tous les&#8230;<\/p>\n<p><a href=\"https:\/\/www.pep06.fr\/ader\/2017\/01\/04\/le-cafe-presse\/\"><span class=\"glyphicon glyphicon-arrow-right\"><\/span>&nbsp;Poursuivre la lecture<\/a><\/p>","protected":false},"author":4,"featured_media":0,"comment_status":"open","ping_status":"open","sticky":false,"template":"","format":"standard","meta":{"_uf_show_specific_survey":0,"_uf_disable_surveys":false,"jetpack_post_was_ever_published":false,"_jetpack_newsletter_access":"","_jetpack_dont_email_post_to_subs":true,"_jetpack_newsletter_tier_id":0,"_jetpack_memberships_contains_paywalled_content":false,"_jetpack_memberships_contains_paid_content":false,"footnotes":"","jetpack_publicize_message":"","jetpack_publicize_feature_enabled":true,"jetpack_social_post_already_shared":true,"jetpack_social_options":{"image_generator_settings":{"template":"highway","default_image_id":0,"font":"","enabled":false},"version":2}},"categories":[5],"tags":[],"class_list":["post-476","post","type-post","status-publish","format-standard","hentry","category-etablissement"],"yoast_head":"<!-- This site is optimized with the Yoast SEO plugin v27.5 - https:\/\/yoast.com\/product\/yoast-seo-wordpress\/ -->\n<title>Le caf\u00e9 presse par Alexandre Ferrer - IES Cl\u00e9ment Ader<\/title>\n<meta name=\"description\" content=\"L\u2019institut d\u2019\u00e9ducation sensorielle Cl\u00e9ment Ader PEP06 accueille un public \u00e2g\u00e9 de 6 \u00e0 20 ans pr\u00e9sentant une d\u00e9ficience visuelle et\/ou auditive\" \/>\n<meta name=\"robots\" content=\"index, follow, max-snippet:-1, max-image-preview:large, max-video-preview:-1\" \/>\n<link rel=\"canonical\" href=\"https:\/\/www.pep06.fr\/ader\/2017\/01\/04\/le-cafe-presse\/\" \/>\n<meta property=\"og:locale\" content=\"fr_FR\" \/>\n<meta property=\"og:type\" content=\"article\" \/>\n<meta property=\"og:title\" content=\"Le caf\u00e9 presse par Alexandre Ferrer - IES Cl\u00e9ment Ader\" \/>\n<meta property=\"og:description\" content=\"L\u2019institut d\u2019\u00e9ducation sensorielle Cl\u00e9ment Ader PEP06 accueille un public \u00e2g\u00e9 de 6 \u00e0 20 ans pr\u00e9sentant une d\u00e9ficience visuelle et\/ou auditive\" \/>\n<meta property=\"og:url\" content=\"https:\/\/www.pep06.fr\/ader\/2017\/01\/04\/le-cafe-presse\/\" \/>\n<meta property=\"og:site_name\" content=\"IES Cl\u00e9ment Ader\" \/>\n<meta property=\"article:publisher\" content=\"https:\/\/www.facebook.com\/ADPEP06\" \/>\n<meta property=\"article:published_time\" content=\"2017-01-04T09:21:33+00:00\" \/>\n<meta property=\"article:modified_time\" content=\"2017-01-04T09:32:40+00:00\" \/>\n<meta property=\"og:image\" content=\"http:\/\/www.pep06.fr\/ader\/wp-content\/uploads\/sites\/3\/2017\/01\/20161215_103828-1-300x225.jpg\" \/>\n<meta name=\"twitter:card\" content=\"summary_large_image\" \/>\n<meta name=\"twitter:label1\" content=\"\u00c9crit par\" \/>\n\t<meta name=\"twitter:data1\" content=\"\" \/>\n\t<meta name=\"twitter:label2\" content=\"Dur\u00e9e de lecture estim\u00e9e\" \/>\n\t<meta name=\"twitter:data2\" content=\"1 minute\" \/>\n<script type=\"application\/ld+json\" class=\"yoast-schema-graph\">{\"@context\":\"https:\\\/\\\/schema.org\",\"@graph\":[{\"@type\":\"Article\",\"@id\":\"https:\\\/\\\/www.pep06.fr\\\/ader\\\/2017\\\/01\\\/04\\\/le-cafe-presse\\\/#article\",\"isPartOf\":{\"@id\":\"https:\\\/\\\/www.pep06.fr\\\/ader\\\/2017\\\/01\\\/04\\\/le-cafe-presse\\\/\"},\"author\":{\"name\":\"\",\"@id\":\"\"},\"headline\":\"Le caf\u00e9 presse par Alexandre Ferrer\",\"datePublished\":\"2017-01-04T09:21:33+00:00\",\"dateModified\":\"2017-01-04T09:32:40+00:00\",\"mainEntityOfPage\":{\"@id\":\"https:\\\/\\\/www.pep06.fr\\\/ader\\\/2017\\\/01\\\/04\\\/le-cafe-presse\\\/\"},\"wordCount\":244,\"commentCount\":0,\"publisher\":{\"@id\":\"https:\\\/\\\/www.pep06.fr\\\/ader\\\/#organization\"},\"image\":{\"@id\":\"https:\\\/\\\/www.pep06.fr\\\/ader\\\/2017\\\/01\\\/04\\\/le-cafe-presse\\\/#primaryimage\"},\"thumbnailUrl\":\"http:\\\/\\\/www.pep06.fr\\\/ader\\\/wp-content\\\/uploads\\\/sites\\\/3\\\/2017\\\/01\\\/20161215_103828-1-300x225.jpg\",\"articleSection\":[\"L'\u00e9tablissement\"],\"inLanguage\":\"fr-FR\",\"potentialAction\":[{\"@type\":\"CommentAction\",\"name\":\"Comment\",\"target\":[\"https:\\\/\\\/www.pep06.fr\\\/ader\\\/2017\\\/01\\\/04\\\/le-cafe-presse\\\/#respond\"]}]},{\"@type\":\"WebPage\",\"@id\":\"https:\\\/\\\/www.pep06.fr\\\/ader\\\/2017\\\/01\\\/04\\\/le-cafe-presse\\\/\",\"url\":\"https:\\\/\\\/www.pep06.fr\\\/ader\\\/2017\\\/01\\\/04\\\/le-cafe-presse\\\/\",\"name\":\"Le caf\u00e9 presse par Alexandre Ferrer - IES Cl\u00e9ment Ader\",\"isPartOf\":{\"@id\":\"https:\\\/\\\/www.pep06.fr\\\/ader\\\/#website\"},\"primaryImageOfPage\":{\"@id\":\"https:\\\/\\\/www.pep06.fr\\\/ader\\\/2017\\\/01\\\/04\\\/le-cafe-presse\\\/#primaryimage\"},\"image\":{\"@id\":\"https:\\\/\\\/www.pep06.fr\\\/ader\\\/2017\\\/01\\\/04\\\/le-cafe-presse\\\/#primaryimage\"},\"thumbnailUrl\":\"http:\\\/\\\/www.pep06.fr\\\/ader\\\/wp-content\\\/uploads\\\/sites\\\/3\\\/2017\\\/01\\\/20161215_103828-1-300x225.jpg\",\"datePublished\":\"2017-01-04T09:21:33+00:00\",\"dateModified\":\"2017-01-04T09:32:40+00:00\",\"description\":\"L\u2019institut d\u2019\u00e9ducation sensorielle Cl\u00e9ment Ader PEP06 accueille un public \u00e2g\u00e9 de 6 \u00e0 20 ans pr\u00e9sentant une d\u00e9ficience visuelle et\\\/ou auditive\",\"breadcrumb\":{\"@id\":\"https:\\\/\\\/www.pep06.fr\\\/ader\\\/2017\\\/01\\\/04\\\/le-cafe-presse\\\/#breadcrumb\"},\"inLanguage\":\"fr-FR\",\"potentialAction\":[{\"@type\":\"ReadAction\",\"target\":[\"https:\\\/\\\/www.pep06.fr\\\/ader\\\/2017\\\/01\\\/04\\\/le-cafe-presse\\\/\"]}]},{\"@type\":\"ImageObject\",\"inLanguage\":\"fr-FR\",\"@id\":\"https:\\\/\\\/www.pep06.fr\\\/ader\\\/2017\\\/01\\\/04\\\/le-cafe-presse\\\/#primaryimage\",\"url\":\"https:\\\/\\\/www.pep06.fr\\\/ader\\\/wp-content\\\/uploads\\\/sites\\\/3\\\/2017\\\/01\\\/20161215_103828-1.jpg\",\"contentUrl\":\"https:\\\/\\\/www.pep06.fr\\\/ader\\\/wp-content\\\/uploads\\\/sites\\\/3\\\/2017\\\/01\\\/20161215_103828-1.jpg\",\"width\":2560,\"height\":1920},{\"@type\":\"BreadcrumbList\",\"@id\":\"https:\\\/\\\/www.pep06.fr\\\/ader\\\/2017\\\/01\\\/04\\\/le-cafe-presse\\\/#breadcrumb\",\"itemListElement\":[{\"@type\":\"ListItem\",\"position\":1,\"name\":\"Accueil\",\"item\":\"https:\\\/\\\/www.pep06.fr\\\/ader\\\/\"},{\"@type\":\"ListItem\",\"position\":2,\"name\":\"Le caf\u00e9 presse par Alexandre Ferrer\"}]},{\"@type\":\"WebSite\",\"@id\":\"https:\\\/\\\/www.pep06.fr\\\/ader\\\/#website\",\"url\":\"https:\\\/\\\/www.pep06.fr\\\/ader\\\/\",\"name\":\"IES Cl\u00e9ment Ader\",\"description\":\"Le site de l&#039;IES Cl\u00e9ment Ader des PEP 06\",\"publisher\":{\"@id\":\"https:\\\/\\\/www.pep06.fr\\\/ader\\\/#organization\"},\"potentialAction\":[{\"@type\":\"SearchAction\",\"target\":{\"@type\":\"EntryPoint\",\"urlTemplate\":\"https:\\\/\\\/www.pep06.fr\\\/ader\\\/?s={search_term_string}\"},\"query-input\":{\"@type\":\"PropertyValueSpecification\",\"valueRequired\":true,\"valueName\":\"search_term_string\"}}],\"inLanguage\":\"fr-FR\"},{\"@type\":\"Organization\",\"@id\":\"https:\\\/\\\/www.pep06.fr\\\/ader\\\/#organization\",\"name\":\"PEP 06\",\"url\":\"https:\\\/\\\/www.pep06.fr\\\/ader\\\/\",\"logo\":{\"@type\":\"ImageObject\",\"inLanguage\":\"fr-FR\",\"@id\":\"https:\\\/\\\/www.pep06.fr\\\/ader\\\/#\\\/schema\\\/logo\\\/image\\\/\",\"url\":\"https:\\\/\\\/www.pep06.fr\\\/ader\\\/wp-content\\\/uploads\\\/sites\\\/3\\\/2015\\\/11\\\/Logo-PEP06.png\",\"contentUrl\":\"https:\\\/\\\/www.pep06.fr\\\/ader\\\/wp-content\\\/uploads\\\/sites\\\/3\\\/2015\\\/11\\\/Logo-PEP06.png\",\"width\":915,\"height\":915,\"caption\":\"PEP 06\"},\"image\":{\"@id\":\"https:\\\/\\\/www.pep06.fr\\\/ader\\\/#\\\/schema\\\/logo\\\/image\\\/\"},\"sameAs\":[\"https:\\\/\\\/www.facebook.com\\\/ADPEP06\"]},{\"@type\":\"Person\",\"@id\":\"\",\"url\":\"https:\\\/\\\/www.pep06.fr\\\/ader\\\/author\\\/\"}]}<\/script>\n<!-- \/ Yoast SEO plugin. -->","yoast_head_json":{"title":"Le caf\u00e9 presse par Alexandre Ferrer - IES Cl\u00e9ment Ader","description":"L\u2019institut d\u2019\u00e9ducation sensorielle Cl\u00e9ment Ader PEP06 accueille un public \u00e2g\u00e9 de 6 \u00e0 20 ans pr\u00e9sentant une d\u00e9ficience visuelle et\/ou auditive","robots":{"index":"index","follow":"follow","max-snippet":"max-snippet:-1","max-image-preview":"max-image-preview:large","max-video-preview":"max-video-preview:-1"},"canonical":"https:\/\/www.pep06.fr\/ader\/2017\/01\/04\/le-cafe-presse\/","og_locale":"fr_FR","og_type":"article","og_title":"Le caf\u00e9 presse par Alexandre Ferrer - IES Cl\u00e9ment Ader","og_description":"L\u2019institut d\u2019\u00e9ducation sensorielle Cl\u00e9ment Ader PEP06 accueille un public \u00e2g\u00e9 de 6 \u00e0 20 ans pr\u00e9sentant une d\u00e9ficience visuelle et\/ou auditive","og_url":"https:\/\/www.pep06.fr\/ader\/2017\/01\/04\/le-cafe-presse\/","og_site_name":"IES Cl\u00e9ment Ader","article_publisher":"https:\/\/www.facebook.com\/ADPEP06","article_published_time":"2017-01-04T09:21:33+00:00","article_modified_time":"2017-01-04T09:32:40+00:00","og_image":[{"url":"http:\/\/www.pep06.fr\/ader\/wp-content\/uploads\/sites\/3\/2017\/01\/20161215_103828-1-300x225.jpg","type":"","width":"","height":""}],"twitter_card":"summary_large_image","twitter_misc":{"\u00c9crit par":"","Dur\u00e9e de lecture estim\u00e9e":"1 minute"},"schema":{"@context":"https:\/\/schema.org","@graph":[{"@type":"Article","@id":"https:\/\/www.pep06.fr\/ader\/2017\/01\/04\/le-cafe-presse\/#article","isPartOf":{"@id":"https:\/\/www.pep06.fr\/ader\/2017\/01\/04\/le-cafe-presse\/"},"author":{"name":"","@id":""},"headline":"Le caf\u00e9 presse par Alexandre Ferrer","datePublished":"2017-01-04T09:21:33+00:00","dateModified":"2017-01-04T09:32:40+00:00","mainEntityOfPage":{"@id":"https:\/\/www.pep06.fr\/ader\/2017\/01\/04\/le-cafe-presse\/"},"wordCount":244,"commentCount":0,"publisher":{"@id":"https:\/\/www.pep06.fr\/ader\/#organization"},"image":{"@id":"https:\/\/www.pep06.fr\/ader\/2017\/01\/04\/le-cafe-presse\/#primaryimage"},"thumbnailUrl":"http:\/\/www.pep06.fr\/ader\/wp-content\/uploads\/sites\/3\/2017\/01\/20161215_103828-1-300x225.jpg","articleSection":["L'\u00e9tablissement"],"inLanguage":"fr-FR","potentialAction":[{"@type":"CommentAction","name":"Comment","target":["https:\/\/www.pep06.fr\/ader\/2017\/01\/04\/le-cafe-presse\/#respond"]}]},{"@type":"WebPage","@id":"https:\/\/www.pep06.fr\/ader\/2017\/01\/04\/le-cafe-presse\/","url":"https:\/\/www.pep06.fr\/ader\/2017\/01\/04\/le-cafe-presse\/","name":"Le caf\u00e9 presse par Alexandre Ferrer - IES Cl\u00e9ment Ader","isPartOf":{"@id":"https:\/\/www.pep06.fr\/ader\/#website"},"primaryImageOfPage":{"@id":"https:\/\/www.pep06.fr\/ader\/2017\/01\/04\/le-cafe-presse\/#primaryimage"},"image":{"@id":"https:\/\/www.pep06.fr\/ader\/2017\/01\/04\/le-cafe-presse\/#primaryimage"},"thumbnailUrl":"http:\/\/www.pep06.fr\/ader\/wp-content\/uploads\/sites\/3\/2017\/01\/20161215_103828-1-300x225.jpg","datePublished":"2017-01-04T09:21:33+00:00","dateModified":"2017-01-04T09:32:40+00:00","description":"L\u2019institut d\u2019\u00e9ducation sensorielle Cl\u00e9ment Ader PEP06 accueille un public \u00e2g\u00e9 de 6 \u00e0 20 ans pr\u00e9sentant une d\u00e9ficience visuelle et\/ou auditive","breadcrumb":{"@id":"https:\/\/www.pep06.fr\/ader\/2017\/01\/04\/le-cafe-presse\/#breadcrumb"},"inLanguage":"fr-FR","potentialAction":[{"@type":"ReadAction","target":["https:\/\/www.pep06.fr\/ader\/2017\/01\/04\/le-cafe-presse\/"]}]},{"@type":"ImageObject","inLanguage":"fr-FR","@id":"https:\/\/www.pep06.fr\/ader\/2017\/01\/04\/le-cafe-presse\/#primaryimage","url":"https:\/\/www.pep06.fr\/ader\/wp-content\/uploads\/sites\/3\/2017\/01\/20161215_103828-1.jpg","contentUrl":"https:\/\/www.pep06.fr\/ader\/wp-content\/uploads\/sites\/3\/2017\/01\/20161215_103828-1.jpg","width":2560,"height":1920},{"@type":"BreadcrumbList","@id":"https:\/\/www.pep06.fr\/ader\/2017\/01\/04\/le-cafe-presse\/#breadcrumb","itemListElement":[{"@type":"ListItem","position":1,"name":"Accueil","item":"https:\/\/www.pep06.fr\/ader\/"},{"@type":"ListItem","position":2,"name":"Le caf\u00e9 presse par Alexandre Ferrer"}]},{"@type":"WebSite","@id":"https:\/\/www.pep06.fr\/ader\/#website","url":"https:\/\/www.pep06.fr\/ader\/","name":"IES Cl\u00e9ment Ader","description":"Le site de l&#039;IES Cl\u00e9ment Ader des PEP 06","publisher":{"@id":"https:\/\/www.pep06.fr\/ader\/#organization"},"potentialAction":[{"@type":"SearchAction","target":{"@type":"EntryPoint","urlTemplate":"https:\/\/www.pep06.fr\/ader\/?s={search_term_string}"},"query-input":{"@type":"PropertyValueSpecification","valueRequired":true,"valueName":"search_term_string"}}],"inLanguage":"fr-FR"},{"@type":"Organization","@id":"https:\/\/www.pep06.fr\/ader\/#organization","name":"PEP 06","url":"https:\/\/www.pep06.fr\/ader\/","logo":{"@type":"ImageObject","inLanguage":"fr-FR","@id":"https:\/\/www.pep06.fr\/ader\/#\/schema\/logo\/image\/","url":"https:\/\/www.pep06.fr\/ader\/wp-content\/uploads\/sites\/3\/2015\/11\/Logo-PEP06.png","contentUrl":"https:\/\/www.pep06.fr\/ader\/wp-content\/uploads\/sites\/3\/2015\/11\/Logo-PEP06.png","width":915,"height":915,"caption":"PEP 06"},"image":{"@id":"https:\/\/www.pep06.fr\/ader\/#\/schema\/logo\/image\/"},"sameAs":["https:\/\/www.facebook.com\/ADPEP06"]},{"@type":"Person","@id":"","url":"https:\/\/www.pep06.fr\/ader\/author\/"}]}},"jetpack_publicize_connections":[],"jetpack_featured_media_url":"","jetpack_sharing_enabled":true,"jetpack_shortlink":"https:\/\/wp.me\/p6ZrSJ-7G","_links":{"self":[{"href":"https:\/\/www.pep06.fr\/ader\/wp-json\/wp\/v2\/posts\/476","targetHints":{"allow":["GET"]}}],"collection":[{"href":"https:\/\/www.pep06.fr\/ader\/wp-json\/wp\/v2\/posts"}],"about":[{"href":"https:\/\/www.pep06.fr\/ader\/wp-json\/wp\/v2\/types\/post"}],"author":[{"embeddable":true,"href":"https:\/\/www.pep06.fr\/ader\/wp-json\/wp\/v2\/users\/4"}],"replies":[{"embeddable":true,"href":"https:\/\/www.pep06.fr\/ader\/wp-json\/wp\/v2\/comments?post=476"}],"version-history":[{"count":4,"href":"https:\/\/www.pep06.fr\/ader\/wp-json\/wp\/v2\/posts\/476\/revisions"}],"predecessor-version":[{"id":488,"href":"https:\/\/www.pep06.fr\/ader\/wp-json\/wp\/v2\/posts\/476\/revisions\/488"}],"wp:attachment":[{"href":"https:\/\/www.pep06.fr\/ader\/wp-json\/wp\/v2\/media?parent=476"}],"wp:term":[{"taxonomy":"category","embeddable":true,"href":"https:\/\/www.pep06.fr\/ader\/wp-json\/wp\/v2\/categories?post=476"},{"taxonomy":"post_tag","embeddable":true,"href":"https:\/\/www.pep06.fr\/ader\/wp-json\/wp\/v2\/tags?post=476"}],"curies":[{"name":"wp","href":"https:\/\/api.w.org\/{rel}","templated":true}]}}