{"id":1166,"date":"2016-06-06T09:13:33","date_gmt":"2016-06-06T08:13:33","guid":{"rendered":"http:\/\/www.pep06.fr\/matisse\/?p=1166"},"modified":"2016-06-20T10:58:53","modified_gmt":"2016-06-20T09:58:53","slug":"1166","status":"publish","type":"post","link":"https:\/\/www.pep06.fr\/matisse\/2016\/06\/06\/1166\/","title":{"rendered":"SEJOUR \u00c0 TENDE"},"content":{"rendered":"<p><a href=\"http:\/\/www.pep06.fr\/matisse\/wp-content\/uploads\/sites\/4\/2016\/06\/IMG_0273.jpg\">\u00a0<\/a><\/p>\n<p><a href=\"http:\/\/www.pep06.fr\/matisse\/wp-content\/uploads\/sites\/4\/2016\/06\/IMG_0254.jpg\"><img loading=\"lazy\" decoding=\"async\" data-attachment-id=\"1171\" data-permalink=\"https:\/\/www.pep06.fr\/matisse\/2016\/06\/06\/1166\/img_0254\/#main\" data-orig-file=\"https:\/\/www.pep06.fr\/matisse\/wp-content\/uploads\/sites\/4\/2016\/06\/IMG_0254.jpg\" data-orig-size=\"3264,2448\" data-comments-opened=\"1\" data-image-meta=\"{&quot;aperture&quot;:&quot;2.2&quot;,&quot;credit&quot;:&quot;&quot;,&quot;camera&quot;:&quot;iPhone 5s&quot;,&quot;caption&quot;:&quot;&quot;,&quot;created_timestamp&quot;:&quot;1464017215&quot;,&quot;copyright&quot;:&quot;&quot;,&quot;focal_length&quot;:&quot;4.15&quot;,&quot;iso&quot;:&quot;32&quot;,&quot;shutter_speed&quot;:&quot;0.00087719298245614&quot;,&quot;title&quot;:&quot;&quot;,&quot;orientation&quot;:&quot;1&quot;}\" data-image-title=\"IMG_0254\" data-image-description=\"\" data-image-caption=\"\" data-large-file=\"https:\/\/www.pep06.fr\/matisse\/wp-content\/uploads\/sites\/4\/2016\/06\/IMG_0254-1024x768.jpg\" class=\"alignnone size-medium wp-image-1171\" src=\"http:\/\/www.pep06.fr\/matisse\/wp-content\/uploads\/sites\/4\/2016\/06\/IMG_0254-300x225.jpg\" alt=\"IMG_0254\" width=\"300\" height=\"225\" srcset=\"https:\/\/www.pep06.fr\/matisse\/wp-content\/uploads\/sites\/4\/2016\/06\/IMG_0254-300x225.jpg 300w, https:\/\/www.pep06.fr\/matisse\/wp-content\/uploads\/sites\/4\/2016\/06\/IMG_0254-768x576.jpg 768w, https:\/\/www.pep06.fr\/matisse\/wp-content\/uploads\/sites\/4\/2016\/06\/IMG_0254-1024x768.jpg 1024w\" sizes=\"auto, (max-width: 300px) 100vw, 300px\" \/><\/a><\/p>\n<p>Lundi 23 mai &#8211;<strong>EQUITATION<\/strong><\/p>\n<p>Apres l&rsquo;installation et le repas, nous sommes all\u00e9s \u00e0 un centre \u00e9questre\u00a0 on\u00a0 a bross\u00e9 et \u00e9quip\u00e9\u00a0les chevaux. Ensuite, on a mis les pieds dans les \u00e9triers et on est parti faire une balade.<a href=\"http:\/\/www.pep06.fr\/matisse\/wp-content\/uploads\/sites\/4\/2016\/06\/IMG_0273.jpg\"><img loading=\"lazy\" decoding=\"async\" data-attachment-id=\"1179\" data-permalink=\"https:\/\/www.pep06.fr\/matisse\/2016\/06\/06\/1166\/img_0273\/#main\" data-orig-file=\"https:\/\/www.pep06.fr\/matisse\/wp-content\/uploads\/sites\/4\/2016\/06\/IMG_0273.jpg\" data-orig-size=\"3264,2448\" data-comments-opened=\"1\" data-image-meta=\"{&quot;aperture&quot;:&quot;2.2&quot;,&quot;credit&quot;:&quot;&quot;,&quot;camera&quot;:&quot;iPhone 5s&quot;,&quot;caption&quot;:&quot;&quot;,&quot;created_timestamp&quot;:&quot;1464084859&quot;,&quot;copyright&quot;:&quot;&quot;,&quot;focal_length&quot;:&quot;4.15&quot;,&quot;iso&quot;:&quot;32&quot;,&quot;shutter_speed&quot;:&quot;0.00075471698113208&quot;,&quot;title&quot;:&quot;&quot;,&quot;orientation&quot;:&quot;1&quot;}\" data-image-title=\"IMG_0273\" data-image-description=\"\" data-image-caption=\"\" data-large-file=\"https:\/\/www.pep06.fr\/matisse\/wp-content\/uploads\/sites\/4\/2016\/06\/IMG_0273-1024x768.jpg\" class=\"alignnone size-medium wp-image-1179\" src=\"http:\/\/www.pep06.fr\/matisse\/wp-content\/uploads\/sites\/4\/2016\/06\/IMG_0273-300x225.jpg\" alt=\"IMG_0273\" width=\"300\" height=\"225\" srcset=\"https:\/\/www.pep06.fr\/matisse\/wp-content\/uploads\/sites\/4\/2016\/06\/IMG_0273-300x225.jpg 300w, https:\/\/www.pep06.fr\/matisse\/wp-content\/uploads\/sites\/4\/2016\/06\/IMG_0273-768x576.jpg 768w, https:\/\/www.pep06.fr\/matisse\/wp-content\/uploads\/sites\/4\/2016\/06\/IMG_0273-1024x768.jpg 1024w\" sizes=\"auto, (max-width: 300px) 100vw, 300px\" \/><\/a><\/p>\n<p>Mardi 24 mai &#8211;<strong>RANDONNE<\/strong><\/p>\n<p>Au Lac des Grenouilles, il y avait des marmottes. On a vu leurs terriers. Certains sont mont\u00e9s un peu plus haut et ont vu\u00a0des bouquetins, des chamois et un blaireau. On \u00e9tait fiers de nous car la mont\u00e9e \u00e9tait difficile.<\/p>\n<p><a href=\"http:\/\/www.pep06.fr\/matisse\/wp-content\/uploads\/sites\/4\/2016\/06\/IMG_0347.jpg\"><img loading=\"lazy\" decoding=\"async\" data-attachment-id=\"1209\" data-permalink=\"https:\/\/www.pep06.fr\/matisse\/2016\/06\/06\/1166\/img_0347\/#main\" data-orig-file=\"https:\/\/www.pep06.fr\/matisse\/wp-content\/uploads\/sites\/4\/2016\/06\/IMG_0347.jpg\" data-orig-size=\"2448,3264\" data-comments-opened=\"1\" data-image-meta=\"{&quot;aperture&quot;:&quot;2.2&quot;,&quot;credit&quot;:&quot;&quot;,&quot;camera&quot;:&quot;iPhone 5s&quot;,&quot;caption&quot;:&quot;&quot;,&quot;created_timestamp&quot;:&quot;1464175810&quot;,&quot;copyright&quot;:&quot;&quot;,&quot;focal_length&quot;:&quot;4.15&quot;,&quot;iso&quot;:&quot;320&quot;,&quot;shutter_speed&quot;:&quot;0.04&quot;,&quot;title&quot;:&quot;&quot;,&quot;orientation&quot;:&quot;1&quot;}\" data-image-title=\"IMG_0347\" data-image-description=\"\" data-image-caption=\"\" data-large-file=\"https:\/\/www.pep06.fr\/matisse\/wp-content\/uploads\/sites\/4\/2016\/06\/IMG_0347-768x1024.jpg\" class=\"alignnone size-medium wp-image-1209\" src=\"http:\/\/www.pep06.fr\/matisse\/wp-content\/uploads\/sites\/4\/2016\/06\/IMG_0347-225x300.jpg\" alt=\"IMG_0347\" width=\"225\" height=\"300\" srcset=\"https:\/\/www.pep06.fr\/matisse\/wp-content\/uploads\/sites\/4\/2016\/06\/IMG_0347-225x300.jpg 225w, https:\/\/www.pep06.fr\/matisse\/wp-content\/uploads\/sites\/4\/2016\/06\/IMG_0347-768x1024.jpg 768w\" sizes=\"auto, (max-width: 225px) 100vw, 225px\" \/><\/a><\/p>\n<p>Mercredi 25 mai &#8211;<strong>JOURNEE A LA BRIGUE<\/strong><\/p>\n<p>Le matin, on a particip\u00e9 \u00e0 un atelier laine. On a \u00ab\u00a0card\u00e9\u00a0\u00bb la laine. Ensuite, on a fabriqu\u00e9 des bracelets avec la laine des moutons.<\/p>\n<p><a href=\"http:\/\/www.pep06.fr\/matisse\/wp-content\/uploads\/sites\/4\/2016\/06\/IMG_0442.jpg\"><img loading=\"lazy\" decoding=\"async\" data-attachment-id=\"1186\" data-permalink=\"https:\/\/www.pep06.fr\/matisse\/2016\/06\/06\/1166\/img_0442-2\/#main\" data-orig-file=\"https:\/\/www.pep06.fr\/matisse\/wp-content\/uploads\/sites\/4\/2016\/06\/IMG_0442.jpg\" data-orig-size=\"3264,2448\" data-comments-opened=\"1\" data-image-meta=\"{&quot;aperture&quot;:&quot;2.2&quot;,&quot;credit&quot;:&quot;&quot;,&quot;camera&quot;:&quot;iPhone 5s&quot;,&quot;caption&quot;:&quot;&quot;,&quot;created_timestamp&quot;:&quot;1464259363&quot;,&quot;copyright&quot;:&quot;&quot;,&quot;focal_length&quot;:&quot;4.15&quot;,&quot;iso&quot;:&quot;320&quot;,&quot;shutter_speed&quot;:&quot;0.04&quot;,&quot;title&quot;:&quot;&quot;,&quot;orientation&quot;:&quot;1&quot;}\" data-image-title=\"IMG_0442\" data-image-description=\"\" data-image-caption=\"\" data-large-file=\"https:\/\/www.pep06.fr\/matisse\/wp-content\/uploads\/sites\/4\/2016\/06\/IMG_0442-1024x768.jpg\" class=\"alignnone size-medium wp-image-1186\" src=\"http:\/\/www.pep06.fr\/matisse\/wp-content\/uploads\/sites\/4\/2016\/06\/IMG_0442-300x225.jpg\" alt=\"IMG_0442\" width=\"300\" height=\"225\" srcset=\"https:\/\/www.pep06.fr\/matisse\/wp-content\/uploads\/sites\/4\/2016\/06\/IMG_0442-300x225.jpg 300w, https:\/\/www.pep06.fr\/matisse\/wp-content\/uploads\/sites\/4\/2016\/06\/IMG_0442-768x576.jpg 768w, https:\/\/www.pep06.fr\/matisse\/wp-content\/uploads\/sites\/4\/2016\/06\/IMG_0442-1024x768.jpg 1024w\" sizes=\"auto, (max-width: 300px) 100vw, 300px\" \/><\/a><\/p>\n<p>Jeudi 26 mai &#8211; <strong>VISITE AU MUSEE DES MERVEILLES<\/strong><\/p>\n<p>On a vu des armes pr\u00e9historiques en silex : haches, pointes de fl\u00e8ches, couteaux. Les hommes chassaient des chamois, bouquetins, des marmottes &#8230;Plus tard, ils ont utilis\u00e9 le cuivre pour faire leurs armes. Dans la vall\u00e9e des Merveilles, ils ont grav\u00e9 des\u00a0formes\u00a0dans la roche : des formes g\u00e9om\u00e9triques, des armes, des ils animaux \u00e0 cornes et des personnages&#8230; la vedette, c&rsquo; \u00e9tait \u00a0\u00bb\u00a0Le\u00a0 sorcier\u00a0\u00bb .\u00a0Apr\u00e8s, on a particip\u00e9\u00a0\u00e0 deux ateliers : fabrication de bijoux et reproductions . de gravures. Apr\u00e8s un succulent repas de produits du terroir dans une ferme-restaurant, on a pass\u00e9 l&rsquo; apr\u00e8s-midi\u00a0\u00e0 faire des jeux.<\/p>\n<p><a href=\"http:\/\/www.pep06.fr\/matisse\/wp-content\/uploads\/sites\/4\/2016\/06\/DSCF2491.jpg\"><img loading=\"lazy\" decoding=\"async\" data-attachment-id=\"1210\" data-permalink=\"https:\/\/www.pep06.fr\/matisse\/2016\/06\/06\/1166\/dscf2491\/#main\" data-orig-file=\"https:\/\/www.pep06.fr\/matisse\/wp-content\/uploads\/sites\/4\/2016\/06\/DSCF2491.jpg\" data-orig-size=\"4608,3456\" data-comments-opened=\"1\" data-image-meta=\"{&quot;aperture&quot;:&quot;3.8&quot;,&quot;credit&quot;:&quot;&quot;,&quot;camera&quot;:&quot;FinePix S4600&quot;,&quot;caption&quot;:&quot;&quot;,&quot;created_timestamp&quot;:&quot;1387483761&quot;,&quot;copyright&quot;:&quot;&quot;,&quot;focal_length&quot;:&quot;6.3&quot;,&quot;iso&quot;:&quot;64&quot;,&quot;shutter_speed&quot;:&quot;0.0090909090909091&quot;,&quot;title&quot;:&quot;&quot;,&quot;orientation&quot;:&quot;1&quot;}\" data-image-title=\"DSCF2491\" data-image-description=\"\" data-image-caption=\"\" data-large-file=\"https:\/\/www.pep06.fr\/matisse\/wp-content\/uploads\/sites\/4\/2016\/06\/DSCF2491-1024x768.jpg\" class=\"alignnone size-medium wp-image-1210\" src=\"http:\/\/www.pep06.fr\/matisse\/wp-content\/uploads\/sites\/4\/2016\/06\/DSCF2491-300x225.jpg\" alt=\"DSCF2491\" width=\"300\" height=\"225\" srcset=\"https:\/\/www.pep06.fr\/matisse\/wp-content\/uploads\/sites\/4\/2016\/06\/DSCF2491-300x225.jpg 300w, https:\/\/www.pep06.fr\/matisse\/wp-content\/uploads\/sites\/4\/2016\/06\/DSCF2491-768x576.jpg 768w, https:\/\/www.pep06.fr\/matisse\/wp-content\/uploads\/sites\/4\/2016\/06\/DSCF2491-1024x768.jpg 1024w\" sizes=\"auto, (max-width: 300px) 100vw, 300px\" \/><\/a><\/p>\n<p>Vendredi 27 mai &#8211;<strong>DEPART<\/strong><\/p>\n<p>Bouclage des valises, rangements divers, pique-nique\u00a0\u00e0 Notre-Dame-des-Fontaines. Il y avait des sources qui sortaient des rochers et formaient une rivi\u00e8re. On a rempli nos gourdes et on est rentr\u00e9 \u00e0 Nice.<\/p>\n","protected":false},"excerpt":{"rendered":"<p>\u00a0 Lundi 23 mai &#8211;EQUITATION Apres l&rsquo;installation et le repas, nous sommes all\u00e9s \u00e0 un centre \u00e9questre\u00a0 on\u00a0 a bross\u00e9 et \u00e9quip\u00e9\u00a0les chevaux. Ensuite, on a mis les pieds dans les \u00e9triers et on est parti faire une balade. Mardi 24 mai &#8211;RANDONNE Au Lac des Grenouilles, il y avait des marmottes. On a vu&#8230;<\/p>\n<p><a href=\"https:\/\/www.pep06.fr\/matisse\/2016\/06\/06\/1166\/\"><span class=\"glyphicon glyphicon-arrow-right\"><\/span>&nbsp;Poursuivre la lecture<\/a><\/p>","protected":false},"author":6,"featured_media":0,"comment_status":"open","ping_status":"open","sticky":false,"template":"","format":"standard","meta":{"_uf_show_specific_survey":0,"_uf_disable_surveys":false,"jetpack_post_was_ever_published":false,"_jetpack_newsletter_access":"","_jetpack_dont_email_post_to_subs":false,"_jetpack_newsletter_tier_id":0,"_jetpack_memberships_contains_paywalled_content":false,"_jetpack_memberships_contains_paid_content":false,"footnotes":"","jetpack_publicize_message":"","jetpack_publicize_feature_enabled":true,"jetpack_social_post_already_shared":true,"jetpack_social_options":{"image_generator_settings":{"template":"highway","default_image_id":0,"font":"","enabled":false},"version":2}},"categories":[8],"tags":[],"class_list":["post-1166","post","type-post","status-publish","format-standard","hentry","category-vie-de-letablissement"],"yoast_head":"<!-- This site is optimized with the Yoast SEO plugin v27.5 - https:\/\/yoast.com\/product\/yoast-seo-wordpress\/ -->\n<title>SEJOUR \u00c0 TENDE - IME Henri Matisse<\/title>\n<meta name=\"description\" content=\"L\u2019Institut M\u00e9dico-Educatif Henri Matisse PEP06 accueille des jeunes de 3 \u00e0 20 ans pr\u00e9sentant une d\u00e9ficience mentale l\u00e9g\u00e8re avec ou sans troubles du psychisme.\" \/>\n<meta name=\"robots\" content=\"index, follow, max-snippet:-1, max-image-preview:large, max-video-preview:-1\" \/>\n<link rel=\"canonical\" href=\"https:\/\/www.pep06.fr\/matisse\/2016\/06\/06\/1166\/\" \/>\n<meta property=\"og:locale\" content=\"fr_FR\" \/>\n<meta property=\"og:type\" content=\"article\" \/>\n<meta property=\"og:title\" content=\"SEJOUR \u00c0 TENDE - IME Henri Matisse\" \/>\n<meta property=\"og:description\" content=\"L\u2019Institut M\u00e9dico-Educatif Henri Matisse PEP06 accueille des jeunes de 3 \u00e0 20 ans pr\u00e9sentant une d\u00e9ficience mentale l\u00e9g\u00e8re avec ou sans troubles du psychisme.\" \/>\n<meta property=\"og:url\" content=\"https:\/\/www.pep06.fr\/matisse\/2016\/06\/06\/1166\/\" \/>\n<meta property=\"og:site_name\" content=\"IME Henri Matisse\" \/>\n<meta property=\"article:publisher\" content=\"https:\/\/www.facebook.com\/ADPEP06\" \/>\n<meta property=\"article:published_time\" content=\"2016-06-06T08:13:33+00:00\" \/>\n<meta property=\"article:modified_time\" content=\"2016-06-20T09:58:53+00:00\" \/>\n<meta property=\"og:image\" content=\"http:\/\/www.pep06.fr\/matisse\/wp-content\/uploads\/sites\/4\/2016\/06\/IMG_0254-300x225.jpg\" \/>\n<meta name=\"author\" content=\"Patrick MADONNA\" \/>\n<meta name=\"twitter:card\" content=\"summary_large_image\" \/>\n<meta name=\"twitter:label1\" content=\"\u00c9crit par\" \/>\n\t<meta name=\"twitter:data1\" content=\"Patrick MADONNA\" \/>\n\t<meta name=\"twitter:label2\" content=\"Dur\u00e9e de lecture estim\u00e9e\" \/>\n\t<meta name=\"twitter:data2\" content=\"1 minute\" \/>\n<script type=\"application\/ld+json\" class=\"yoast-schema-graph\">{\"@context\":\"https:\\\/\\\/schema.org\",\"@graph\":[{\"@type\":\"Article\",\"@id\":\"https:\\\/\\\/www.pep06.fr\\\/matisse\\\/2016\\\/06\\\/06\\\/1166\\\/#article\",\"isPartOf\":{\"@id\":\"https:\\\/\\\/www.pep06.fr\\\/matisse\\\/2016\\\/06\\\/06\\\/1166\\\/\"},\"author\":{\"name\":\"Patrick MADONNA\",\"@id\":\"https:\\\/\\\/www.pep06.fr\\\/matisse\\\/#\\\/schema\\\/person\\\/68339d23e9b346630537e333d3725294\"},\"headline\":\"SEJOUR \u00c0 TENDE\",\"datePublished\":\"2016-06-06T08:13:33+00:00\",\"dateModified\":\"2016-06-20T09:58:53+00:00\",\"mainEntityOfPage\":{\"@id\":\"https:\\\/\\\/www.pep06.fr\\\/matisse\\\/2016\\\/06\\\/06\\\/1166\\\/\"},\"wordCount\":262,\"commentCount\":0,\"publisher\":{\"@id\":\"https:\\\/\\\/www.pep06.fr\\\/matisse\\\/#organization\"},\"image\":{\"@id\":\"https:\\\/\\\/www.pep06.fr\\\/matisse\\\/2016\\\/06\\\/06\\\/1166\\\/#primaryimage\"},\"thumbnailUrl\":\"http:\\\/\\\/www.pep06.fr\\\/matisse\\\/wp-content\\\/uploads\\\/sites\\\/4\\\/2016\\\/06\\\/IMG_0254-300x225.jpg\",\"articleSection\":[\"Vie de l'\u00e9tablissement\"],\"inLanguage\":\"fr-FR\",\"potentialAction\":[{\"@type\":\"CommentAction\",\"name\":\"Comment\",\"target\":[\"https:\\\/\\\/www.pep06.fr\\\/matisse\\\/2016\\\/06\\\/06\\\/1166\\\/#respond\"]}]},{\"@type\":\"WebPage\",\"@id\":\"https:\\\/\\\/www.pep06.fr\\\/matisse\\\/2016\\\/06\\\/06\\\/1166\\\/\",\"url\":\"https:\\\/\\\/www.pep06.fr\\\/matisse\\\/2016\\\/06\\\/06\\\/1166\\\/\",\"name\":\"SEJOUR \u00c0 TENDE - IME Henri Matisse\",\"isPartOf\":{\"@id\":\"https:\\\/\\\/www.pep06.fr\\\/matisse\\\/#website\"},\"primaryImageOfPage\":{\"@id\":\"https:\\\/\\\/www.pep06.fr\\\/matisse\\\/2016\\\/06\\\/06\\\/1166\\\/#primaryimage\"},\"image\":{\"@id\":\"https:\\\/\\\/www.pep06.fr\\\/matisse\\\/2016\\\/06\\\/06\\\/1166\\\/#primaryimage\"},\"thumbnailUrl\":\"http:\\\/\\\/www.pep06.fr\\\/matisse\\\/wp-content\\\/uploads\\\/sites\\\/4\\\/2016\\\/06\\\/IMG_0254-300x225.jpg\",\"datePublished\":\"2016-06-06T08:13:33+00:00\",\"dateModified\":\"2016-06-20T09:58:53+00:00\",\"description\":\"L\u2019Institut M\u00e9dico-Educatif Henri Matisse PEP06 accueille des jeunes de 3 \u00e0 20 ans pr\u00e9sentant une d\u00e9ficience mentale l\u00e9g\u00e8re avec ou sans troubles du psychisme.\",\"breadcrumb\":{\"@id\":\"https:\\\/\\\/www.pep06.fr\\\/matisse\\\/2016\\\/06\\\/06\\\/1166\\\/#breadcrumb\"},\"inLanguage\":\"fr-FR\",\"potentialAction\":[{\"@type\":\"ReadAction\",\"target\":[\"https:\\\/\\\/www.pep06.fr\\\/matisse\\\/2016\\\/06\\\/06\\\/1166\\\/\"]}]},{\"@type\":\"ImageObject\",\"inLanguage\":\"fr-FR\",\"@id\":\"https:\\\/\\\/www.pep06.fr\\\/matisse\\\/2016\\\/06\\\/06\\\/1166\\\/#primaryimage\",\"url\":\"https:\\\/\\\/www.pep06.fr\\\/matisse\\\/wp-content\\\/uploads\\\/sites\\\/4\\\/2016\\\/06\\\/IMG_0254.jpg\",\"contentUrl\":\"https:\\\/\\\/www.pep06.fr\\\/matisse\\\/wp-content\\\/uploads\\\/sites\\\/4\\\/2016\\\/06\\\/IMG_0254.jpg\",\"width\":3264,\"height\":2448},{\"@type\":\"BreadcrumbList\",\"@id\":\"https:\\\/\\\/www.pep06.fr\\\/matisse\\\/2016\\\/06\\\/06\\\/1166\\\/#breadcrumb\",\"itemListElement\":[{\"@type\":\"ListItem\",\"position\":1,\"name\":\"Accueil\",\"item\":\"https:\\\/\\\/www.pep06.fr\\\/matisse\\\/\"},{\"@type\":\"ListItem\",\"position\":2,\"name\":\"SEJOUR \u00c0 TENDE\"}]},{\"@type\":\"WebSite\",\"@id\":\"https:\\\/\\\/www.pep06.fr\\\/matisse\\\/#website\",\"url\":\"https:\\\/\\\/www.pep06.fr\\\/matisse\\\/\",\"name\":\"IME Henri Matisse\",\"description\":\"Le site de l&#039;IME Henri Matisse des PEP 06\",\"publisher\":{\"@id\":\"https:\\\/\\\/www.pep06.fr\\\/matisse\\\/#organization\"},\"potentialAction\":[{\"@type\":\"SearchAction\",\"target\":{\"@type\":\"EntryPoint\",\"urlTemplate\":\"https:\\\/\\\/www.pep06.fr\\\/matisse\\\/?s={search_term_string}\"},\"query-input\":{\"@type\":\"PropertyValueSpecification\",\"valueRequired\":true,\"valueName\":\"search_term_string\"}}],\"inLanguage\":\"fr-FR\"},{\"@type\":\"Organization\",\"@id\":\"https:\\\/\\\/www.pep06.fr\\\/matisse\\\/#organization\",\"name\":\"PEP 06\",\"url\":\"https:\\\/\\\/www.pep06.fr\\\/matisse\\\/\",\"logo\":{\"@type\":\"ImageObject\",\"inLanguage\":\"fr-FR\",\"@id\":\"https:\\\/\\\/www.pep06.fr\\\/matisse\\\/#\\\/schema\\\/logo\\\/image\\\/\",\"url\":\"https:\\\/\\\/www.pep06.fr\\\/matisse\\\/wp-content\\\/uploads\\\/sites\\\/4\\\/2015\\\/11\\\/Logo-PEP06.png\",\"contentUrl\":\"https:\\\/\\\/www.pep06.fr\\\/matisse\\\/wp-content\\\/uploads\\\/sites\\\/4\\\/2015\\\/11\\\/Logo-PEP06.png\",\"width\":915,\"height\":915,\"caption\":\"PEP 06\"},\"image\":{\"@id\":\"https:\\\/\\\/www.pep06.fr\\\/matisse\\\/#\\\/schema\\\/logo\\\/image\\\/\"},\"sameAs\":[\"https:\\\/\\\/www.facebook.com\\\/ADPEP06\"]},{\"@type\":\"Person\",\"@id\":\"https:\\\/\\\/www.pep06.fr\\\/matisse\\\/#\\\/schema\\\/person\\\/68339d23e9b346630537e333d3725294\",\"name\":\"Patrick MADONNA\",\"image\":{\"@type\":\"ImageObject\",\"inLanguage\":\"fr-FR\",\"@id\":\"https:\\\/\\\/secure.gravatar.com\\\/avatar\\\/9f564e16b8ccfd3ded3245fe6e68dc1bd8c751bb9d1f1333c6fcc6d2d4c08dbb?s=96&d=mm&r=g\",\"url\":\"https:\\\/\\\/secure.gravatar.com\\\/avatar\\\/9f564e16b8ccfd3ded3245fe6e68dc1bd8c751bb9d1f1333c6fcc6d2d4c08dbb?s=96&d=mm&r=g\",\"contentUrl\":\"https:\\\/\\\/secure.gravatar.com\\\/avatar\\\/9f564e16b8ccfd3ded3245fe6e68dc1bd8c751bb9d1f1333c6fcc6d2d4c08dbb?s=96&d=mm&r=g\",\"caption\":\"Patrick MADONNA\"},\"url\":\"https:\\\/\\\/www.pep06.fr\\\/matisse\\\/author\\\/madonnap\\\/\"}]}<\/script>\n<!-- \/ Yoast SEO plugin. -->","yoast_head_json":{"title":"SEJOUR \u00c0 TENDE - IME Henri Matisse","description":"L\u2019Institut M\u00e9dico-Educatif Henri Matisse PEP06 accueille des jeunes de 3 \u00e0 20 ans pr\u00e9sentant une d\u00e9ficience mentale l\u00e9g\u00e8re avec ou sans troubles du psychisme.","robots":{"index":"index","follow":"follow","max-snippet":"max-snippet:-1","max-image-preview":"max-image-preview:large","max-video-preview":"max-video-preview:-1"},"canonical":"https:\/\/www.pep06.fr\/matisse\/2016\/06\/06\/1166\/","og_locale":"fr_FR","og_type":"article","og_title":"SEJOUR \u00c0 TENDE - IME Henri Matisse","og_description":"L\u2019Institut M\u00e9dico-Educatif Henri Matisse PEP06 accueille des jeunes de 3 \u00e0 20 ans pr\u00e9sentant une d\u00e9ficience mentale l\u00e9g\u00e8re avec ou sans troubles du psychisme.","og_url":"https:\/\/www.pep06.fr\/matisse\/2016\/06\/06\/1166\/","og_site_name":"IME Henri Matisse","article_publisher":"https:\/\/www.facebook.com\/ADPEP06","article_published_time":"2016-06-06T08:13:33+00:00","article_modified_time":"2016-06-20T09:58:53+00:00","og_image":[{"url":"http:\/\/www.pep06.fr\/matisse\/wp-content\/uploads\/sites\/4\/2016\/06\/IMG_0254-300x225.jpg","type":"","width":"","height":""}],"author":"Patrick MADONNA","twitter_card":"summary_large_image","twitter_misc":{"\u00c9crit par":"Patrick MADONNA","Dur\u00e9e de lecture estim\u00e9e":"1 minute"},"schema":{"@context":"https:\/\/schema.org","@graph":[{"@type":"Article","@id":"https:\/\/www.pep06.fr\/matisse\/2016\/06\/06\/1166\/#article","isPartOf":{"@id":"https:\/\/www.pep06.fr\/matisse\/2016\/06\/06\/1166\/"},"author":{"name":"Patrick MADONNA","@id":"https:\/\/www.pep06.fr\/matisse\/#\/schema\/person\/68339d23e9b346630537e333d3725294"},"headline":"SEJOUR \u00c0 TENDE","datePublished":"2016-06-06T08:13:33+00:00","dateModified":"2016-06-20T09:58:53+00:00","mainEntityOfPage":{"@id":"https:\/\/www.pep06.fr\/matisse\/2016\/06\/06\/1166\/"},"wordCount":262,"commentCount":0,"publisher":{"@id":"https:\/\/www.pep06.fr\/matisse\/#organization"},"image":{"@id":"https:\/\/www.pep06.fr\/matisse\/2016\/06\/06\/1166\/#primaryimage"},"thumbnailUrl":"http:\/\/www.pep06.fr\/matisse\/wp-content\/uploads\/sites\/4\/2016\/06\/IMG_0254-300x225.jpg","articleSection":["Vie de l'\u00e9tablissement"],"inLanguage":"fr-FR","potentialAction":[{"@type":"CommentAction","name":"Comment","target":["https:\/\/www.pep06.fr\/matisse\/2016\/06\/06\/1166\/#respond"]}]},{"@type":"WebPage","@id":"https:\/\/www.pep06.fr\/matisse\/2016\/06\/06\/1166\/","url":"https:\/\/www.pep06.fr\/matisse\/2016\/06\/06\/1166\/","name":"SEJOUR \u00c0 TENDE - IME Henri Matisse","isPartOf":{"@id":"https:\/\/www.pep06.fr\/matisse\/#website"},"primaryImageOfPage":{"@id":"https:\/\/www.pep06.fr\/matisse\/2016\/06\/06\/1166\/#primaryimage"},"image":{"@id":"https:\/\/www.pep06.fr\/matisse\/2016\/06\/06\/1166\/#primaryimage"},"thumbnailUrl":"http:\/\/www.pep06.fr\/matisse\/wp-content\/uploads\/sites\/4\/2016\/06\/IMG_0254-300x225.jpg","datePublished":"2016-06-06T08:13:33+00:00","dateModified":"2016-06-20T09:58:53+00:00","description":"L\u2019Institut M\u00e9dico-Educatif Henri Matisse PEP06 accueille des jeunes de 3 \u00e0 20 ans pr\u00e9sentant une d\u00e9ficience mentale l\u00e9g\u00e8re avec ou sans troubles du psychisme.","breadcrumb":{"@id":"https:\/\/www.pep06.fr\/matisse\/2016\/06\/06\/1166\/#breadcrumb"},"inLanguage":"fr-FR","potentialAction":[{"@type":"ReadAction","target":["https:\/\/www.pep06.fr\/matisse\/2016\/06\/06\/1166\/"]}]},{"@type":"ImageObject","inLanguage":"fr-FR","@id":"https:\/\/www.pep06.fr\/matisse\/2016\/06\/06\/1166\/#primaryimage","url":"https:\/\/www.pep06.fr\/matisse\/wp-content\/uploads\/sites\/4\/2016\/06\/IMG_0254.jpg","contentUrl":"https:\/\/www.pep06.fr\/matisse\/wp-content\/uploads\/sites\/4\/2016\/06\/IMG_0254.jpg","width":3264,"height":2448},{"@type":"BreadcrumbList","@id":"https:\/\/www.pep06.fr\/matisse\/2016\/06\/06\/1166\/#breadcrumb","itemListElement":[{"@type":"ListItem","position":1,"name":"Accueil","item":"https:\/\/www.pep06.fr\/matisse\/"},{"@type":"ListItem","position":2,"name":"SEJOUR \u00c0 TENDE"}]},{"@type":"WebSite","@id":"https:\/\/www.pep06.fr\/matisse\/#website","url":"https:\/\/www.pep06.fr\/matisse\/","name":"IME Henri Matisse","description":"Le site de l&#039;IME Henri Matisse des PEP 06","publisher":{"@id":"https:\/\/www.pep06.fr\/matisse\/#organization"},"potentialAction":[{"@type":"SearchAction","target":{"@type":"EntryPoint","urlTemplate":"https:\/\/www.pep06.fr\/matisse\/?s={search_term_string}"},"query-input":{"@type":"PropertyValueSpecification","valueRequired":true,"valueName":"search_term_string"}}],"inLanguage":"fr-FR"},{"@type":"Organization","@id":"https:\/\/www.pep06.fr\/matisse\/#organization","name":"PEP 06","url":"https:\/\/www.pep06.fr\/matisse\/","logo":{"@type":"ImageObject","inLanguage":"fr-FR","@id":"https:\/\/www.pep06.fr\/matisse\/#\/schema\/logo\/image\/","url":"https:\/\/www.pep06.fr\/matisse\/wp-content\/uploads\/sites\/4\/2015\/11\/Logo-PEP06.png","contentUrl":"https:\/\/www.pep06.fr\/matisse\/wp-content\/uploads\/sites\/4\/2015\/11\/Logo-PEP06.png","width":915,"height":915,"caption":"PEP 06"},"image":{"@id":"https:\/\/www.pep06.fr\/matisse\/#\/schema\/logo\/image\/"},"sameAs":["https:\/\/www.facebook.com\/ADPEP06"]},{"@type":"Person","@id":"https:\/\/www.pep06.fr\/matisse\/#\/schema\/person\/68339d23e9b346630537e333d3725294","name":"Patrick MADONNA","image":{"@type":"ImageObject","inLanguage":"fr-FR","@id":"https:\/\/secure.gravatar.com\/avatar\/9f564e16b8ccfd3ded3245fe6e68dc1bd8c751bb9d1f1333c6fcc6d2d4c08dbb?s=96&d=mm&r=g","url":"https:\/\/secure.gravatar.com\/avatar\/9f564e16b8ccfd3ded3245fe6e68dc1bd8c751bb9d1f1333c6fcc6d2d4c08dbb?s=96&d=mm&r=g","contentUrl":"https:\/\/secure.gravatar.com\/avatar\/9f564e16b8ccfd3ded3245fe6e68dc1bd8c751bb9d1f1333c6fcc6d2d4c08dbb?s=96&d=mm&r=g","caption":"Patrick MADONNA"},"url":"https:\/\/www.pep06.fr\/matisse\/author\/madonnap\/"}]}},"jetpack_publicize_connections":[],"jetpack_featured_media_url":"","jetpack_sharing_enabled":true,"jetpack_shortlink":"https:\/\/wp.me\/s6ZrWH-1166","_links":{"self":[{"href":"https:\/\/www.pep06.fr\/matisse\/wp-json\/wp\/v2\/posts\/1166","targetHints":{"allow":["GET"]}}],"collection":[{"href":"https:\/\/www.pep06.fr\/matisse\/wp-json\/wp\/v2\/posts"}],"about":[{"href":"https:\/\/www.pep06.fr\/matisse\/wp-json\/wp\/v2\/types\/post"}],"author":[{"embeddable":true,"href":"https:\/\/www.pep06.fr\/matisse\/wp-json\/wp\/v2\/users\/6"}],"replies":[{"embeddable":true,"href":"https:\/\/www.pep06.fr\/matisse\/wp-json\/wp\/v2\/comments?post=1166"}],"version-history":[{"count":17,"href":"https:\/\/www.pep06.fr\/matisse\/wp-json\/wp\/v2\/posts\/1166\/revisions"}],"predecessor-version":[{"id":1212,"href":"https:\/\/www.pep06.fr\/matisse\/wp-json\/wp\/v2\/posts\/1166\/revisions\/1212"}],"wp:attachment":[{"href":"https:\/\/www.pep06.fr\/matisse\/wp-json\/wp\/v2\/media?parent=1166"}],"wp:term":[{"taxonomy":"category","embeddable":true,"href":"https:\/\/www.pep06.fr\/matisse\/wp-json\/wp\/v2\/categories?post=1166"},{"taxonomy":"post_tag","embeddable":true,"href":"https:\/\/www.pep06.fr\/matisse\/wp-json\/wp\/v2\/tags?post=1166"}],"curies":[{"name":"wp","href":"https:\/\/api.w.org\/{rel}","templated":true}]}}