{"id":1394,"date":"2016-12-13T10:30:08","date_gmt":"2016-12-13T09:30:08","guid":{"rendered":"http:\/\/www.pep06.fr\/matisse\/?p=1394"},"modified":"2016-12-13T11:42:41","modified_gmt":"2016-12-13T10:42:41","slug":"notre-beau-sapin","status":"publish","type":"post","link":"https:\/\/www.pep06.fr\/matisse\/2016\/12\/13\/notre-beau-sapin\/","title":{"rendered":"Notre beau sapin"},"content":{"rendered":"<p><u><a href=\"http:\/\/www.pep06.fr\/matisse\/wp-content\/uploads\/sites\/4\/2016\/12\/IMG_0776-e1481625737470.jpg\"><img loading=\"lazy\" decoding=\"async\" data-attachment-id=\"1399\" data-permalink=\"https:\/\/www.pep06.fr\/matisse\/2016\/12\/13\/notre-beau-sapin\/img_0776\/#main\" data-orig-file=\"https:\/\/www.pep06.fr\/matisse\/wp-content\/uploads\/sites\/4\/2016\/12\/IMG_0776-e1481625737470.jpg\" data-orig-size=\"2448,3264\" data-comments-opened=\"1\" data-image-meta=\"{&quot;aperture&quot;:&quot;2.2&quot;,&quot;credit&quot;:&quot;&quot;,&quot;camera&quot;:&quot;iPhone 5s&quot;,&quot;caption&quot;:&quot;&quot;,&quot;created_timestamp&quot;:&quot;1481554490&quot;,&quot;copyright&quot;:&quot;&quot;,&quot;focal_length&quot;:&quot;4.15&quot;,&quot;iso&quot;:&quot;32&quot;,&quot;shutter_speed&quot;:&quot;0.0050251256281407&quot;,&quot;title&quot;:&quot;&quot;,&quot;orientation&quot;:&quot;6&quot;}\" data-image-title=\"IMG_0776\" data-image-description=\"\" data-image-caption=\"\" data-large-file=\"https:\/\/www.pep06.fr\/matisse\/wp-content\/uploads\/sites\/4\/2016\/12\/IMG_0776-e1481625737470-768x1024.jpg\" class=\"alignnone size-medium wp-image-1399\" src=\"http:\/\/www.pep06.fr\/matisse\/wp-content\/uploads\/sites\/4\/2016\/12\/IMG_0776-e1481625737470-225x300.jpg\" alt=\"\" width=\"225\" height=\"300\" srcset=\"https:\/\/www.pep06.fr\/matisse\/wp-content\/uploads\/sites\/4\/2016\/12\/IMG_0776-e1481625737470-225x300.jpg 225w, https:\/\/www.pep06.fr\/matisse\/wp-content\/uploads\/sites\/4\/2016\/12\/IMG_0776-e1481625737470-768x1024.jpg 768w\" sizes=\"auto, (max-width: 225px) 100vw, 225px\" \/><\/a>\u00a0<\/u><\/p>\n<p>Hier, j\u2019ai d\u00e9cor\u00e9 le sapin de No\u00ebl de l\u2019IME.<\/p>\n<p>D\u2019 abord, on a enlev\u00e9 le filet dans lequel il \u00e9tait emball\u00e9 .<\/p>\n<p>Ensuite, on l\u2019a fix\u00e9 sur un pied.<\/p>\n<p>Puis, on a mis les boules, les guirlandes et une \u00e9toile tout en haut du sapin.<\/p>\n<p>Robin<\/p>\n","protected":false},"excerpt":{"rendered":"<p>\u00a0 Hier, j\u2019ai d\u00e9cor\u00e9 le sapin de No\u00ebl de l\u2019IME. D\u2019 abord, on a enlev\u00e9 le filet dans lequel il \u00e9tait emball\u00e9 . Ensuite, on l\u2019a fix\u00e9 sur un pied. Puis, on a mis les boules, les guirlandes et une \u00e9toile tout en haut du sapin. Robin<\/p>\n<p><a href=\"https:\/\/www.pep06.fr\/matisse\/2016\/12\/13\/notre-beau-sapin\/\"><span class=\"glyphicon glyphicon-arrow-right\"><\/span>&nbsp;Poursuivre la lecture<\/a><\/p>","protected":false},"author":6,"featured_media":0,"comment_status":"open","ping_status":"open","sticky":false,"template":"","format":"standard","meta":{"_uf_show_specific_survey":0,"_uf_disable_surveys":false,"jetpack_post_was_ever_published":false,"_jetpack_newsletter_access":"","_jetpack_dont_email_post_to_subs":true,"_jetpack_newsletter_tier_id":0,"_jetpack_memberships_contains_paywalled_content":false,"_jetpack_memberships_contains_paid_content":false,"footnotes":"","jetpack_publicize_message":"","jetpack_publicize_feature_enabled":true,"jetpack_social_post_already_shared":true,"jetpack_social_options":{"image_generator_settings":{"template":"highway","default_image_id":0,"font":"","enabled":false},"version":2}},"categories":[8],"tags":[],"class_list":["post-1394","post","type-post","status-publish","format-standard","hentry","category-vie-de-letablissement"],"yoast_head":"<!-- This site is optimized with the Yoast SEO plugin v27.5 - https:\/\/yoast.com\/product\/yoast-seo-wordpress\/ -->\n<title>Notre beau sapin - IME Henri Matisse<\/title>\n<meta name=\"description\" content=\"L\u2019Institut M\u00e9dico-Educatif Henri Matisse PEP06 accueille des jeunes de 3 \u00e0 20 ans pr\u00e9sentant une d\u00e9ficience mentale l\u00e9g\u00e8re avec ou sans troubles du psychisme.\" \/>\n<meta name=\"robots\" content=\"index, follow, max-snippet:-1, max-image-preview:large, max-video-preview:-1\" \/>\n<link rel=\"canonical\" href=\"https:\/\/www.pep06.fr\/matisse\/2016\/12\/13\/notre-beau-sapin\/\" \/>\n<meta property=\"og:locale\" content=\"fr_FR\" \/>\n<meta property=\"og:type\" content=\"article\" \/>\n<meta property=\"og:title\" content=\"Notre beau sapin - IME Henri Matisse\" \/>\n<meta property=\"og:description\" content=\"L\u2019Institut M\u00e9dico-Educatif Henri Matisse PEP06 accueille des jeunes de 3 \u00e0 20 ans pr\u00e9sentant une d\u00e9ficience mentale l\u00e9g\u00e8re avec ou sans troubles du psychisme.\" \/>\n<meta property=\"og:url\" content=\"https:\/\/www.pep06.fr\/matisse\/2016\/12\/13\/notre-beau-sapin\/\" \/>\n<meta property=\"og:site_name\" content=\"IME Henri Matisse\" \/>\n<meta property=\"article:publisher\" content=\"https:\/\/www.facebook.com\/ADPEP06\" \/>\n<meta property=\"article:published_time\" content=\"2016-12-13T09:30:08+00:00\" \/>\n<meta property=\"article:modified_time\" content=\"2016-12-13T10:42:41+00:00\" \/>\n<meta property=\"og:image\" content=\"http:\/\/www.pep06.fr\/matisse\/wp-content\/uploads\/sites\/4\/2016\/12\/IMG_0776-e1481625737470-225x300.jpg\" \/>\n<meta name=\"author\" content=\"Patrick MADONNA\" \/>\n<meta name=\"twitter:card\" content=\"summary_large_image\" \/>\n<meta name=\"twitter:label1\" content=\"\u00c9crit par\" \/>\n\t<meta name=\"twitter:data1\" content=\"Patrick MADONNA\" \/>\n<script type=\"application\/ld+json\" class=\"yoast-schema-graph\">{\"@context\":\"https:\\\/\\\/schema.org\",\"@graph\":[{\"@type\":\"Article\",\"@id\":\"https:\\\/\\\/www.pep06.fr\\\/matisse\\\/2016\\\/12\\\/13\\\/notre-beau-sapin\\\/#article\",\"isPartOf\":{\"@id\":\"https:\\\/\\\/www.pep06.fr\\\/matisse\\\/2016\\\/12\\\/13\\\/notre-beau-sapin\\\/\"},\"author\":{\"name\":\"Patrick MADONNA\",\"@id\":\"https:\\\/\\\/www.pep06.fr\\\/matisse\\\/#\\\/schema\\\/person\\\/68339d23e9b346630537e333d3725294\"},\"headline\":\"Notre beau sapin\",\"datePublished\":\"2016-12-13T09:30:08+00:00\",\"dateModified\":\"2016-12-13T10:42:41+00:00\",\"mainEntityOfPage\":{\"@id\":\"https:\\\/\\\/www.pep06.fr\\\/matisse\\\/2016\\\/12\\\/13\\\/notre-beau-sapin\\\/\"},\"wordCount\":53,\"commentCount\":0,\"publisher\":{\"@id\":\"https:\\\/\\\/www.pep06.fr\\\/matisse\\\/#organization\"},\"image\":{\"@id\":\"https:\\\/\\\/www.pep06.fr\\\/matisse\\\/2016\\\/12\\\/13\\\/notre-beau-sapin\\\/#primaryimage\"},\"thumbnailUrl\":\"http:\\\/\\\/www.pep06.fr\\\/matisse\\\/wp-content\\\/uploads\\\/sites\\\/4\\\/2016\\\/12\\\/IMG_0776-e1481625737470-225x300.jpg\",\"articleSection\":[\"Vie de l'\u00e9tablissement\"],\"inLanguage\":\"fr-FR\",\"potentialAction\":[{\"@type\":\"CommentAction\",\"name\":\"Comment\",\"target\":[\"https:\\\/\\\/www.pep06.fr\\\/matisse\\\/2016\\\/12\\\/13\\\/notre-beau-sapin\\\/#respond\"]}]},{\"@type\":\"WebPage\",\"@id\":\"https:\\\/\\\/www.pep06.fr\\\/matisse\\\/2016\\\/12\\\/13\\\/notre-beau-sapin\\\/\",\"url\":\"https:\\\/\\\/www.pep06.fr\\\/matisse\\\/2016\\\/12\\\/13\\\/notre-beau-sapin\\\/\",\"name\":\"Notre beau sapin - IME Henri Matisse\",\"isPartOf\":{\"@id\":\"https:\\\/\\\/www.pep06.fr\\\/matisse\\\/#website\"},\"primaryImageOfPage\":{\"@id\":\"https:\\\/\\\/www.pep06.fr\\\/matisse\\\/2016\\\/12\\\/13\\\/notre-beau-sapin\\\/#primaryimage\"},\"image\":{\"@id\":\"https:\\\/\\\/www.pep06.fr\\\/matisse\\\/2016\\\/12\\\/13\\\/notre-beau-sapin\\\/#primaryimage\"},\"thumbnailUrl\":\"http:\\\/\\\/www.pep06.fr\\\/matisse\\\/wp-content\\\/uploads\\\/sites\\\/4\\\/2016\\\/12\\\/IMG_0776-e1481625737470-225x300.jpg\",\"datePublished\":\"2016-12-13T09:30:08+00:00\",\"dateModified\":\"2016-12-13T10:42:41+00:00\",\"description\":\"L\u2019Institut M\u00e9dico-Educatif Henri Matisse PEP06 accueille des jeunes de 3 \u00e0 20 ans pr\u00e9sentant une d\u00e9ficience mentale l\u00e9g\u00e8re avec ou sans troubles du psychisme.\",\"breadcrumb\":{\"@id\":\"https:\\\/\\\/www.pep06.fr\\\/matisse\\\/2016\\\/12\\\/13\\\/notre-beau-sapin\\\/#breadcrumb\"},\"inLanguage\":\"fr-FR\",\"potentialAction\":[{\"@type\":\"ReadAction\",\"target\":[\"https:\\\/\\\/www.pep06.fr\\\/matisse\\\/2016\\\/12\\\/13\\\/notre-beau-sapin\\\/\"]}]},{\"@type\":\"ImageObject\",\"inLanguage\":\"fr-FR\",\"@id\":\"https:\\\/\\\/www.pep06.fr\\\/matisse\\\/2016\\\/12\\\/13\\\/notre-beau-sapin\\\/#primaryimage\",\"url\":\"https:\\\/\\\/www.pep06.fr\\\/matisse\\\/wp-content\\\/uploads\\\/sites\\\/4\\\/2016\\\/12\\\/IMG_0776-e1481625737470.jpg\",\"contentUrl\":\"https:\\\/\\\/www.pep06.fr\\\/matisse\\\/wp-content\\\/uploads\\\/sites\\\/4\\\/2016\\\/12\\\/IMG_0776-e1481625737470.jpg\",\"width\":2448,\"height\":3264},{\"@type\":\"BreadcrumbList\",\"@id\":\"https:\\\/\\\/www.pep06.fr\\\/matisse\\\/2016\\\/12\\\/13\\\/notre-beau-sapin\\\/#breadcrumb\",\"itemListElement\":[{\"@type\":\"ListItem\",\"position\":1,\"name\":\"Accueil\",\"item\":\"https:\\\/\\\/www.pep06.fr\\\/matisse\\\/\"},{\"@type\":\"ListItem\",\"position\":2,\"name\":\"Notre beau sapin\"}]},{\"@type\":\"WebSite\",\"@id\":\"https:\\\/\\\/www.pep06.fr\\\/matisse\\\/#website\",\"url\":\"https:\\\/\\\/www.pep06.fr\\\/matisse\\\/\",\"name\":\"IME Henri Matisse\",\"description\":\"Le site de l&#039;IME Henri Matisse des PEP 06\",\"publisher\":{\"@id\":\"https:\\\/\\\/www.pep06.fr\\\/matisse\\\/#organization\"},\"potentialAction\":[{\"@type\":\"SearchAction\",\"target\":{\"@type\":\"EntryPoint\",\"urlTemplate\":\"https:\\\/\\\/www.pep06.fr\\\/matisse\\\/?s={search_term_string}\"},\"query-input\":{\"@type\":\"PropertyValueSpecification\",\"valueRequired\":true,\"valueName\":\"search_term_string\"}}],\"inLanguage\":\"fr-FR\"},{\"@type\":\"Organization\",\"@id\":\"https:\\\/\\\/www.pep06.fr\\\/matisse\\\/#organization\",\"name\":\"PEP 06\",\"url\":\"https:\\\/\\\/www.pep06.fr\\\/matisse\\\/\",\"logo\":{\"@type\":\"ImageObject\",\"inLanguage\":\"fr-FR\",\"@id\":\"https:\\\/\\\/www.pep06.fr\\\/matisse\\\/#\\\/schema\\\/logo\\\/image\\\/\",\"url\":\"https:\\\/\\\/www.pep06.fr\\\/matisse\\\/wp-content\\\/uploads\\\/sites\\\/4\\\/2015\\\/11\\\/Logo-PEP06.png\",\"contentUrl\":\"https:\\\/\\\/www.pep06.fr\\\/matisse\\\/wp-content\\\/uploads\\\/sites\\\/4\\\/2015\\\/11\\\/Logo-PEP06.png\",\"width\":915,\"height\":915,\"caption\":\"PEP 06\"},\"image\":{\"@id\":\"https:\\\/\\\/www.pep06.fr\\\/matisse\\\/#\\\/schema\\\/logo\\\/image\\\/\"},\"sameAs\":[\"https:\\\/\\\/www.facebook.com\\\/ADPEP06\"]},{\"@type\":\"Person\",\"@id\":\"https:\\\/\\\/www.pep06.fr\\\/matisse\\\/#\\\/schema\\\/person\\\/68339d23e9b346630537e333d3725294\",\"name\":\"Patrick MADONNA\",\"image\":{\"@type\":\"ImageObject\",\"inLanguage\":\"fr-FR\",\"@id\":\"https:\\\/\\\/secure.gravatar.com\\\/avatar\\\/9f564e16b8ccfd3ded3245fe6e68dc1bd8c751bb9d1f1333c6fcc6d2d4c08dbb?s=96&d=mm&r=g\",\"url\":\"https:\\\/\\\/secure.gravatar.com\\\/avatar\\\/9f564e16b8ccfd3ded3245fe6e68dc1bd8c751bb9d1f1333c6fcc6d2d4c08dbb?s=96&d=mm&r=g\",\"contentUrl\":\"https:\\\/\\\/secure.gravatar.com\\\/avatar\\\/9f564e16b8ccfd3ded3245fe6e68dc1bd8c751bb9d1f1333c6fcc6d2d4c08dbb?s=96&d=mm&r=g\",\"caption\":\"Patrick MADONNA\"},\"url\":\"https:\\\/\\\/www.pep06.fr\\\/matisse\\\/author\\\/madonnap\\\/\"}]}<\/script>\n<!-- \/ Yoast SEO plugin. -->","yoast_head_json":{"title":"Notre beau sapin - IME Henri Matisse","description":"L\u2019Institut M\u00e9dico-Educatif Henri Matisse PEP06 accueille des jeunes de 3 \u00e0 20 ans pr\u00e9sentant une d\u00e9ficience mentale l\u00e9g\u00e8re avec ou sans troubles du psychisme.","robots":{"index":"index","follow":"follow","max-snippet":"max-snippet:-1","max-image-preview":"max-image-preview:large","max-video-preview":"max-video-preview:-1"},"canonical":"https:\/\/www.pep06.fr\/matisse\/2016\/12\/13\/notre-beau-sapin\/","og_locale":"fr_FR","og_type":"article","og_title":"Notre beau sapin - IME Henri Matisse","og_description":"L\u2019Institut M\u00e9dico-Educatif Henri Matisse PEP06 accueille des jeunes de 3 \u00e0 20 ans pr\u00e9sentant une d\u00e9ficience mentale l\u00e9g\u00e8re avec ou sans troubles du psychisme.","og_url":"https:\/\/www.pep06.fr\/matisse\/2016\/12\/13\/notre-beau-sapin\/","og_site_name":"IME Henri Matisse","article_publisher":"https:\/\/www.facebook.com\/ADPEP06","article_published_time":"2016-12-13T09:30:08+00:00","article_modified_time":"2016-12-13T10:42:41+00:00","og_image":[{"url":"http:\/\/www.pep06.fr\/matisse\/wp-content\/uploads\/sites\/4\/2016\/12\/IMG_0776-e1481625737470-225x300.jpg","type":"","width":"","height":""}],"author":"Patrick MADONNA","twitter_card":"summary_large_image","twitter_misc":{"\u00c9crit par":"Patrick MADONNA"},"schema":{"@context":"https:\/\/schema.org","@graph":[{"@type":"Article","@id":"https:\/\/www.pep06.fr\/matisse\/2016\/12\/13\/notre-beau-sapin\/#article","isPartOf":{"@id":"https:\/\/www.pep06.fr\/matisse\/2016\/12\/13\/notre-beau-sapin\/"},"author":{"name":"Patrick MADONNA","@id":"https:\/\/www.pep06.fr\/matisse\/#\/schema\/person\/68339d23e9b346630537e333d3725294"},"headline":"Notre beau sapin","datePublished":"2016-12-13T09:30:08+00:00","dateModified":"2016-12-13T10:42:41+00:00","mainEntityOfPage":{"@id":"https:\/\/www.pep06.fr\/matisse\/2016\/12\/13\/notre-beau-sapin\/"},"wordCount":53,"commentCount":0,"publisher":{"@id":"https:\/\/www.pep06.fr\/matisse\/#organization"},"image":{"@id":"https:\/\/www.pep06.fr\/matisse\/2016\/12\/13\/notre-beau-sapin\/#primaryimage"},"thumbnailUrl":"http:\/\/www.pep06.fr\/matisse\/wp-content\/uploads\/sites\/4\/2016\/12\/IMG_0776-e1481625737470-225x300.jpg","articleSection":["Vie de l'\u00e9tablissement"],"inLanguage":"fr-FR","potentialAction":[{"@type":"CommentAction","name":"Comment","target":["https:\/\/www.pep06.fr\/matisse\/2016\/12\/13\/notre-beau-sapin\/#respond"]}]},{"@type":"WebPage","@id":"https:\/\/www.pep06.fr\/matisse\/2016\/12\/13\/notre-beau-sapin\/","url":"https:\/\/www.pep06.fr\/matisse\/2016\/12\/13\/notre-beau-sapin\/","name":"Notre beau sapin - IME Henri Matisse","isPartOf":{"@id":"https:\/\/www.pep06.fr\/matisse\/#website"},"primaryImageOfPage":{"@id":"https:\/\/www.pep06.fr\/matisse\/2016\/12\/13\/notre-beau-sapin\/#primaryimage"},"image":{"@id":"https:\/\/www.pep06.fr\/matisse\/2016\/12\/13\/notre-beau-sapin\/#primaryimage"},"thumbnailUrl":"http:\/\/www.pep06.fr\/matisse\/wp-content\/uploads\/sites\/4\/2016\/12\/IMG_0776-e1481625737470-225x300.jpg","datePublished":"2016-12-13T09:30:08+00:00","dateModified":"2016-12-13T10:42:41+00:00","description":"L\u2019Institut M\u00e9dico-Educatif Henri Matisse PEP06 accueille des jeunes de 3 \u00e0 20 ans pr\u00e9sentant une d\u00e9ficience mentale l\u00e9g\u00e8re avec ou sans troubles du psychisme.","breadcrumb":{"@id":"https:\/\/www.pep06.fr\/matisse\/2016\/12\/13\/notre-beau-sapin\/#breadcrumb"},"inLanguage":"fr-FR","potentialAction":[{"@type":"ReadAction","target":["https:\/\/www.pep06.fr\/matisse\/2016\/12\/13\/notre-beau-sapin\/"]}]},{"@type":"ImageObject","inLanguage":"fr-FR","@id":"https:\/\/www.pep06.fr\/matisse\/2016\/12\/13\/notre-beau-sapin\/#primaryimage","url":"https:\/\/www.pep06.fr\/matisse\/wp-content\/uploads\/sites\/4\/2016\/12\/IMG_0776-e1481625737470.jpg","contentUrl":"https:\/\/www.pep06.fr\/matisse\/wp-content\/uploads\/sites\/4\/2016\/12\/IMG_0776-e1481625737470.jpg","width":2448,"height":3264},{"@type":"BreadcrumbList","@id":"https:\/\/www.pep06.fr\/matisse\/2016\/12\/13\/notre-beau-sapin\/#breadcrumb","itemListElement":[{"@type":"ListItem","position":1,"name":"Accueil","item":"https:\/\/www.pep06.fr\/matisse\/"},{"@type":"ListItem","position":2,"name":"Notre beau sapin"}]},{"@type":"WebSite","@id":"https:\/\/www.pep06.fr\/matisse\/#website","url":"https:\/\/www.pep06.fr\/matisse\/","name":"IME Henri Matisse","description":"Le site de l&#039;IME Henri Matisse des PEP 06","publisher":{"@id":"https:\/\/www.pep06.fr\/matisse\/#organization"},"potentialAction":[{"@type":"SearchAction","target":{"@type":"EntryPoint","urlTemplate":"https:\/\/www.pep06.fr\/matisse\/?s={search_term_string}"},"query-input":{"@type":"PropertyValueSpecification","valueRequired":true,"valueName":"search_term_string"}}],"inLanguage":"fr-FR"},{"@type":"Organization","@id":"https:\/\/www.pep06.fr\/matisse\/#organization","name":"PEP 06","url":"https:\/\/www.pep06.fr\/matisse\/","logo":{"@type":"ImageObject","inLanguage":"fr-FR","@id":"https:\/\/www.pep06.fr\/matisse\/#\/schema\/logo\/image\/","url":"https:\/\/www.pep06.fr\/matisse\/wp-content\/uploads\/sites\/4\/2015\/11\/Logo-PEP06.png","contentUrl":"https:\/\/www.pep06.fr\/matisse\/wp-content\/uploads\/sites\/4\/2015\/11\/Logo-PEP06.png","width":915,"height":915,"caption":"PEP 06"},"image":{"@id":"https:\/\/www.pep06.fr\/matisse\/#\/schema\/logo\/image\/"},"sameAs":["https:\/\/www.facebook.com\/ADPEP06"]},{"@type":"Person","@id":"https:\/\/www.pep06.fr\/matisse\/#\/schema\/person\/68339d23e9b346630537e333d3725294","name":"Patrick MADONNA","image":{"@type":"ImageObject","inLanguage":"fr-FR","@id":"https:\/\/secure.gravatar.com\/avatar\/9f564e16b8ccfd3ded3245fe6e68dc1bd8c751bb9d1f1333c6fcc6d2d4c08dbb?s=96&d=mm&r=g","url":"https:\/\/secure.gravatar.com\/avatar\/9f564e16b8ccfd3ded3245fe6e68dc1bd8c751bb9d1f1333c6fcc6d2d4c08dbb?s=96&d=mm&r=g","contentUrl":"https:\/\/secure.gravatar.com\/avatar\/9f564e16b8ccfd3ded3245fe6e68dc1bd8c751bb9d1f1333c6fcc6d2d4c08dbb?s=96&d=mm&r=g","caption":"Patrick MADONNA"},"url":"https:\/\/www.pep06.fr\/matisse\/author\/madonnap\/"}]}},"jetpack_publicize_connections":[],"jetpack_featured_media_url":"","jetpack_sharing_enabled":true,"jetpack_shortlink":"https:\/\/wp.me\/p6ZrWH-mu","_links":{"self":[{"href":"https:\/\/www.pep06.fr\/matisse\/wp-json\/wp\/v2\/posts\/1394","targetHints":{"allow":["GET"]}}],"collection":[{"href":"https:\/\/www.pep06.fr\/matisse\/wp-json\/wp\/v2\/posts"}],"about":[{"href":"https:\/\/www.pep06.fr\/matisse\/wp-json\/wp\/v2\/types\/post"}],"author":[{"embeddable":true,"href":"https:\/\/www.pep06.fr\/matisse\/wp-json\/wp\/v2\/users\/6"}],"replies":[{"embeddable":true,"href":"https:\/\/www.pep06.fr\/matisse\/wp-json\/wp\/v2\/comments?post=1394"}],"version-history":[{"count":2,"href":"https:\/\/www.pep06.fr\/matisse\/wp-json\/wp\/v2\/posts\/1394\/revisions"}],"predecessor-version":[{"id":1400,"href":"https:\/\/www.pep06.fr\/matisse\/wp-json\/wp\/v2\/posts\/1394\/revisions\/1400"}],"wp:attachment":[{"href":"https:\/\/www.pep06.fr\/matisse\/wp-json\/wp\/v2\/media?parent=1394"}],"wp:term":[{"taxonomy":"category","embeddable":true,"href":"https:\/\/www.pep06.fr\/matisse\/wp-json\/wp\/v2\/categories?post=1394"},{"taxonomy":"post_tag","embeddable":true,"href":"https:\/\/www.pep06.fr\/matisse\/wp-json\/wp\/v2\/tags?post=1394"}],"curies":[{"name":"wp","href":"https:\/\/api.w.org\/{rel}","templated":true}]}}