{"id":1764,"date":"2018-07-03T14:00:04","date_gmt":"2018-07-03T13:00:04","guid":{"rendered":"http:\/\/www.pep06.fr\/matisse\/?p=1764"},"modified":"2018-10-09T09:47:09","modified_gmt":"2018-10-09T08:47:09","slug":"transfert-a-saint-raphael","status":"publish","type":"post","link":"https:\/\/www.pep06.fr\/matisse\/2018\/07\/03\/transfert-a-saint-raphael\/","title":{"rendered":"Transfert a Saint Rapha\u00ebl"},"content":{"rendered":"<p><strong>Lundi 18 Juin<\/strong><\/p>\n<p><a href=\"https:\/\/www.pep06.fr\/matisse\/wp-content\/uploads\/sites\/4\/2018\/07\/20180618_140230.jpg\"><img loading=\"lazy\" decoding=\"async\" data-attachment-id=\"1797\" data-permalink=\"https:\/\/www.pep06.fr\/matisse\/2018\/07\/03\/transfert-a-saint-raphael\/20180618_140230\/#main\" data-orig-file=\"https:\/\/www.pep06.fr\/matisse\/wp-content\/uploads\/sites\/4\/2018\/07\/20180618_140230.jpg\" data-orig-size=\"4032,3024\" data-comments-opened=\"1\" data-image-meta=\"{&quot;aperture&quot;:&quot;1.7&quot;,&quot;credit&quot;:&quot;&quot;,&quot;camera&quot;:&quot;SM-G935F&quot;,&quot;caption&quot;:&quot;&quot;,&quot;created_timestamp&quot;:&quot;1529330550&quot;,&quot;copyright&quot;:&quot;&quot;,&quot;focal_length&quot;:&quot;4.2&quot;,&quot;iso&quot;:&quot;40&quot;,&quot;shutter_speed&quot;:&quot;0.0014409221902017&quot;,&quot;title&quot;:&quot;&quot;,&quot;orientation&quot;:&quot;1&quot;}\" data-image-title=\"20180618_140230\" data-image-description=\"\" data-image-caption=\"\" data-large-file=\"https:\/\/www.pep06.fr\/matisse\/wp-content\/uploads\/sites\/4\/2018\/07\/20180618_140230-1024x768.jpg\" class=\"alignnone size-medium wp-image-1797\" src=\"https:\/\/www.pep06.fr\/matisse\/wp-content\/uploads\/sites\/4\/2018\/07\/20180618_140230-300x225.jpg\" alt=\"\" width=\"300\" height=\"225\" srcset=\"https:\/\/www.pep06.fr\/matisse\/wp-content\/uploads\/sites\/4\/2018\/07\/20180618_140230-300x225.jpg 300w, https:\/\/www.pep06.fr\/matisse\/wp-content\/uploads\/sites\/4\/2018\/07\/20180618_140230-768x576.jpg 768w, https:\/\/www.pep06.fr\/matisse\/wp-content\/uploads\/sites\/4\/2018\/07\/20180618_140230-1024x768.jpg 1024w\" sizes=\"auto, (max-width: 300px) 100vw, 300px\" \/><\/a><\/p>\n<p>On est arriv\u00e9 au centre du Haut Peyron \u00e0 Saint Rapha\u00ebl un peu avant le d\u00e9jeuner. On a d\u00e9couvert\u00a0nos chambres et on s&rsquo;est install\u00e9. Apr\u00e8s le repas, on s&rsquo;est repos\u00e9 et on a visit\u00e9 les lieux. Ensuite, on est all\u00e9 \u00e0 la piscine. Le soir apr\u00e8s manger, on est all\u00e9\u00a0 se faire une balade de nuit.<\/p>\n<p><a href=\"https:\/\/www.pep06.fr\/matisse\/wp-content\/uploads\/sites\/4\/2018\/07\/IMG_20180621_154236.jpg\"><img loading=\"lazy\" decoding=\"async\" data-attachment-id=\"1809\" data-permalink=\"https:\/\/www.pep06.fr\/matisse\/2018\/07\/03\/transfert-a-saint-raphael\/img_20180621_154236\/#main\" data-orig-file=\"https:\/\/www.pep06.fr\/matisse\/wp-content\/uploads\/sites\/4\/2018\/07\/IMG_20180621_154236.jpg\" data-orig-size=\"3264,2448\" data-comments-opened=\"1\" data-image-meta=\"{&quot;aperture&quot;:&quot;0&quot;,&quot;credit&quot;:&quot;&quot;,&quot;camera&quot;:&quot;TREKKER-M1 CORE&quot;,&quot;caption&quot;:&quot;&quot;,&quot;created_timestamp&quot;:&quot;1529595756&quot;,&quot;copyright&quot;:&quot;&quot;,&quot;focal_length&quot;:&quot;2.86&quot;,&quot;iso&quot;:&quot;400&quot;,&quot;shutter_speed&quot;:&quot;2.6246719160105E-5&quot;,&quot;title&quot;:&quot;&quot;,&quot;orientation&quot;:&quot;0&quot;}\" data-image-title=\"IMG_20180621_154236\" data-image-description=\"\" data-image-caption=\"\" data-large-file=\"https:\/\/www.pep06.fr\/matisse\/wp-content\/uploads\/sites\/4\/2018\/07\/IMG_20180621_154236-1024x768.jpg\" class=\"alignnone size-medium wp-image-1809\" src=\"https:\/\/www.pep06.fr\/matisse\/wp-content\/uploads\/sites\/4\/2018\/07\/IMG_20180621_154236-300x225.jpg\" alt=\"\" width=\"300\" height=\"225\" srcset=\"https:\/\/www.pep06.fr\/matisse\/wp-content\/uploads\/sites\/4\/2018\/07\/IMG_20180621_154236-300x225.jpg 300w, https:\/\/www.pep06.fr\/matisse\/wp-content\/uploads\/sites\/4\/2018\/07\/IMG_20180621_154236-768x576.jpg 768w, https:\/\/www.pep06.fr\/matisse\/wp-content\/uploads\/sites\/4\/2018\/07\/IMG_20180621_154236-1024x768.jpg 1024w\" sizes=\"auto, (max-width: 300px) 100vw, 300px\" \/><\/a><\/p>\n<p><strong>Mardi 19 juin<\/strong><\/p>\n<p><a href=\"https:\/\/www.pep06.fr\/matisse\/wp-content\/uploads\/sites\/4\/2018\/07\/20180619_110408.jpg\"><img loading=\"lazy\" decoding=\"async\" data-attachment-id=\"1787\" data-permalink=\"https:\/\/www.pep06.fr\/matisse\/2018\/07\/03\/transfert-a-saint-raphael\/20180619_110408\/#main\" data-orig-file=\"https:\/\/www.pep06.fr\/matisse\/wp-content\/uploads\/sites\/4\/2018\/07\/20180619_110408.jpg\" data-orig-size=\"4032,3024\" data-comments-opened=\"1\" data-image-meta=\"{&quot;aperture&quot;:&quot;1.7&quot;,&quot;credit&quot;:&quot;&quot;,&quot;camera&quot;:&quot;SM-G935F&quot;,&quot;caption&quot;:&quot;&quot;,&quot;created_timestamp&quot;:&quot;1529406248&quot;,&quot;copyright&quot;:&quot;&quot;,&quot;focal_length&quot;:&quot;4.2&quot;,&quot;iso&quot;:&quot;40&quot;,&quot;shutter_speed&quot;:&quot;0.00060975609756098&quot;,&quot;title&quot;:&quot;&quot;,&quot;orientation&quot;:&quot;1&quot;}\" data-image-title=\"20180619_110408\" data-image-description=\"\" data-image-caption=\"\" data-large-file=\"https:\/\/www.pep06.fr\/matisse\/wp-content\/uploads\/sites\/4\/2018\/07\/20180619_110408-1024x768.jpg\" class=\"alignnone size-medium wp-image-1787\" src=\"https:\/\/www.pep06.fr\/matisse\/wp-content\/uploads\/sites\/4\/2018\/07\/20180619_110408-300x225.jpg\" alt=\"\" width=\"300\" height=\"225\" srcset=\"https:\/\/www.pep06.fr\/matisse\/wp-content\/uploads\/sites\/4\/2018\/07\/20180619_110408-300x225.jpg 300w, https:\/\/www.pep06.fr\/matisse\/wp-content\/uploads\/sites\/4\/2018\/07\/20180619_110408-768x576.jpg 768w, https:\/\/www.pep06.fr\/matisse\/wp-content\/uploads\/sites\/4\/2018\/07\/20180619_110408-1024x768.jpg 1024w\" sizes=\"auto, (max-width: 300px) 100vw, 300px\" \/><\/a><\/p>\n<p>Le matin, nous avons visit\u00e9 le Clos des Roses. Dans le domaine, il y avait une chapelle. Apr\u00e8s on a vu la cave. La guide nous expliqu\u00e9 comment on faisait le vin. L&rsquo;apr\u00e8s-midi, on est parti se balader au bord de mer. On a vu des bateaux. On a vu aussi L&rsquo;\u00eele de Tintin. La c\u00f4te \u00e9tait magnifique. Des roches rouges descendaient \u00e0 pic dans la mer. A la fin de la promenade, on a tremp\u00e9 nos pieds dans l&rsquo;eau.<\/p>\n<p><a href=\"https:\/\/www.pep06.fr\/matisse\/wp-content\/uploads\/sites\/4\/2018\/07\/20180619_171226.jpg\"><img loading=\"lazy\" decoding=\"async\" data-attachment-id=\"1815\" data-permalink=\"https:\/\/www.pep06.fr\/matisse\/2018\/07\/03\/transfert-a-saint-raphael\/20180619_171226\/#main\" data-orig-file=\"https:\/\/www.pep06.fr\/matisse\/wp-content\/uploads\/sites\/4\/2018\/07\/20180619_171226.jpg\" data-orig-size=\"4032,3024\" data-comments-opened=\"1\" data-image-meta=\"{&quot;aperture&quot;:&quot;1.7&quot;,&quot;credit&quot;:&quot;&quot;,&quot;camera&quot;:&quot;SM-G935F&quot;,&quot;caption&quot;:&quot;&quot;,&quot;created_timestamp&quot;:&quot;1529428346&quot;,&quot;copyright&quot;:&quot;&quot;,&quot;focal_length&quot;:&quot;4.2&quot;,&quot;iso&quot;:&quot;40&quot;,&quot;shutter_speed&quot;:&quot;0.00084175084175084&quot;,&quot;title&quot;:&quot;&quot;,&quot;orientation&quot;:&quot;1&quot;}\" data-image-title=\"20180619_171226\" data-image-description=\"\" data-image-caption=\"\" data-large-file=\"https:\/\/www.pep06.fr\/matisse\/wp-content\/uploads\/sites\/4\/2018\/07\/20180619_171226-1024x768.jpg\" class=\"alignnone size-medium wp-image-1815\" src=\"https:\/\/www.pep06.fr\/matisse\/wp-content\/uploads\/sites\/4\/2018\/07\/20180619_171226-300x225.jpg\" alt=\"\" width=\"300\" height=\"225\" srcset=\"https:\/\/www.pep06.fr\/matisse\/wp-content\/uploads\/sites\/4\/2018\/07\/20180619_171226-300x225.jpg 300w, https:\/\/www.pep06.fr\/matisse\/wp-content\/uploads\/sites\/4\/2018\/07\/20180619_171226-768x576.jpg 768w, https:\/\/www.pep06.fr\/matisse\/wp-content\/uploads\/sites\/4\/2018\/07\/20180619_171226-1024x768.jpg 1024w\" sizes=\"auto, (max-width: 300px) 100vw, 300px\" \/><\/a><\/p>\n<p>&nbsp;<\/p>\n<p>&nbsp;<\/p>\n<p><a href=\"https:\/\/www.pep06.fr\/matisse\/wp-content\/uploads\/sites\/4\/2018\/06\/IMG_3358-e1530189464774.jpg\"><img loading=\"lazy\" decoding=\"async\" data-attachment-id=\"1768\" data-permalink=\"https:\/\/www.pep06.fr\/matisse\/2018\/07\/03\/transfert-a-saint-raphael\/img_3358\/#main\" data-orig-file=\"https:\/\/www.pep06.fr\/matisse\/wp-content\/uploads\/sites\/4\/2018\/06\/IMG_3358-e1530189464774.jpg\" data-orig-size=\"2448,3264\" data-comments-opened=\"1\" data-image-meta=\"{&quot;aperture&quot;:&quot;2.2&quot;,&quot;credit&quot;:&quot;&quot;,&quot;camera&quot;:&quot;iPhone 5s&quot;,&quot;caption&quot;:&quot;&quot;,&quot;created_timestamp&quot;:&quot;1529449798&quot;,&quot;copyright&quot;:&quot;&quot;,&quot;focal_length&quot;:&quot;4.15&quot;,&quot;iso&quot;:&quot;125&quot;,&quot;shutter_speed&quot;:&quot;0.03030303030303&quot;,&quot;title&quot;:&quot;&quot;,&quot;orientation&quot;:&quot;6&quot;}\" data-image-title=\"IMG_3358\" data-image-description=\"\" data-image-caption=\"\" data-large-file=\"https:\/\/www.pep06.fr\/matisse\/wp-content\/uploads\/sites\/4\/2018\/06\/IMG_3358-e1530189464774-768x1024.jpg\" class=\"alignnone size-medium wp-image-1768\" src=\"https:\/\/www.pep06.fr\/matisse\/wp-content\/uploads\/sites\/4\/2018\/06\/IMG_3358-e1530189464774-225x300.jpg\" alt=\"\" width=\"225\" height=\"300\" srcset=\"https:\/\/www.pep06.fr\/matisse\/wp-content\/uploads\/sites\/4\/2018\/06\/IMG_3358-e1530189464774-225x300.jpg 225w, https:\/\/www.pep06.fr\/matisse\/wp-content\/uploads\/sites\/4\/2018\/06\/IMG_3358-e1530189464774-768x1024.jpg 768w\" sizes=\"auto, (max-width: 225px) 100vw, 225px\" \/><\/a>\u00a0\u00a0\u00a0\u00a0\u00a0\u00a0\u00a0 <a href=\"https:\/\/www.pep06.fr\/matisse\/wp-content\/uploads\/sites\/4\/2018\/06\/IMG_3352-e1530193861940.jpg\"><img loading=\"lazy\" decoding=\"async\" data-attachment-id=\"1773\" data-permalink=\"https:\/\/www.pep06.fr\/matisse\/2018\/07\/03\/transfert-a-saint-raphael\/img_3352\/#main\" data-orig-file=\"https:\/\/www.pep06.fr\/matisse\/wp-content\/uploads\/sites\/4\/2018\/06\/IMG_3352-e1530193861940.jpg\" data-orig-size=\"2448,3264\" data-comments-opened=\"1\" data-image-meta=\"{&quot;aperture&quot;:&quot;2.2&quot;,&quot;credit&quot;:&quot;&quot;,&quot;camera&quot;:&quot;iPhone 5s&quot;,&quot;caption&quot;:&quot;&quot;,&quot;created_timestamp&quot;:&quot;1529444484&quot;,&quot;copyright&quot;:&quot;&quot;,&quot;focal_length&quot;:&quot;4.15&quot;,&quot;iso&quot;:&quot;64&quot;,&quot;shutter_speed&quot;:&quot;0.03030303030303&quot;,&quot;title&quot;:&quot;&quot;,&quot;orientation&quot;:&quot;6&quot;}\" data-image-title=\"IMG_3352\" data-image-description=\"\" data-image-caption=\"\" data-large-file=\"https:\/\/www.pep06.fr\/matisse\/wp-content\/uploads\/sites\/4\/2018\/06\/IMG_3352-e1530193861940-768x1024.jpg\" class=\"alignnone size-medium wp-image-1773\" src=\"https:\/\/www.pep06.fr\/matisse\/wp-content\/uploads\/sites\/4\/2018\/06\/IMG_3352-e1530193861940-225x300.jpg\" alt=\"\" width=\"225\" height=\"300\" srcset=\"https:\/\/www.pep06.fr\/matisse\/wp-content\/uploads\/sites\/4\/2018\/06\/IMG_3352-e1530193861940-225x300.jpg 225w, https:\/\/www.pep06.fr\/matisse\/wp-content\/uploads\/sites\/4\/2018\/06\/IMG_3352-e1530193861940-768x1024.jpg 768w\" sizes=\"auto, (max-width: 225px) 100vw, 225px\" \/><\/a><\/p>\n<p>&nbsp;<\/p>\n<p>&nbsp;<\/p>\n<p>Le soir, on est all\u00e9 a Luna Park. On a fait des trucs de fou ! Les trois S ( Sa\u00efd, Safi, Samir)\u00a0 sont mont\u00e9s sur un man\u00e8ge o\u00f9 on avait la t\u00eate en bas et qui tournait \u00e0 toute vitesse !<\/p>\n<p>Youssef avec Samir et Sa\u00efd\u00a0 sont mont\u00e9s sur le \u00ab\u00a0Shaker&rsquo; qui tournait basculait et secouait en m\u00eame temps.<\/p>\n<p>Sarah B. , Kelly et Laetitia sont mont\u00e9es sur le \u00ab\u00a0Music express\u00a0\u00bb. La dame a demand\u00e9 si on voulait aller plus vite .On a dit \u00a0\u00bb Ouiiiii !\u00a0\u00bb. \u00c7a s&rsquo;est arr\u00eat\u00e9 et on est reparti en arri\u00e8re. Il y avait de la fum\u00e9e<\/p>\n<p>rouge et on criait fort. Il y avait une capote qui remontait et on ne voyait plus rien.<\/p>\n<p>Nous sommes aussi mont\u00e9s sur un petit bateau \u00e0 moteur\u00a0 qu&rsquo;on conduisait \u00e0 deux avec un camarade. Des fois, on avait du mal \u00e0 le diriger et on faisait la toupie !<\/p>\n<p>Sur Magic Moutain il\u00a0 avait Kelly, Laetitia, Tina, Cyrielle, Safi et Youssef. C&rsquo;\u00e9tait des montagnes russes qui faisaient des boucles.<\/p>\n<p>A la fin, certains ont essay\u00e9 \u00a0\u00bb l&rsquo;Ascenseur\u00a0\u00bb. La premi\u00e8re mont\u00e9e \u00e9tait un peu rapide et \u00e0 la deuxi\u00e8me, il y avait de la musique et on est rest\u00e9 en haut pendant une minute. Apr\u00e8s, des cris faisaient penser \u00e0 un film d&rsquo;horreur. A la fin, on a bu une canette et apr\u00e8s on est rentr\u00e9. C&rsquo;\u00e9tait une soir\u00e9e extraordinaire.<\/p>\n<p><strong>Mercredi 20 Juin<\/strong><\/p>\n<p>Ce matin\u00a0 au programme : grasse matin\u00e9e et farniente. Il faut dire qu&rsquo;avec la soir\u00e9e d&rsquo;hier, il fallait qu&rsquo;on r\u00e9cup\u00e8re ! A 11h30, Dylan nous a quitt\u00e9s apr\u00e8s avoir fait une petite balade dans le parc .<\/p>\n<p>L&rsquo;apr\u00e8s-midi nous avons visit\u00e9 le mus\u00e9e des troupes de la marine \u00e0 Fr\u00e9jus. C&rsquo;\u00e9tait \u00ab\u00a0canon\u00a0\u00bb! Il y avait des m\u00e9dailles, des sabres, des armes, des uniformes militaires, des tableaux et des objets &#8230; Il y\u00a0 avait aussi une carte du monde avec toutes les anciennes colonies fran\u00e7aises.<\/p>\n<p><a href=\"https:\/\/www.pep06.fr\/matisse\/wp-content\/uploads\/sites\/4\/2018\/07\/IMG_3362.jpg\"><img loading=\"lazy\" decoding=\"async\" data-attachment-id=\"1803\" data-permalink=\"https:\/\/www.pep06.fr\/matisse\/2018\/07\/03\/transfert-a-saint-raphael\/img_3362\/#main\" data-orig-file=\"https:\/\/www.pep06.fr\/matisse\/wp-content\/uploads\/sites\/4\/2018\/07\/IMG_3362.jpg\" data-orig-size=\"3264,2448\" data-comments-opened=\"1\" data-image-meta=\"{&quot;aperture&quot;:&quot;2.2&quot;,&quot;credit&quot;:&quot;&quot;,&quot;camera&quot;:&quot;iPhone 5s&quot;,&quot;caption&quot;:&quot;&quot;,&quot;created_timestamp&quot;:&quot;1529511861&quot;,&quot;copyright&quot;:&quot;&quot;,&quot;focal_length&quot;:&quot;4.15&quot;,&quot;iso&quot;:&quot;200&quot;,&quot;shutter_speed&quot;:&quot;0.03030303030303&quot;,&quot;title&quot;:&quot;&quot;,&quot;orientation&quot;:&quot;1&quot;}\" data-image-title=\"IMG_3362\" data-image-description=\"\" data-image-caption=\"\" data-large-file=\"https:\/\/www.pep06.fr\/matisse\/wp-content\/uploads\/sites\/4\/2018\/07\/IMG_3362-1024x768.jpg\" class=\"alignnone size-medium wp-image-1803\" src=\"https:\/\/www.pep06.fr\/matisse\/wp-content\/uploads\/sites\/4\/2018\/07\/IMG_3362-300x225.jpg\" alt=\"\" width=\"300\" height=\"225\" srcset=\"https:\/\/www.pep06.fr\/matisse\/wp-content\/uploads\/sites\/4\/2018\/07\/IMG_3362-300x225.jpg 300w, https:\/\/www.pep06.fr\/matisse\/wp-content\/uploads\/sites\/4\/2018\/07\/IMG_3362-768x576.jpg 768w, https:\/\/www.pep06.fr\/matisse\/wp-content\/uploads\/sites\/4\/2018\/07\/IMG_3362-1024x768.jpg 1024w\" sizes=\"auto, (max-width: 300px) 100vw, 300px\" \/><\/a><\/p>\n<p>&nbsp;<\/p>\n<p>Ensuite, partage en deux groupes:<\/p>\n<p>-groupe plage aux \u00ab\u00a0Sablettes\u00a0\u00bb de Fr\u00e9jus: baignade et jeux de ballons.<\/p>\n<p><a href=\"https:\/\/www.pep06.fr\/matisse\/wp-content\/uploads\/sites\/4\/2018\/07\/DSCN0258.jpg\"><img loading=\"lazy\" decoding=\"async\" data-attachment-id=\"1811\" data-permalink=\"https:\/\/www.pep06.fr\/matisse\/2018\/07\/03\/transfert-a-saint-raphael\/dscn0258\/#main\" data-orig-file=\"https:\/\/www.pep06.fr\/matisse\/wp-content\/uploads\/sites\/4\/2018\/07\/DSCN0258.jpg\" data-orig-size=\"4160,3120\" data-comments-opened=\"1\" data-image-meta=\"{&quot;aperture&quot;:&quot;3.3&quot;,&quot;credit&quot;:&quot;&quot;,&quot;camera&quot;:&quot;COOLPIX S33&quot;,&quot;caption&quot;:&quot;&quot;,&quot;created_timestamp&quot;:&quot;1529520040&quot;,&quot;copyright&quot;:&quot;&quot;,&quot;focal_length&quot;:&quot;4.1&quot;,&quot;iso&quot;:&quot;125&quot;,&quot;shutter_speed&quot;:&quot;0.0015625&quot;,&quot;title&quot;:&quot;&quot;,&quot;orientation&quot;:&quot;1&quot;}\" data-image-title=\"DSCN0258\" data-image-description=\"\" data-image-caption=\"\" data-large-file=\"https:\/\/www.pep06.fr\/matisse\/wp-content\/uploads\/sites\/4\/2018\/07\/DSCN0258-1024x768.jpg\" class=\"alignnone size-medium wp-image-1811\" src=\"https:\/\/www.pep06.fr\/matisse\/wp-content\/uploads\/sites\/4\/2018\/07\/DSCN0258-300x225.jpg\" alt=\"\" width=\"300\" height=\"225\" srcset=\"https:\/\/www.pep06.fr\/matisse\/wp-content\/uploads\/sites\/4\/2018\/07\/DSCN0258-300x225.jpg 300w, https:\/\/www.pep06.fr\/matisse\/wp-content\/uploads\/sites\/4\/2018\/07\/DSCN0258-768x576.jpg 768w, https:\/\/www.pep06.fr\/matisse\/wp-content\/uploads\/sites\/4\/2018\/07\/DSCN0258-1024x768.jpg 1024w\" sizes=\"auto, (max-width: 300px) 100vw, 300px\" \/><\/a><\/p>\n<p>&#8211; groupe\u00a0\u00bb courses\u00a0\u00bb: glaces et cartes postales en ville.<\/p>\n<p><strong>Jeudi 21 Juin<\/strong><\/p>\n<p><a href=\"https:\/\/www.pep06.fr\/matisse\/wp-content\/uploads\/sites\/4\/2018\/07\/20180621_093739.jpg\"><img loading=\"lazy\" decoding=\"async\" data-attachment-id=\"1777\" data-permalink=\"https:\/\/www.pep06.fr\/matisse\/2018\/07\/03\/transfert-a-saint-raphael\/20180621_093739\/#main\" data-orig-file=\"https:\/\/www.pep06.fr\/matisse\/wp-content\/uploads\/sites\/4\/2018\/07\/20180621_093739.jpg\" data-orig-size=\"4032,3024\" data-comments-opened=\"1\" data-image-meta=\"{&quot;aperture&quot;:&quot;1.7&quot;,&quot;credit&quot;:&quot;&quot;,&quot;camera&quot;:&quot;SM-G935F&quot;,&quot;caption&quot;:&quot;&quot;,&quot;created_timestamp&quot;:&quot;1529573859&quot;,&quot;copyright&quot;:&quot;&quot;,&quot;focal_length&quot;:&quot;4.2&quot;,&quot;iso&quot;:&quot;125&quot;,&quot;shutter_speed&quot;:&quot;0.02&quot;,&quot;title&quot;:&quot;&quot;,&quot;orientation&quot;:&quot;1&quot;}\" data-image-title=\"20180621_093739\" data-image-description=\"\" data-image-caption=\"\" data-large-file=\"https:\/\/www.pep06.fr\/matisse\/wp-content\/uploads\/sites\/4\/2018\/07\/20180621_093739-1024x768.jpg\" class=\"alignnone size-medium wp-image-1777\" src=\"https:\/\/www.pep06.fr\/matisse\/wp-content\/uploads\/sites\/4\/2018\/07\/20180621_093739-300x225.jpg\" alt=\"\" width=\"300\" height=\"225\" srcset=\"https:\/\/www.pep06.fr\/matisse\/wp-content\/uploads\/sites\/4\/2018\/07\/20180621_093739-300x225.jpg 300w, https:\/\/www.pep06.fr\/matisse\/wp-content\/uploads\/sites\/4\/2018\/07\/20180621_093739-768x576.jpg 768w, https:\/\/www.pep06.fr\/matisse\/wp-content\/uploads\/sites\/4\/2018\/07\/20180621_093739-1024x768.jpg 1024w\" sizes=\"auto, (max-width: 300px) 100vw, 300px\" \/><\/a>\u00a0\u00a0\u00a0\u00a0\u00a0\u00a0 <a href=\"https:\/\/www.pep06.fr\/matisse\/wp-content\/uploads\/sites\/4\/2018\/07\/20180621_094637-e1530622282436.jpg\"><img loading=\"lazy\" decoding=\"async\" data-attachment-id=\"1778\" data-permalink=\"https:\/\/www.pep06.fr\/matisse\/2018\/07\/03\/transfert-a-saint-raphael\/20180621_094637\/#main\" data-orig-file=\"https:\/\/www.pep06.fr\/matisse\/wp-content\/uploads\/sites\/4\/2018\/07\/20180621_094637-e1530622282436.jpg\" data-orig-size=\"3024,4032\" data-comments-opened=\"1\" data-image-meta=\"{&quot;aperture&quot;:&quot;1.7&quot;,&quot;credit&quot;:&quot;&quot;,&quot;camera&quot;:&quot;SM-G935F&quot;,&quot;caption&quot;:&quot;&quot;,&quot;created_timestamp&quot;:&quot;1529574397&quot;,&quot;copyright&quot;:&quot;&quot;,&quot;focal_length&quot;:&quot;4.2&quot;,&quot;iso&quot;:&quot;50&quot;,&quot;shutter_speed&quot;:&quot;0.02&quot;,&quot;title&quot;:&quot;&quot;,&quot;orientation&quot;:&quot;6&quot;}\" data-image-title=\"20180621_094637\" data-image-description=\"\" data-image-caption=\"\" data-large-file=\"https:\/\/www.pep06.fr\/matisse\/wp-content\/uploads\/sites\/4\/2018\/07\/20180621_094637-e1530622282436-768x1024.jpg\" class=\"alignnone size-medium wp-image-1778\" src=\"https:\/\/www.pep06.fr\/matisse\/wp-content\/uploads\/sites\/4\/2018\/07\/20180621_094637-e1530622282436-225x300.jpg\" alt=\"\" width=\"225\" height=\"300\" srcset=\"https:\/\/www.pep06.fr\/matisse\/wp-content\/uploads\/sites\/4\/2018\/07\/20180621_094637-e1530622282436-225x300.jpg 225w, https:\/\/www.pep06.fr\/matisse\/wp-content\/uploads\/sites\/4\/2018\/07\/20180621_094637-e1530622282436-768x1024.jpg 768w\" sizes=\"auto, (max-width: 225px) 100vw, 225px\" \/><\/a><\/p>\n<p>&nbsp;<\/p>\n<p>Ce jour l\u00e0, nous sommes all\u00e9s dans un centre \u00e9questre. L&rsquo;animateur nous a dit qu\u2019il fallait parler aux animaux et \u00eatre gentil avec eux. D\u00a0\u00bbabord on a bross\u00e9 les poneys et on a nettoy\u00e9 les sabots. Ensuite, on a appris \u00e0 diriger les chevaux en marchant. On a fait des petits parcours avec eux. On est aussi mont\u00e9 sur les poneys et on les a conduits tout seul.<\/p>\n<p>&nbsp;<\/p>\n<p><a href=\"https:\/\/www.pep06.fr\/matisse\/wp-content\/uploads\/sites\/4\/2018\/07\/IMG_3403-e1530622357445.jpg\"><img loading=\"lazy\" decoding=\"async\" data-attachment-id=\"1813\" data-permalink=\"https:\/\/www.pep06.fr\/matisse\/2018\/07\/03\/transfert-a-saint-raphael\/img_3403\/#main\" data-orig-file=\"https:\/\/www.pep06.fr\/matisse\/wp-content\/uploads\/sites\/4\/2018\/07\/IMG_3403-e1530622357445.jpg\" data-orig-size=\"1280,960\" data-comments-opened=\"1\" data-image-meta=\"{&quot;aperture&quot;:&quot;2.4&quot;,&quot;credit&quot;:&quot;&quot;,&quot;camera&quot;:&quot;iPhone 5s&quot;,&quot;caption&quot;:&quot;&quot;,&quot;created_timestamp&quot;:&quot;1529587536&quot;,&quot;copyright&quot;:&quot;&quot;,&quot;focal_length&quot;:&quot;2.15&quot;,&quot;iso&quot;:&quot;50&quot;,&quot;shutter_speed&quot;:&quot;0.00068587105624143&quot;,&quot;title&quot;:&quot;&quot;,&quot;orientation&quot;:&quot;3&quot;}\" data-image-title=\"IMG_3403\" data-image-description=\"\" data-image-caption=\"\" data-large-file=\"https:\/\/www.pep06.fr\/matisse\/wp-content\/uploads\/sites\/4\/2018\/07\/IMG_3403-e1530622357445-1024x768.jpg\" class=\"alignnone size-medium wp-image-1813\" src=\"https:\/\/www.pep06.fr\/matisse\/wp-content\/uploads\/sites\/4\/2018\/07\/IMG_3403-e1530622357445-300x225.jpg\" alt=\"\" width=\"300\" height=\"225\" srcset=\"https:\/\/www.pep06.fr\/matisse\/wp-content\/uploads\/sites\/4\/2018\/07\/IMG_3403-e1530622357445-300x225.jpg 300w, https:\/\/www.pep06.fr\/matisse\/wp-content\/uploads\/sites\/4\/2018\/07\/IMG_3403-e1530622357445-768x576.jpg 768w, https:\/\/www.pep06.fr\/matisse\/wp-content\/uploads\/sites\/4\/2018\/07\/IMG_3403-e1530622357445-1024x768.jpg 1024w, https:\/\/www.pep06.fr\/matisse\/wp-content\/uploads\/sites\/4\/2018\/07\/IMG_3403-e1530622357445.jpg 1280w\" sizes=\"auto, (max-width: 300px) 100vw, 300px\" \/><\/a><\/p>\n<p>&nbsp;<\/p>\n<p>Nous avons pique-niqu\u00e9 sur la plage o\u00f9 a eu lieu le d\u00e9barquement de Provence du 15 aout 1944. Les alli\u00e9s sont arriv\u00e9s ici pour lib\u00e9rer le d\u00e9partement du Var.<\/p>\n<p>&nbsp;<\/p>\n<p><a href=\"https:\/\/www.pep06.fr\/matisse\/wp-content\/uploads\/sites\/4\/2018\/07\/IMG_3410.jpg\"><img loading=\"lazy\" decoding=\"async\" data-attachment-id=\"1794\" data-permalink=\"https:\/\/www.pep06.fr\/matisse\/2018\/07\/03\/transfert-a-saint-raphael\/img_3410\/#main\" data-orig-file=\"https:\/\/www.pep06.fr\/matisse\/wp-content\/uploads\/sites\/4\/2018\/07\/IMG_3410.jpg\" data-orig-size=\"3264,2448\" data-comments-opened=\"1\" data-image-meta=\"{&quot;aperture&quot;:&quot;2.2&quot;,&quot;credit&quot;:&quot;&quot;,&quot;camera&quot;:&quot;iPhone 5s&quot;,&quot;caption&quot;:&quot;&quot;,&quot;created_timestamp&quot;:&quot;1529604225&quot;,&quot;copyright&quot;:&quot;&quot;,&quot;focal_length&quot;:&quot;4.15&quot;,&quot;iso&quot;:&quot;1000&quot;,&quot;shutter_speed&quot;:&quot;0.058823529411765&quot;,&quot;title&quot;:&quot;&quot;,&quot;orientation&quot;:&quot;1&quot;}\" data-image-title=\"IMG_3410\" data-image-description=\"\" data-image-caption=\"\" data-large-file=\"https:\/\/www.pep06.fr\/matisse\/wp-content\/uploads\/sites\/4\/2018\/07\/IMG_3410-1024x768.jpg\" class=\"alignnone size-medium wp-image-1794\" src=\"https:\/\/www.pep06.fr\/matisse\/wp-content\/uploads\/sites\/4\/2018\/07\/IMG_3410-300x225.jpg\" alt=\"\" width=\"300\" height=\"225\" srcset=\"https:\/\/www.pep06.fr\/matisse\/wp-content\/uploads\/sites\/4\/2018\/07\/IMG_3410-300x225.jpg 300w, https:\/\/www.pep06.fr\/matisse\/wp-content\/uploads\/sites\/4\/2018\/07\/IMG_3410-768x576.jpg 768w, https:\/\/www.pep06.fr\/matisse\/wp-content\/uploads\/sites\/4\/2018\/07\/IMG_3410-1024x768.jpg 1024w\" sizes=\"auto, (max-width: 300px) 100vw, 300px\" \/><\/a>\u00a0\u00a0\u00a0\u00a0\u00a0 <a href=\"https:\/\/www.pep06.fr\/matisse\/wp-content\/uploads\/sites\/4\/2018\/07\/20180618_164011-e1530622491549.jpg\"><img loading=\"lazy\" decoding=\"async\" data-attachment-id=\"1804\" data-permalink=\"https:\/\/www.pep06.fr\/matisse\/2018\/07\/03\/transfert-a-saint-raphael\/20180618_164011\/#main\" data-orig-file=\"https:\/\/www.pep06.fr\/matisse\/wp-content\/uploads\/sites\/4\/2018\/07\/20180618_164011-e1530622491549.jpg\" data-orig-size=\"3024,4032\" data-comments-opened=\"1\" data-image-meta=\"{&quot;aperture&quot;:&quot;1.7&quot;,&quot;credit&quot;:&quot;&quot;,&quot;camera&quot;:&quot;SM-G935F&quot;,&quot;caption&quot;:&quot;&quot;,&quot;created_timestamp&quot;:&quot;1529340011&quot;,&quot;copyright&quot;:&quot;&quot;,&quot;focal_length&quot;:&quot;4.2&quot;,&quot;iso&quot;:&quot;40&quot;,&quot;shutter_speed&quot;:&quot;0.00020559210526316&quot;,&quot;title&quot;:&quot;&quot;,&quot;orientation&quot;:&quot;6&quot;}\" data-image-title=\"20180618_164011\" data-image-description=\"\" data-image-caption=\"\" data-large-file=\"https:\/\/www.pep06.fr\/matisse\/wp-content\/uploads\/sites\/4\/2018\/07\/20180618_164011-e1530622491549-768x1024.jpg\" class=\"alignnone size-medium wp-image-1804\" src=\"https:\/\/www.pep06.fr\/matisse\/wp-content\/uploads\/sites\/4\/2018\/07\/20180618_164011-e1530622491549-225x300.jpg\" alt=\"\" width=\"225\" height=\"300\" srcset=\"https:\/\/www.pep06.fr\/matisse\/wp-content\/uploads\/sites\/4\/2018\/07\/20180618_164011-e1530622491549-225x300.jpg 225w, https:\/\/www.pep06.fr\/matisse\/wp-content\/uploads\/sites\/4\/2018\/07\/20180618_164011-e1530622491549-768x1024.jpg 768w\" sizes=\"auto, (max-width: 225px) 100vw, 225px\" \/><\/a><\/p>\n<p>&nbsp;<\/p>\n<p>L\u2019apr\u00e8s-midi, on s&rsquo;est repos\u00e9 pendant que certains sont all\u00e9s \u00e0 la piscine. A17 heures, on regard\u00e9 France\/ P\u00e9rou. La France a gagn\u00e9 1 \u00e0 0. On est en 8\u00e9me de finale !<\/p>\n<p>Le soir, nous sommes all\u00e9s \u00e0 la f\u00eate de la musique. On a commenc\u00e9 \u00e0 se l\u00e2cher et on a dans\u00e9 sur plusieurs musiques ( rock , br\u00e9silien etc &#8230;)<\/p>\n<p><strong>Vendredi 22 juin<\/strong><\/p>\n<p>&nbsp;<\/p>\n<p>&nbsp;<\/p>\n<p><a href=\"https:\/\/www.pep06.fr\/matisse\/wp-content\/uploads\/sites\/4\/2018\/07\/20180622_133423-e1530622578117.jpg\"><img loading=\"lazy\" decoding=\"async\" data-attachment-id=\"1792\" data-permalink=\"https:\/\/www.pep06.fr\/matisse\/2018\/07\/03\/transfert-a-saint-raphael\/20180622_133423\/#main\" data-orig-file=\"https:\/\/www.pep06.fr\/matisse\/wp-content\/uploads\/sites\/4\/2018\/07\/20180622_133423-e1530622578117.jpg\" data-orig-size=\"3024,4032\" data-comments-opened=\"1\" data-image-meta=\"{&quot;aperture&quot;:&quot;1.7&quot;,&quot;credit&quot;:&quot;&quot;,&quot;camera&quot;:&quot;SM-G935F&quot;,&quot;caption&quot;:&quot;&quot;,&quot;created_timestamp&quot;:&quot;1529674463&quot;,&quot;copyright&quot;:&quot;&quot;,&quot;focal_length&quot;:&quot;4.2&quot;,&quot;iso&quot;:&quot;40&quot;,&quot;shutter_speed&quot;:&quot;0.00090252707581227&quot;,&quot;title&quot;:&quot;&quot;,&quot;orientation&quot;:&quot;6&quot;}\" data-image-title=\"20180622_133423\" data-image-description=\"\" data-image-caption=\"\" data-large-file=\"https:\/\/www.pep06.fr\/matisse\/wp-content\/uploads\/sites\/4\/2018\/07\/20180622_133423-e1530622578117-768x1024.jpg\" class=\"alignnone size-medium wp-image-1792\" src=\"https:\/\/www.pep06.fr\/matisse\/wp-content\/uploads\/sites\/4\/2018\/07\/20180622_133423-e1530622578117-225x300.jpg\" alt=\"\" width=\"225\" height=\"300\" srcset=\"https:\/\/www.pep06.fr\/matisse\/wp-content\/uploads\/sites\/4\/2018\/07\/20180622_133423-e1530622578117-225x300.jpg 225w, https:\/\/www.pep06.fr\/matisse\/wp-content\/uploads\/sites\/4\/2018\/07\/20180622_133423-e1530622578117-768x1024.jpg 768w\" sizes=\"auto, (max-width: 225px) 100vw, 225px\" \/><\/a>\u00a0\u00a0\u00a0\u00a0\u00a0 <a href=\"https:\/\/www.pep06.fr\/matisse\/wp-content\/uploads\/sites\/4\/2018\/07\/20180622_133351-e1530622640916.jpg\"><img loading=\"lazy\" decoding=\"async\" data-attachment-id=\"1791\" data-permalink=\"https:\/\/www.pep06.fr\/matisse\/2018\/07\/03\/transfert-a-saint-raphael\/20180622_133351\/#main\" data-orig-file=\"https:\/\/www.pep06.fr\/matisse\/wp-content\/uploads\/sites\/4\/2018\/07\/20180622_133351-e1530622640916.jpg\" data-orig-size=\"3024,4032\" data-comments-opened=\"1\" data-image-meta=\"{&quot;aperture&quot;:&quot;1.7&quot;,&quot;credit&quot;:&quot;&quot;,&quot;camera&quot;:&quot;SM-G935F&quot;,&quot;caption&quot;:&quot;&quot;,&quot;created_timestamp&quot;:&quot;1529674431&quot;,&quot;copyright&quot;:&quot;&quot;,&quot;focal_length&quot;:&quot;4.2&quot;,&quot;iso&quot;:&quot;40&quot;,&quot;shutter_speed&quot;:&quot;0.00094339622641509&quot;,&quot;title&quot;:&quot;&quot;,&quot;orientation&quot;:&quot;6&quot;}\" data-image-title=\"20180622_133351\" data-image-description=\"\" data-image-caption=\"\" data-large-file=\"https:\/\/www.pep06.fr\/matisse\/wp-content\/uploads\/sites\/4\/2018\/07\/20180622_133351-e1530622640916-768x1024.jpg\" class=\"alignnone size-medium wp-image-1791\" src=\"https:\/\/www.pep06.fr\/matisse\/wp-content\/uploads\/sites\/4\/2018\/07\/20180622_133351-e1530622640916-225x300.jpg\" alt=\"\" width=\"225\" height=\"300\" srcset=\"https:\/\/www.pep06.fr\/matisse\/wp-content\/uploads\/sites\/4\/2018\/07\/20180622_133351-e1530622640916-225x300.jpg 225w, https:\/\/www.pep06.fr\/matisse\/wp-content\/uploads\/sites\/4\/2018\/07\/20180622_133351-e1530622640916-768x1024.jpg 768w\" sizes=\"auto, (max-width: 225px) 100vw, 225px\" \/><\/a><\/p>\n<p>&nbsp;<\/p>\n<p>Le matin, on a pr\u00e9par\u00e9 les bagages et on est parti. On est retourn\u00e9 pique-niquer sur la plage du d\u00e9barquement. Ensuite, nous sommes revenus par le bord de mer. Nous nous sommes arr\u00eat\u00e9s en route pour boire un verre et manger une glace. Les paysages \u00e9taient magnifiques.<\/p>\n<p>&nbsp;<\/p>\n<p>&nbsp;<\/p>\n<p>&nbsp;<\/p>\n<p>&nbsp;<\/p>\n","protected":false},"excerpt":{"rendered":"<p>Lundi 18 Juin On est arriv\u00e9 au centre du Haut Peyron \u00e0 Saint Rapha\u00ebl un peu avant le d\u00e9jeuner. On a d\u00e9couvert\u00a0nos chambres et on s&rsquo;est install\u00e9. Apr\u00e8s le repas, on s&rsquo;est repos\u00e9 et on a visit\u00e9 les lieux. Ensuite, on est all\u00e9 \u00e0 la piscine. Le soir apr\u00e8s manger, on est all\u00e9\u00a0 se faire&#8230;<\/p>\n<p><a href=\"https:\/\/www.pep06.fr\/matisse\/2018\/07\/03\/transfert-a-saint-raphael\/\"><span class=\"glyphicon glyphicon-arrow-right\"><\/span>&nbsp;Poursuivre la lecture<\/a><\/p>","protected":false},"author":6,"featured_media":0,"comment_status":"open","ping_status":"open","sticky":false,"template":"","format":"standard","meta":{"_uf_show_specific_survey":0,"_uf_disable_surveys":false,"jetpack_post_was_ever_published":false,"_jetpack_newsletter_access":"","_jetpack_dont_email_post_to_subs":false,"_jetpack_newsletter_tier_id":0,"_jetpack_memberships_contains_paywalled_content":false,"_jetpack_memberships_contains_paid_content":false,"footnotes":"","jetpack_publicize_message":"","jetpack_publicize_feature_enabled":true,"jetpack_social_post_already_shared":true,"jetpack_social_options":{"image_generator_settings":{"template":"highway","default_image_id":0,"font":"","enabled":false},"version":2}},"categories":[8],"tags":[],"class_list":["post-1764","post","type-post","status-publish","format-standard","hentry","category-vie-de-letablissement"],"yoast_head":"<!-- This site is optimized with the Yoast SEO plugin v27.5 - https:\/\/yoast.com\/product\/yoast-seo-wordpress\/ -->\n<title>Transfert a Saint Rapha\u00ebl - IME Henri Matisse<\/title>\n<meta name=\"description\" content=\"L\u2019Institut M\u00e9dico-Educatif Henri Matisse PEP06 accueille des jeunes de 3 \u00e0 20 ans pr\u00e9sentant une d\u00e9ficience mentale l\u00e9g\u00e8re avec ou sans troubles du psychisme.\" \/>\n<meta name=\"robots\" content=\"index, follow, max-snippet:-1, max-image-preview:large, max-video-preview:-1\" \/>\n<link rel=\"canonical\" href=\"https:\/\/www.pep06.fr\/matisse\/2018\/07\/03\/transfert-a-saint-raphael\/\" \/>\n<meta property=\"og:locale\" content=\"fr_FR\" \/>\n<meta property=\"og:type\" content=\"article\" \/>\n<meta property=\"og:title\" content=\"Transfert a Saint Rapha\u00ebl - IME Henri Matisse\" \/>\n<meta property=\"og:description\" content=\"L\u2019Institut M\u00e9dico-Educatif Henri Matisse PEP06 accueille des jeunes de 3 \u00e0 20 ans pr\u00e9sentant une d\u00e9ficience mentale l\u00e9g\u00e8re avec ou sans troubles du psychisme.\" \/>\n<meta property=\"og:url\" content=\"https:\/\/www.pep06.fr\/matisse\/2018\/07\/03\/transfert-a-saint-raphael\/\" \/>\n<meta property=\"og:site_name\" content=\"IME Henri Matisse\" \/>\n<meta property=\"article:publisher\" content=\"https:\/\/www.facebook.com\/ADPEP06\" \/>\n<meta property=\"article:published_time\" content=\"2018-07-03T13:00:04+00:00\" \/>\n<meta property=\"article:modified_time\" content=\"2018-10-09T08:47:09+00:00\" \/>\n<meta property=\"og:image\" content=\"https:\/\/www.pep06.fr\/matisse\/wp-content\/uploads\/sites\/4\/2018\/07\/20180618_140230-300x225.jpg\" \/>\n<meta name=\"author\" content=\"Patrick MADONNA\" \/>\n<meta name=\"twitter:card\" content=\"summary_large_image\" \/>\n<meta name=\"twitter:label1\" content=\"\u00c9crit par\" \/>\n\t<meta name=\"twitter:data1\" content=\"Patrick MADONNA\" \/>\n\t<meta name=\"twitter:label2\" content=\"Dur\u00e9e de lecture estim\u00e9e\" \/>\n\t<meta name=\"twitter:data2\" content=\"4 minutes\" \/>\n<script type=\"application\/ld+json\" class=\"yoast-schema-graph\">{\"@context\":\"https:\\\/\\\/schema.org\",\"@graph\":[{\"@type\":\"Article\",\"@id\":\"https:\\\/\\\/www.pep06.fr\\\/matisse\\\/2018\\\/07\\\/03\\\/transfert-a-saint-raphael\\\/#article\",\"isPartOf\":{\"@id\":\"https:\\\/\\\/www.pep06.fr\\\/matisse\\\/2018\\\/07\\\/03\\\/transfert-a-saint-raphael\\\/\"},\"author\":{\"name\":\"Patrick MADONNA\",\"@id\":\"https:\\\/\\\/www.pep06.fr\\\/matisse\\\/#\\\/schema\\\/person\\\/68339d23e9b346630537e333d3725294\"},\"headline\":\"Transfert a Saint Rapha\u00ebl\",\"datePublished\":\"2018-07-03T13:00:04+00:00\",\"dateModified\":\"2018-10-09T08:47:09+00:00\",\"mainEntityOfPage\":{\"@id\":\"https:\\\/\\\/www.pep06.fr\\\/matisse\\\/2018\\\/07\\\/03\\\/transfert-a-saint-raphael\\\/\"},\"wordCount\":758,\"commentCount\":0,\"publisher\":{\"@id\":\"https:\\\/\\\/www.pep06.fr\\\/matisse\\\/#organization\"},\"image\":{\"@id\":\"https:\\\/\\\/www.pep06.fr\\\/matisse\\\/2018\\\/07\\\/03\\\/transfert-a-saint-raphael\\\/#primaryimage\"},\"thumbnailUrl\":\"https:\\\/\\\/www.pep06.fr\\\/matisse\\\/wp-content\\\/uploads\\\/sites\\\/4\\\/2018\\\/07\\\/20180618_140230-300x225.jpg\",\"articleSection\":[\"Vie de l'\u00e9tablissement\"],\"inLanguage\":\"fr-FR\",\"potentialAction\":[{\"@type\":\"CommentAction\",\"name\":\"Comment\",\"target\":[\"https:\\\/\\\/www.pep06.fr\\\/matisse\\\/2018\\\/07\\\/03\\\/transfert-a-saint-raphael\\\/#respond\"]}]},{\"@type\":\"WebPage\",\"@id\":\"https:\\\/\\\/www.pep06.fr\\\/matisse\\\/2018\\\/07\\\/03\\\/transfert-a-saint-raphael\\\/\",\"url\":\"https:\\\/\\\/www.pep06.fr\\\/matisse\\\/2018\\\/07\\\/03\\\/transfert-a-saint-raphael\\\/\",\"name\":\"Transfert a Saint Rapha\u00ebl - IME Henri Matisse\",\"isPartOf\":{\"@id\":\"https:\\\/\\\/www.pep06.fr\\\/matisse\\\/#website\"},\"primaryImageOfPage\":{\"@id\":\"https:\\\/\\\/www.pep06.fr\\\/matisse\\\/2018\\\/07\\\/03\\\/transfert-a-saint-raphael\\\/#primaryimage\"},\"image\":{\"@id\":\"https:\\\/\\\/www.pep06.fr\\\/matisse\\\/2018\\\/07\\\/03\\\/transfert-a-saint-raphael\\\/#primaryimage\"},\"thumbnailUrl\":\"https:\\\/\\\/www.pep06.fr\\\/matisse\\\/wp-content\\\/uploads\\\/sites\\\/4\\\/2018\\\/07\\\/20180618_140230-300x225.jpg\",\"datePublished\":\"2018-07-03T13:00:04+00:00\",\"dateModified\":\"2018-10-09T08:47:09+00:00\",\"description\":\"L\u2019Institut M\u00e9dico-Educatif Henri Matisse PEP06 accueille des jeunes de 3 \u00e0 20 ans pr\u00e9sentant une d\u00e9ficience mentale l\u00e9g\u00e8re avec ou sans troubles du psychisme.\",\"breadcrumb\":{\"@id\":\"https:\\\/\\\/www.pep06.fr\\\/matisse\\\/2018\\\/07\\\/03\\\/transfert-a-saint-raphael\\\/#breadcrumb\"},\"inLanguage\":\"fr-FR\",\"potentialAction\":[{\"@type\":\"ReadAction\",\"target\":[\"https:\\\/\\\/www.pep06.fr\\\/matisse\\\/2018\\\/07\\\/03\\\/transfert-a-saint-raphael\\\/\"]}]},{\"@type\":\"ImageObject\",\"inLanguage\":\"fr-FR\",\"@id\":\"https:\\\/\\\/www.pep06.fr\\\/matisse\\\/2018\\\/07\\\/03\\\/transfert-a-saint-raphael\\\/#primaryimage\",\"url\":\"https:\\\/\\\/www.pep06.fr\\\/matisse\\\/wp-content\\\/uploads\\\/sites\\\/4\\\/2018\\\/07\\\/20180618_140230.jpg\",\"contentUrl\":\"https:\\\/\\\/www.pep06.fr\\\/matisse\\\/wp-content\\\/uploads\\\/sites\\\/4\\\/2018\\\/07\\\/20180618_140230.jpg\",\"width\":4032,\"height\":3024},{\"@type\":\"BreadcrumbList\",\"@id\":\"https:\\\/\\\/www.pep06.fr\\\/matisse\\\/2018\\\/07\\\/03\\\/transfert-a-saint-raphael\\\/#breadcrumb\",\"itemListElement\":[{\"@type\":\"ListItem\",\"position\":1,\"name\":\"Accueil\",\"item\":\"https:\\\/\\\/www.pep06.fr\\\/matisse\\\/\"},{\"@type\":\"ListItem\",\"position\":2,\"name\":\"Transfert a Saint Rapha\u00ebl\"}]},{\"@type\":\"WebSite\",\"@id\":\"https:\\\/\\\/www.pep06.fr\\\/matisse\\\/#website\",\"url\":\"https:\\\/\\\/www.pep06.fr\\\/matisse\\\/\",\"name\":\"IME Henri Matisse\",\"description\":\"Le site de l&#039;IME Henri Matisse des PEP 06\",\"publisher\":{\"@id\":\"https:\\\/\\\/www.pep06.fr\\\/matisse\\\/#organization\"},\"potentialAction\":[{\"@type\":\"SearchAction\",\"target\":{\"@type\":\"EntryPoint\",\"urlTemplate\":\"https:\\\/\\\/www.pep06.fr\\\/matisse\\\/?s={search_term_string}\"},\"query-input\":{\"@type\":\"PropertyValueSpecification\",\"valueRequired\":true,\"valueName\":\"search_term_string\"}}],\"inLanguage\":\"fr-FR\"},{\"@type\":\"Organization\",\"@id\":\"https:\\\/\\\/www.pep06.fr\\\/matisse\\\/#organization\",\"name\":\"PEP 06\",\"url\":\"https:\\\/\\\/www.pep06.fr\\\/matisse\\\/\",\"logo\":{\"@type\":\"ImageObject\",\"inLanguage\":\"fr-FR\",\"@id\":\"https:\\\/\\\/www.pep06.fr\\\/matisse\\\/#\\\/schema\\\/logo\\\/image\\\/\",\"url\":\"https:\\\/\\\/www.pep06.fr\\\/matisse\\\/wp-content\\\/uploads\\\/sites\\\/4\\\/2015\\\/11\\\/Logo-PEP06.png\",\"contentUrl\":\"https:\\\/\\\/www.pep06.fr\\\/matisse\\\/wp-content\\\/uploads\\\/sites\\\/4\\\/2015\\\/11\\\/Logo-PEP06.png\",\"width\":915,\"height\":915,\"caption\":\"PEP 06\"},\"image\":{\"@id\":\"https:\\\/\\\/www.pep06.fr\\\/matisse\\\/#\\\/schema\\\/logo\\\/image\\\/\"},\"sameAs\":[\"https:\\\/\\\/www.facebook.com\\\/ADPEP06\"]},{\"@type\":\"Person\",\"@id\":\"https:\\\/\\\/www.pep06.fr\\\/matisse\\\/#\\\/schema\\\/person\\\/68339d23e9b346630537e333d3725294\",\"name\":\"Patrick MADONNA\",\"image\":{\"@type\":\"ImageObject\",\"inLanguage\":\"fr-FR\",\"@id\":\"https:\\\/\\\/secure.gravatar.com\\\/avatar\\\/9f564e16b8ccfd3ded3245fe6e68dc1bd8c751bb9d1f1333c6fcc6d2d4c08dbb?s=96&d=mm&r=g\",\"url\":\"https:\\\/\\\/secure.gravatar.com\\\/avatar\\\/9f564e16b8ccfd3ded3245fe6e68dc1bd8c751bb9d1f1333c6fcc6d2d4c08dbb?s=96&d=mm&r=g\",\"contentUrl\":\"https:\\\/\\\/secure.gravatar.com\\\/avatar\\\/9f564e16b8ccfd3ded3245fe6e68dc1bd8c751bb9d1f1333c6fcc6d2d4c08dbb?s=96&d=mm&r=g\",\"caption\":\"Patrick MADONNA\"},\"url\":\"https:\\\/\\\/www.pep06.fr\\\/matisse\\\/author\\\/madonnap\\\/\"}]}<\/script>\n<!-- \/ Yoast SEO plugin. -->","yoast_head_json":{"title":"Transfert a Saint Rapha\u00ebl - IME Henri Matisse","description":"L\u2019Institut M\u00e9dico-Educatif Henri Matisse PEP06 accueille des jeunes de 3 \u00e0 20 ans pr\u00e9sentant une d\u00e9ficience mentale l\u00e9g\u00e8re avec ou sans troubles du psychisme.","robots":{"index":"index","follow":"follow","max-snippet":"max-snippet:-1","max-image-preview":"max-image-preview:large","max-video-preview":"max-video-preview:-1"},"canonical":"https:\/\/www.pep06.fr\/matisse\/2018\/07\/03\/transfert-a-saint-raphael\/","og_locale":"fr_FR","og_type":"article","og_title":"Transfert a Saint Rapha\u00ebl - IME Henri Matisse","og_description":"L\u2019Institut M\u00e9dico-Educatif Henri Matisse PEP06 accueille des jeunes de 3 \u00e0 20 ans pr\u00e9sentant une d\u00e9ficience mentale l\u00e9g\u00e8re avec ou sans troubles du psychisme.","og_url":"https:\/\/www.pep06.fr\/matisse\/2018\/07\/03\/transfert-a-saint-raphael\/","og_site_name":"IME Henri Matisse","article_publisher":"https:\/\/www.facebook.com\/ADPEP06","article_published_time":"2018-07-03T13:00:04+00:00","article_modified_time":"2018-10-09T08:47:09+00:00","og_image":[{"url":"https:\/\/www.pep06.fr\/matisse\/wp-content\/uploads\/sites\/4\/2018\/07\/20180618_140230-300x225.jpg","type":"","width":"","height":""}],"author":"Patrick MADONNA","twitter_card":"summary_large_image","twitter_misc":{"\u00c9crit par":"Patrick MADONNA","Dur\u00e9e de lecture estim\u00e9e":"4 minutes"},"schema":{"@context":"https:\/\/schema.org","@graph":[{"@type":"Article","@id":"https:\/\/www.pep06.fr\/matisse\/2018\/07\/03\/transfert-a-saint-raphael\/#article","isPartOf":{"@id":"https:\/\/www.pep06.fr\/matisse\/2018\/07\/03\/transfert-a-saint-raphael\/"},"author":{"name":"Patrick MADONNA","@id":"https:\/\/www.pep06.fr\/matisse\/#\/schema\/person\/68339d23e9b346630537e333d3725294"},"headline":"Transfert a Saint Rapha\u00ebl","datePublished":"2018-07-03T13:00:04+00:00","dateModified":"2018-10-09T08:47:09+00:00","mainEntityOfPage":{"@id":"https:\/\/www.pep06.fr\/matisse\/2018\/07\/03\/transfert-a-saint-raphael\/"},"wordCount":758,"commentCount":0,"publisher":{"@id":"https:\/\/www.pep06.fr\/matisse\/#organization"},"image":{"@id":"https:\/\/www.pep06.fr\/matisse\/2018\/07\/03\/transfert-a-saint-raphael\/#primaryimage"},"thumbnailUrl":"https:\/\/www.pep06.fr\/matisse\/wp-content\/uploads\/sites\/4\/2018\/07\/20180618_140230-300x225.jpg","articleSection":["Vie de l'\u00e9tablissement"],"inLanguage":"fr-FR","potentialAction":[{"@type":"CommentAction","name":"Comment","target":["https:\/\/www.pep06.fr\/matisse\/2018\/07\/03\/transfert-a-saint-raphael\/#respond"]}]},{"@type":"WebPage","@id":"https:\/\/www.pep06.fr\/matisse\/2018\/07\/03\/transfert-a-saint-raphael\/","url":"https:\/\/www.pep06.fr\/matisse\/2018\/07\/03\/transfert-a-saint-raphael\/","name":"Transfert a Saint Rapha\u00ebl - IME Henri Matisse","isPartOf":{"@id":"https:\/\/www.pep06.fr\/matisse\/#website"},"primaryImageOfPage":{"@id":"https:\/\/www.pep06.fr\/matisse\/2018\/07\/03\/transfert-a-saint-raphael\/#primaryimage"},"image":{"@id":"https:\/\/www.pep06.fr\/matisse\/2018\/07\/03\/transfert-a-saint-raphael\/#primaryimage"},"thumbnailUrl":"https:\/\/www.pep06.fr\/matisse\/wp-content\/uploads\/sites\/4\/2018\/07\/20180618_140230-300x225.jpg","datePublished":"2018-07-03T13:00:04+00:00","dateModified":"2018-10-09T08:47:09+00:00","description":"L\u2019Institut M\u00e9dico-Educatif Henri Matisse PEP06 accueille des jeunes de 3 \u00e0 20 ans pr\u00e9sentant une d\u00e9ficience mentale l\u00e9g\u00e8re avec ou sans troubles du psychisme.","breadcrumb":{"@id":"https:\/\/www.pep06.fr\/matisse\/2018\/07\/03\/transfert-a-saint-raphael\/#breadcrumb"},"inLanguage":"fr-FR","potentialAction":[{"@type":"ReadAction","target":["https:\/\/www.pep06.fr\/matisse\/2018\/07\/03\/transfert-a-saint-raphael\/"]}]},{"@type":"ImageObject","inLanguage":"fr-FR","@id":"https:\/\/www.pep06.fr\/matisse\/2018\/07\/03\/transfert-a-saint-raphael\/#primaryimage","url":"https:\/\/www.pep06.fr\/matisse\/wp-content\/uploads\/sites\/4\/2018\/07\/20180618_140230.jpg","contentUrl":"https:\/\/www.pep06.fr\/matisse\/wp-content\/uploads\/sites\/4\/2018\/07\/20180618_140230.jpg","width":4032,"height":3024},{"@type":"BreadcrumbList","@id":"https:\/\/www.pep06.fr\/matisse\/2018\/07\/03\/transfert-a-saint-raphael\/#breadcrumb","itemListElement":[{"@type":"ListItem","position":1,"name":"Accueil","item":"https:\/\/www.pep06.fr\/matisse\/"},{"@type":"ListItem","position":2,"name":"Transfert a Saint Rapha\u00ebl"}]},{"@type":"WebSite","@id":"https:\/\/www.pep06.fr\/matisse\/#website","url":"https:\/\/www.pep06.fr\/matisse\/","name":"IME Henri Matisse","description":"Le site de l&#039;IME Henri Matisse des PEP 06","publisher":{"@id":"https:\/\/www.pep06.fr\/matisse\/#organization"},"potentialAction":[{"@type":"SearchAction","target":{"@type":"EntryPoint","urlTemplate":"https:\/\/www.pep06.fr\/matisse\/?s={search_term_string}"},"query-input":{"@type":"PropertyValueSpecification","valueRequired":true,"valueName":"search_term_string"}}],"inLanguage":"fr-FR"},{"@type":"Organization","@id":"https:\/\/www.pep06.fr\/matisse\/#organization","name":"PEP 06","url":"https:\/\/www.pep06.fr\/matisse\/","logo":{"@type":"ImageObject","inLanguage":"fr-FR","@id":"https:\/\/www.pep06.fr\/matisse\/#\/schema\/logo\/image\/","url":"https:\/\/www.pep06.fr\/matisse\/wp-content\/uploads\/sites\/4\/2015\/11\/Logo-PEP06.png","contentUrl":"https:\/\/www.pep06.fr\/matisse\/wp-content\/uploads\/sites\/4\/2015\/11\/Logo-PEP06.png","width":915,"height":915,"caption":"PEP 06"},"image":{"@id":"https:\/\/www.pep06.fr\/matisse\/#\/schema\/logo\/image\/"},"sameAs":["https:\/\/www.facebook.com\/ADPEP06"]},{"@type":"Person","@id":"https:\/\/www.pep06.fr\/matisse\/#\/schema\/person\/68339d23e9b346630537e333d3725294","name":"Patrick MADONNA","image":{"@type":"ImageObject","inLanguage":"fr-FR","@id":"https:\/\/secure.gravatar.com\/avatar\/9f564e16b8ccfd3ded3245fe6e68dc1bd8c751bb9d1f1333c6fcc6d2d4c08dbb?s=96&d=mm&r=g","url":"https:\/\/secure.gravatar.com\/avatar\/9f564e16b8ccfd3ded3245fe6e68dc1bd8c751bb9d1f1333c6fcc6d2d4c08dbb?s=96&d=mm&r=g","contentUrl":"https:\/\/secure.gravatar.com\/avatar\/9f564e16b8ccfd3ded3245fe6e68dc1bd8c751bb9d1f1333c6fcc6d2d4c08dbb?s=96&d=mm&r=g","caption":"Patrick MADONNA"},"url":"https:\/\/www.pep06.fr\/matisse\/author\/madonnap\/"}]}},"jetpack_publicize_connections":[],"jetpack_featured_media_url":"","jetpack_sharing_enabled":true,"jetpack_shortlink":"https:\/\/wp.me\/p6ZrWH-ss","_links":{"self":[{"href":"https:\/\/www.pep06.fr\/matisse\/wp-json\/wp\/v2\/posts\/1764","targetHints":{"allow":["GET"]}}],"collection":[{"href":"https:\/\/www.pep06.fr\/matisse\/wp-json\/wp\/v2\/posts"}],"about":[{"href":"https:\/\/www.pep06.fr\/matisse\/wp-json\/wp\/v2\/types\/post"}],"author":[{"embeddable":true,"href":"https:\/\/www.pep06.fr\/matisse\/wp-json\/wp\/v2\/users\/6"}],"replies":[{"embeddable":true,"href":"https:\/\/www.pep06.fr\/matisse\/wp-json\/wp\/v2\/comments?post=1764"}],"version-history":[{"count":9,"href":"https:\/\/www.pep06.fr\/matisse\/wp-json\/wp\/v2\/posts\/1764\/revisions"}],"predecessor-version":[{"id":1823,"href":"https:\/\/www.pep06.fr\/matisse\/wp-json\/wp\/v2\/posts\/1764\/revisions\/1823"}],"wp:attachment":[{"href":"https:\/\/www.pep06.fr\/matisse\/wp-json\/wp\/v2\/media?parent=1764"}],"wp:term":[{"taxonomy":"category","embeddable":true,"href":"https:\/\/www.pep06.fr\/matisse\/wp-json\/wp\/v2\/categories?post=1764"},{"taxonomy":"post_tag","embeddable":true,"href":"https:\/\/www.pep06.fr\/matisse\/wp-json\/wp\/v2\/tags?post=1764"}],"curies":[{"name":"wp","href":"https:\/\/api.w.org\/{rel}","templated":true}]}}