{"id":308,"date":"2014-04-01T09:38:30","date_gmt":"2014-04-01T08:38:30","guid":{"rendered":"http:\/\/blogs.pep06.fr\/matisse\/?p=308"},"modified":"2014-04-01T09:38:30","modified_gmt":"2014-04-01T08:38:30","slug":"les-fleurs-des-mon-jardin","status":"publish","type":"post","link":"https:\/\/www.pep06.fr\/matisse\/2014\/04\/01\/les-fleurs-des-mon-jardin\/","title":{"rendered":"Les fleurs de mon jardin"},"content":{"rendered":"<p><a href=\"http:\/\/www.pep06.fr\/matisse\/wp-content\/uploads\/sites\/4\/2014\/04\/imagesK4IOAW33.jpg\"><img loading=\"lazy\" decoding=\"async\" data-attachment-id=\"332\" data-permalink=\"https:\/\/www.pep06.fr\/matisse\/2014\/04\/01\/les-fleurs-des-mon-jardin\/imagesk4ioaw33\/#main\" data-orig-file=\"https:\/\/www.pep06.fr\/matisse\/wp-content\/uploads\/sites\/4\/2014\/04\/imagesK4IOAW33.jpg\" data-orig-size=\"275,183\" data-comments-opened=\"1\" data-image-meta=\"{&quot;aperture&quot;:&quot;0&quot;,&quot;credit&quot;:&quot;&quot;,&quot;camera&quot;:&quot;&quot;,&quot;caption&quot;:&quot;&quot;,&quot;created_timestamp&quot;:&quot;0&quot;,&quot;copyright&quot;:&quot;&quot;,&quot;focal_length&quot;:&quot;0&quot;,&quot;iso&quot;:&quot;0&quot;,&quot;shutter_speed&quot;:&quot;0&quot;,&quot;title&quot;:&quot;&quot;,&quot;orientation&quot;:&quot;0&quot;}\" data-image-title=\"imagesK4IOAW33\" data-image-description=\"\" data-image-caption=\"\" data-large-file=\"https:\/\/www.pep06.fr\/matisse\/wp-content\/uploads\/sites\/4\/2014\/04\/imagesK4IOAW33.jpg\" class=\"alignnone size-full wp-image-332\" alt=\"imagesK4IOAW33\" src=\"http:\/\/www.pep06.fr\/matisse\/wp-content\/uploads\/sites\/4\/2014\/04\/imagesK4IOAW33.jpg\" width=\"275\" height=\"183\" \/><\/a><\/p>\n<p>Dans mon jardin il y a des fleurs: des roses, des violettes, du jasmin, des jonquilles et des soucis.\u00a0Il\u00a0faut les arroser tous les jours. Elles sont belles et de toutes les couleurs. J&rsquo; aime bien m&rsquo;en occuper !<\/p>\n<p>C\u00e9lia<\/p>\n","protected":false},"excerpt":{"rendered":"<p>Dans mon jardin il y a des fleurs: des roses, des violettes, du jasmin, des jonquilles et des soucis.\u00a0Il\u00a0faut les arroser tous les jours. Elles sont belles et de toutes les couleurs. J&rsquo; aime bien m&rsquo;en occuper ! C\u00e9lia<\/p>\n<p><a href=\"https:\/\/www.pep06.fr\/matisse\/2014\/04\/01\/les-fleurs-des-mon-jardin\/\"><span class=\"glyphicon glyphicon-arrow-right\"><\/span>&nbsp;Poursuivre la lecture<\/a><\/p>","protected":false},"author":6,"featured_media":0,"comment_status":"open","ping_status":"open","sticky":false,"template":"","format":"standard","meta":{"_uf_show_specific_survey":0,"_uf_disable_surveys":false,"jetpack_post_was_ever_published":false,"_jetpack_newsletter_access":"","_jetpack_dont_email_post_to_subs":false,"_jetpack_newsletter_tier_id":0,"_jetpack_memberships_contains_paywalled_content":false,"_jetpack_memberships_contains_paid_content":false,"footnotes":"","jetpack_publicize_message":"","jetpack_publicize_feature_enabled":true,"jetpack_social_post_already_shared":true,"jetpack_social_options":{"image_generator_settings":{"template":"highway","default_image_id":0,"font":"","enabled":false},"version":2}},"categories":[6],"tags":[],"class_list":["post-308","post","type-post","status-publish","format-standard","hentry","category-tribune-libre"],"yoast_head":"<!-- This site is optimized with the Yoast SEO plugin v27.5 - https:\/\/yoast.com\/product\/yoast-seo-wordpress\/ -->\n<title>Les fleurs de mon jardin - IME Henri Matisse<\/title>\n<meta name=\"description\" content=\"L\u2019Institut M\u00e9dico-Educatif Henri Matisse PEP06 accueille des jeunes de 3 \u00e0 20 ans pr\u00e9sentant une d\u00e9ficience mentale l\u00e9g\u00e8re avec ou sans troubles du psychisme.\" \/>\n<meta name=\"robots\" content=\"index, follow, max-snippet:-1, max-image-preview:large, max-video-preview:-1\" \/>\n<link rel=\"canonical\" href=\"https:\/\/www.pep06.fr\/matisse\/2014\/04\/01\/les-fleurs-des-mon-jardin\/\" \/>\n<meta property=\"og:locale\" content=\"fr_FR\" \/>\n<meta property=\"og:type\" content=\"article\" \/>\n<meta property=\"og:title\" content=\"Les fleurs de mon jardin - IME Henri Matisse\" \/>\n<meta property=\"og:description\" content=\"L\u2019Institut M\u00e9dico-Educatif Henri Matisse PEP06 accueille des jeunes de 3 \u00e0 20 ans pr\u00e9sentant une d\u00e9ficience mentale l\u00e9g\u00e8re avec ou sans troubles du psychisme.\" \/>\n<meta property=\"og:url\" content=\"https:\/\/www.pep06.fr\/matisse\/2014\/04\/01\/les-fleurs-des-mon-jardin\/\" \/>\n<meta property=\"og:site_name\" content=\"IME Henri Matisse\" \/>\n<meta property=\"article:publisher\" content=\"https:\/\/www.facebook.com\/ADPEP06\" \/>\n<meta property=\"article:published_time\" content=\"2014-04-01T08:38:30+00:00\" \/>\n<meta property=\"og:image\" content=\"http:\/\/www.pep06.fr\/matisse\/wp-content\/uploads\/sites\/4\/2014\/04\/imagesK4IOAW33.jpg\" \/>\n<meta name=\"author\" content=\"Patrick MADONNA\" \/>\n<meta name=\"twitter:card\" content=\"summary_large_image\" \/>\n<meta name=\"twitter:label1\" content=\"\u00c9crit par\" \/>\n\t<meta name=\"twitter:data1\" content=\"Patrick MADONNA\" \/>\n<script type=\"application\/ld+json\" class=\"yoast-schema-graph\">{\"@context\":\"https:\\\/\\\/schema.org\",\"@graph\":[{\"@type\":\"Article\",\"@id\":\"https:\\\/\\\/www.pep06.fr\\\/matisse\\\/2014\\\/04\\\/01\\\/les-fleurs-des-mon-jardin\\\/#article\",\"isPartOf\":{\"@id\":\"https:\\\/\\\/www.pep06.fr\\\/matisse\\\/2014\\\/04\\\/01\\\/les-fleurs-des-mon-jardin\\\/\"},\"author\":{\"name\":\"Patrick MADONNA\",\"@id\":\"https:\\\/\\\/www.pep06.fr\\\/matisse\\\/#\\\/schema\\\/person\\\/68339d23e9b346630537e333d3725294\"},\"headline\":\"Les fleurs de mon jardin\",\"datePublished\":\"2014-04-01T08:38:30+00:00\",\"mainEntityOfPage\":{\"@id\":\"https:\\\/\\\/www.pep06.fr\\\/matisse\\\/2014\\\/04\\\/01\\\/les-fleurs-des-mon-jardin\\\/\"},\"wordCount\":47,\"commentCount\":0,\"publisher\":{\"@id\":\"https:\\\/\\\/www.pep06.fr\\\/matisse\\\/#organization\"},\"image\":{\"@id\":\"https:\\\/\\\/www.pep06.fr\\\/matisse\\\/2014\\\/04\\\/01\\\/les-fleurs-des-mon-jardin\\\/#primaryimage\"},\"thumbnailUrl\":\"http:\\\/\\\/www.pep06.fr\\\/matisse\\\/wp-content\\\/uploads\\\/sites\\\/4\\\/2014\\\/04\\\/imagesK4IOAW33.jpg\",\"articleSection\":[\"Tribune libre\"],\"inLanguage\":\"fr-FR\",\"potentialAction\":[{\"@type\":\"CommentAction\",\"name\":\"Comment\",\"target\":[\"https:\\\/\\\/www.pep06.fr\\\/matisse\\\/2014\\\/04\\\/01\\\/les-fleurs-des-mon-jardin\\\/#respond\"]}]},{\"@type\":\"WebPage\",\"@id\":\"https:\\\/\\\/www.pep06.fr\\\/matisse\\\/2014\\\/04\\\/01\\\/les-fleurs-des-mon-jardin\\\/\",\"url\":\"https:\\\/\\\/www.pep06.fr\\\/matisse\\\/2014\\\/04\\\/01\\\/les-fleurs-des-mon-jardin\\\/\",\"name\":\"Les fleurs de mon jardin - IME Henri Matisse\",\"isPartOf\":{\"@id\":\"https:\\\/\\\/www.pep06.fr\\\/matisse\\\/#website\"},\"primaryImageOfPage\":{\"@id\":\"https:\\\/\\\/www.pep06.fr\\\/matisse\\\/2014\\\/04\\\/01\\\/les-fleurs-des-mon-jardin\\\/#primaryimage\"},\"image\":{\"@id\":\"https:\\\/\\\/www.pep06.fr\\\/matisse\\\/2014\\\/04\\\/01\\\/les-fleurs-des-mon-jardin\\\/#primaryimage\"},\"thumbnailUrl\":\"http:\\\/\\\/www.pep06.fr\\\/matisse\\\/wp-content\\\/uploads\\\/sites\\\/4\\\/2014\\\/04\\\/imagesK4IOAW33.jpg\",\"datePublished\":\"2014-04-01T08:38:30+00:00\",\"description\":\"L\u2019Institut M\u00e9dico-Educatif Henri Matisse PEP06 accueille des jeunes de 3 \u00e0 20 ans pr\u00e9sentant une d\u00e9ficience mentale l\u00e9g\u00e8re avec ou sans troubles du psychisme.\",\"breadcrumb\":{\"@id\":\"https:\\\/\\\/www.pep06.fr\\\/matisse\\\/2014\\\/04\\\/01\\\/les-fleurs-des-mon-jardin\\\/#breadcrumb\"},\"inLanguage\":\"fr-FR\",\"potentialAction\":[{\"@type\":\"ReadAction\",\"target\":[\"https:\\\/\\\/www.pep06.fr\\\/matisse\\\/2014\\\/04\\\/01\\\/les-fleurs-des-mon-jardin\\\/\"]}]},{\"@type\":\"ImageObject\",\"inLanguage\":\"fr-FR\",\"@id\":\"https:\\\/\\\/www.pep06.fr\\\/matisse\\\/2014\\\/04\\\/01\\\/les-fleurs-des-mon-jardin\\\/#primaryimage\",\"url\":\"https:\\\/\\\/www.pep06.fr\\\/matisse\\\/wp-content\\\/uploads\\\/sites\\\/4\\\/2014\\\/04\\\/imagesK4IOAW33.jpg\",\"contentUrl\":\"https:\\\/\\\/www.pep06.fr\\\/matisse\\\/wp-content\\\/uploads\\\/sites\\\/4\\\/2014\\\/04\\\/imagesK4IOAW33.jpg\",\"width\":275,\"height\":183},{\"@type\":\"BreadcrumbList\",\"@id\":\"https:\\\/\\\/www.pep06.fr\\\/matisse\\\/2014\\\/04\\\/01\\\/les-fleurs-des-mon-jardin\\\/#breadcrumb\",\"itemListElement\":[{\"@type\":\"ListItem\",\"position\":1,\"name\":\"Accueil\",\"item\":\"https:\\\/\\\/www.pep06.fr\\\/matisse\\\/\"},{\"@type\":\"ListItem\",\"position\":2,\"name\":\"Les fleurs de mon jardin\"}]},{\"@type\":\"WebSite\",\"@id\":\"https:\\\/\\\/www.pep06.fr\\\/matisse\\\/#website\",\"url\":\"https:\\\/\\\/www.pep06.fr\\\/matisse\\\/\",\"name\":\"IME Henri Matisse\",\"description\":\"Le site de l&#039;IME Henri Matisse des PEP 06\",\"publisher\":{\"@id\":\"https:\\\/\\\/www.pep06.fr\\\/matisse\\\/#organization\"},\"potentialAction\":[{\"@type\":\"SearchAction\",\"target\":{\"@type\":\"EntryPoint\",\"urlTemplate\":\"https:\\\/\\\/www.pep06.fr\\\/matisse\\\/?s={search_term_string}\"},\"query-input\":{\"@type\":\"PropertyValueSpecification\",\"valueRequired\":true,\"valueName\":\"search_term_string\"}}],\"inLanguage\":\"fr-FR\"},{\"@type\":\"Organization\",\"@id\":\"https:\\\/\\\/www.pep06.fr\\\/matisse\\\/#organization\",\"name\":\"PEP 06\",\"url\":\"https:\\\/\\\/www.pep06.fr\\\/matisse\\\/\",\"logo\":{\"@type\":\"ImageObject\",\"inLanguage\":\"fr-FR\",\"@id\":\"https:\\\/\\\/www.pep06.fr\\\/matisse\\\/#\\\/schema\\\/logo\\\/image\\\/\",\"url\":\"https:\\\/\\\/www.pep06.fr\\\/matisse\\\/wp-content\\\/uploads\\\/sites\\\/4\\\/2015\\\/11\\\/Logo-PEP06.png\",\"contentUrl\":\"https:\\\/\\\/www.pep06.fr\\\/matisse\\\/wp-content\\\/uploads\\\/sites\\\/4\\\/2015\\\/11\\\/Logo-PEP06.png\",\"width\":915,\"height\":915,\"caption\":\"PEP 06\"},\"image\":{\"@id\":\"https:\\\/\\\/www.pep06.fr\\\/matisse\\\/#\\\/schema\\\/logo\\\/image\\\/\"},\"sameAs\":[\"https:\\\/\\\/www.facebook.com\\\/ADPEP06\"]},{\"@type\":\"Person\",\"@id\":\"https:\\\/\\\/www.pep06.fr\\\/matisse\\\/#\\\/schema\\\/person\\\/68339d23e9b346630537e333d3725294\",\"name\":\"Patrick MADONNA\",\"image\":{\"@type\":\"ImageObject\",\"inLanguage\":\"fr-FR\",\"@id\":\"https:\\\/\\\/secure.gravatar.com\\\/avatar\\\/9f564e16b8ccfd3ded3245fe6e68dc1bd8c751bb9d1f1333c6fcc6d2d4c08dbb?s=96&d=mm&r=g\",\"url\":\"https:\\\/\\\/secure.gravatar.com\\\/avatar\\\/9f564e16b8ccfd3ded3245fe6e68dc1bd8c751bb9d1f1333c6fcc6d2d4c08dbb?s=96&d=mm&r=g\",\"contentUrl\":\"https:\\\/\\\/secure.gravatar.com\\\/avatar\\\/9f564e16b8ccfd3ded3245fe6e68dc1bd8c751bb9d1f1333c6fcc6d2d4c08dbb?s=96&d=mm&r=g\",\"caption\":\"Patrick MADONNA\"},\"url\":\"https:\\\/\\\/www.pep06.fr\\\/matisse\\\/author\\\/madonnap\\\/\"}]}<\/script>\n<!-- \/ Yoast SEO plugin. -->","yoast_head_json":{"title":"Les fleurs de mon jardin - IME Henri Matisse","description":"L\u2019Institut M\u00e9dico-Educatif Henri Matisse PEP06 accueille des jeunes de 3 \u00e0 20 ans pr\u00e9sentant une d\u00e9ficience mentale l\u00e9g\u00e8re avec ou sans troubles du psychisme.","robots":{"index":"index","follow":"follow","max-snippet":"max-snippet:-1","max-image-preview":"max-image-preview:large","max-video-preview":"max-video-preview:-1"},"canonical":"https:\/\/www.pep06.fr\/matisse\/2014\/04\/01\/les-fleurs-des-mon-jardin\/","og_locale":"fr_FR","og_type":"article","og_title":"Les fleurs de mon jardin - IME Henri Matisse","og_description":"L\u2019Institut M\u00e9dico-Educatif Henri Matisse PEP06 accueille des jeunes de 3 \u00e0 20 ans pr\u00e9sentant une d\u00e9ficience mentale l\u00e9g\u00e8re avec ou sans troubles du psychisme.","og_url":"https:\/\/www.pep06.fr\/matisse\/2014\/04\/01\/les-fleurs-des-mon-jardin\/","og_site_name":"IME Henri Matisse","article_publisher":"https:\/\/www.facebook.com\/ADPEP06","article_published_time":"2014-04-01T08:38:30+00:00","og_image":[{"url":"http:\/\/www.pep06.fr\/matisse\/wp-content\/uploads\/sites\/4\/2014\/04\/imagesK4IOAW33.jpg","type":"","width":"","height":""}],"author":"Patrick MADONNA","twitter_card":"summary_large_image","twitter_misc":{"\u00c9crit par":"Patrick MADONNA"},"schema":{"@context":"https:\/\/schema.org","@graph":[{"@type":"Article","@id":"https:\/\/www.pep06.fr\/matisse\/2014\/04\/01\/les-fleurs-des-mon-jardin\/#article","isPartOf":{"@id":"https:\/\/www.pep06.fr\/matisse\/2014\/04\/01\/les-fleurs-des-mon-jardin\/"},"author":{"name":"Patrick MADONNA","@id":"https:\/\/www.pep06.fr\/matisse\/#\/schema\/person\/68339d23e9b346630537e333d3725294"},"headline":"Les fleurs de mon jardin","datePublished":"2014-04-01T08:38:30+00:00","mainEntityOfPage":{"@id":"https:\/\/www.pep06.fr\/matisse\/2014\/04\/01\/les-fleurs-des-mon-jardin\/"},"wordCount":47,"commentCount":0,"publisher":{"@id":"https:\/\/www.pep06.fr\/matisse\/#organization"},"image":{"@id":"https:\/\/www.pep06.fr\/matisse\/2014\/04\/01\/les-fleurs-des-mon-jardin\/#primaryimage"},"thumbnailUrl":"http:\/\/www.pep06.fr\/matisse\/wp-content\/uploads\/sites\/4\/2014\/04\/imagesK4IOAW33.jpg","articleSection":["Tribune libre"],"inLanguage":"fr-FR","potentialAction":[{"@type":"CommentAction","name":"Comment","target":["https:\/\/www.pep06.fr\/matisse\/2014\/04\/01\/les-fleurs-des-mon-jardin\/#respond"]}]},{"@type":"WebPage","@id":"https:\/\/www.pep06.fr\/matisse\/2014\/04\/01\/les-fleurs-des-mon-jardin\/","url":"https:\/\/www.pep06.fr\/matisse\/2014\/04\/01\/les-fleurs-des-mon-jardin\/","name":"Les fleurs de mon jardin - IME Henri Matisse","isPartOf":{"@id":"https:\/\/www.pep06.fr\/matisse\/#website"},"primaryImageOfPage":{"@id":"https:\/\/www.pep06.fr\/matisse\/2014\/04\/01\/les-fleurs-des-mon-jardin\/#primaryimage"},"image":{"@id":"https:\/\/www.pep06.fr\/matisse\/2014\/04\/01\/les-fleurs-des-mon-jardin\/#primaryimage"},"thumbnailUrl":"http:\/\/www.pep06.fr\/matisse\/wp-content\/uploads\/sites\/4\/2014\/04\/imagesK4IOAW33.jpg","datePublished":"2014-04-01T08:38:30+00:00","description":"L\u2019Institut M\u00e9dico-Educatif Henri Matisse PEP06 accueille des jeunes de 3 \u00e0 20 ans pr\u00e9sentant une d\u00e9ficience mentale l\u00e9g\u00e8re avec ou sans troubles du psychisme.","breadcrumb":{"@id":"https:\/\/www.pep06.fr\/matisse\/2014\/04\/01\/les-fleurs-des-mon-jardin\/#breadcrumb"},"inLanguage":"fr-FR","potentialAction":[{"@type":"ReadAction","target":["https:\/\/www.pep06.fr\/matisse\/2014\/04\/01\/les-fleurs-des-mon-jardin\/"]}]},{"@type":"ImageObject","inLanguage":"fr-FR","@id":"https:\/\/www.pep06.fr\/matisse\/2014\/04\/01\/les-fleurs-des-mon-jardin\/#primaryimage","url":"https:\/\/www.pep06.fr\/matisse\/wp-content\/uploads\/sites\/4\/2014\/04\/imagesK4IOAW33.jpg","contentUrl":"https:\/\/www.pep06.fr\/matisse\/wp-content\/uploads\/sites\/4\/2014\/04\/imagesK4IOAW33.jpg","width":275,"height":183},{"@type":"BreadcrumbList","@id":"https:\/\/www.pep06.fr\/matisse\/2014\/04\/01\/les-fleurs-des-mon-jardin\/#breadcrumb","itemListElement":[{"@type":"ListItem","position":1,"name":"Accueil","item":"https:\/\/www.pep06.fr\/matisse\/"},{"@type":"ListItem","position":2,"name":"Les fleurs de mon jardin"}]},{"@type":"WebSite","@id":"https:\/\/www.pep06.fr\/matisse\/#website","url":"https:\/\/www.pep06.fr\/matisse\/","name":"IME Henri Matisse","description":"Le site de l&#039;IME Henri Matisse des PEP 06","publisher":{"@id":"https:\/\/www.pep06.fr\/matisse\/#organization"},"potentialAction":[{"@type":"SearchAction","target":{"@type":"EntryPoint","urlTemplate":"https:\/\/www.pep06.fr\/matisse\/?s={search_term_string}"},"query-input":{"@type":"PropertyValueSpecification","valueRequired":true,"valueName":"search_term_string"}}],"inLanguage":"fr-FR"},{"@type":"Organization","@id":"https:\/\/www.pep06.fr\/matisse\/#organization","name":"PEP 06","url":"https:\/\/www.pep06.fr\/matisse\/","logo":{"@type":"ImageObject","inLanguage":"fr-FR","@id":"https:\/\/www.pep06.fr\/matisse\/#\/schema\/logo\/image\/","url":"https:\/\/www.pep06.fr\/matisse\/wp-content\/uploads\/sites\/4\/2015\/11\/Logo-PEP06.png","contentUrl":"https:\/\/www.pep06.fr\/matisse\/wp-content\/uploads\/sites\/4\/2015\/11\/Logo-PEP06.png","width":915,"height":915,"caption":"PEP 06"},"image":{"@id":"https:\/\/www.pep06.fr\/matisse\/#\/schema\/logo\/image\/"},"sameAs":["https:\/\/www.facebook.com\/ADPEP06"]},{"@type":"Person","@id":"https:\/\/www.pep06.fr\/matisse\/#\/schema\/person\/68339d23e9b346630537e333d3725294","name":"Patrick MADONNA","image":{"@type":"ImageObject","inLanguage":"fr-FR","@id":"https:\/\/secure.gravatar.com\/avatar\/9f564e16b8ccfd3ded3245fe6e68dc1bd8c751bb9d1f1333c6fcc6d2d4c08dbb?s=96&d=mm&r=g","url":"https:\/\/secure.gravatar.com\/avatar\/9f564e16b8ccfd3ded3245fe6e68dc1bd8c751bb9d1f1333c6fcc6d2d4c08dbb?s=96&d=mm&r=g","contentUrl":"https:\/\/secure.gravatar.com\/avatar\/9f564e16b8ccfd3ded3245fe6e68dc1bd8c751bb9d1f1333c6fcc6d2d4c08dbb?s=96&d=mm&r=g","caption":"Patrick MADONNA"},"url":"https:\/\/www.pep06.fr\/matisse\/author\/madonnap\/"}]}},"jetpack_publicize_connections":[],"jetpack_featured_media_url":"","jetpack_sharing_enabled":true,"jetpack_shortlink":"https:\/\/wp.me\/p6ZrWH-4Y","_links":{"self":[{"href":"https:\/\/www.pep06.fr\/matisse\/wp-json\/wp\/v2\/posts\/308","targetHints":{"allow":["GET"]}}],"collection":[{"href":"https:\/\/www.pep06.fr\/matisse\/wp-json\/wp\/v2\/posts"}],"about":[{"href":"https:\/\/www.pep06.fr\/matisse\/wp-json\/wp\/v2\/types\/post"}],"author":[{"embeddable":true,"href":"https:\/\/www.pep06.fr\/matisse\/wp-json\/wp\/v2\/users\/6"}],"replies":[{"embeddable":true,"href":"https:\/\/www.pep06.fr\/matisse\/wp-json\/wp\/v2\/comments?post=308"}],"version-history":[{"count":0,"href":"https:\/\/www.pep06.fr\/matisse\/wp-json\/wp\/v2\/posts\/308\/revisions"}],"wp:attachment":[{"href":"https:\/\/www.pep06.fr\/matisse\/wp-json\/wp\/v2\/media?parent=308"}],"wp:term":[{"taxonomy":"category","embeddable":true,"href":"https:\/\/www.pep06.fr\/matisse\/wp-json\/wp\/v2\/categories?post=308"},{"taxonomy":"post_tag","embeddable":true,"href":"https:\/\/www.pep06.fr\/matisse\/wp-json\/wp\/v2\/tags?post=308"}],"curies":[{"name":"wp","href":"https:\/\/api.w.org\/{rel}","templated":true}]}}