{"id":344,"date":"2014-06-02T10:20:07","date_gmt":"2014-06-02T09:20:07","guid":{"rendered":"http:\/\/blogs.pep06.fr\/matisse\/?p=344"},"modified":"2014-06-02T10:20:07","modified_gmt":"2014-06-02T09:20:07","slug":"equilibre-cavalcade","status":"publish","type":"post","link":"https:\/\/www.pep06.fr\/matisse\/2014\/06\/02\/equilibre-cavalcade\/","title":{"rendered":"Equilibre Cavalcade"},"content":{"rendered":"<p style=\"text-align: left\"><a href=\"http:\/\/www.pep06.fr\/matisse\/wp-content\/uploads\/sites\/4\/2014\/06\/20140407_150827.jpg\"><img loading=\"lazy\" decoding=\"async\" data-attachment-id=\"360\" data-permalink=\"https:\/\/www.pep06.fr\/matisse\/2014\/06\/02\/equilibre-cavalcade\/20140407_150827\/#main\" data-orig-file=\"https:\/\/www.pep06.fr\/matisse\/wp-content\/uploads\/sites\/4\/2014\/06\/20140407_150827.jpg\" data-orig-size=\"4128,2322\" data-comments-opened=\"1\" data-image-meta=\"{&quot;aperture&quot;:&quot;2.2&quot;,&quot;credit&quot;:&quot;&quot;,&quot;camera&quot;:&quot;GT-I9505&quot;,&quot;caption&quot;:&quot;&quot;,&quot;created_timestamp&quot;:&quot;1396883306&quot;,&quot;copyright&quot;:&quot;&quot;,&quot;focal_length&quot;:&quot;4.2&quot;,&quot;iso&quot;:&quot;50&quot;,&quot;shutter_speed&quot;:&quot;0.00099009900990099&quot;,&quot;title&quot;:&quot;&quot;,&quot;orientation&quot;:&quot;1&quot;}\" data-image-title=\"20140407_150827\" data-image-description=\"\" data-image-caption=\"\" data-large-file=\"https:\/\/www.pep06.fr\/matisse\/wp-content\/uploads\/sites\/4\/2014\/06\/20140407_150827-1024x576.jpg\" class=\"alignnone size-medium wp-image-360\" alt=\"20140407_150827\" src=\"http:\/\/www.pep06.fr\/matisse\/wp-content\/uploads\/sites\/4\/2014\/06\/20140407_150827-300x168.jpg\" width=\"300\" height=\"168\" \/><\/a>Chaque Lundi apr\u00e8s midi, D\u00e9borah (\u00e9ducatrice sp\u00e9cialis\u00e9e)\u00a0, Ang\u00e9lique , Rodolphe,\u00a0Alexis et moi nous partons nous occuper des chevaux qui ont \u00e9t\u00e9\u00a0sauv\u00e9s de l&rsquo;abattoir .Je les prom\u00e8ne ,je les brosse ,je m&rsquo;occupe\u00a0des sabots , j&rsquo;entretiens leur box , je les fait travailler\u00a0\u00e0 la longe et je ramasse les crottins . G\u00e9n\u00e9ralement , je m&rsquo;occupe de Pepito, un double poney qui est bai,\u00a0et il a 18 ans . De temps en temps je lui fais des tresses !<\/p>\n<p style=\"text-align: left\">C&rsquo;est super !<\/p>\n<p style=\"text-align: left\">Laetitia \ud83d\ude09 &lt;3<\/p>\n<p style=\"text-align: left\"><a href=\"http:\/\/www.pep06.fr\/matisse\/wp-content\/uploads\/sites\/4\/2014\/06\/20140407_153250.jpg\"><img loading=\"lazy\" decoding=\"async\" alt=\"20140407_153250\" src=\"http:\/\/www.pep06.fr\/matisse\/wp-content\/uploads\/sites\/4\/2014\/06\/20140407_153250-300x168.jpg\" width=\"300\" height=\"168\" \/><\/a><\/p>\n<p style=\"text-align: left\">A l&rsquo;association Equilibre Cavalcade, j&rsquo;entretiens les paddocks, je nourris les chevaux, je les brosse, je les soigne et j&rsquo;entretiens les sabots. Pour cela, j&rsquo;ai appris \u00e0 utiliser un mat\u00e9riel sp\u00e9cifique :<\/p>\n<p style=\"text-align: left\">&#8211; l&rsquo;\u00e9trille et le bouchon qui sont des brosses sp\u00e9ciales pour cheveaux comme la brosse douce. Nous avons appris aussi un vocabulaire sp\u00e9cial : la robe des chevaux, les couleurs (bai, alezan, bai brun, pie&#8230;).<\/p>\n<p style=\"text-align: left\">Ca me plait de faire\u00a0cette activit\u00e9.<\/p>\n<p style=\"text-align: left\">Ca me donne envie de refaire du cheval.<\/p>\n<p style=\"text-align: left\">Rodolphe<\/p>\n","protected":false},"excerpt":{"rendered":"<p>Chaque Lundi apr\u00e8s midi, D\u00e9borah (\u00e9ducatrice sp\u00e9cialis\u00e9e)\u00a0, Ang\u00e9lique , Rodolphe,\u00a0Alexis et moi nous partons nous occuper des chevaux qui ont \u00e9t\u00e9\u00a0sauv\u00e9s de l&rsquo;abattoir .Je les prom\u00e8ne ,je les brosse ,je m&rsquo;occupe\u00a0des sabots , j&rsquo;entretiens leur box , je les fait travailler\u00a0\u00e0 la longe et je ramasse les crottins . G\u00e9n\u00e9ralement , je m&rsquo;occupe de Pepito,&#8230;<\/p>\n<p><a href=\"https:\/\/www.pep06.fr\/matisse\/2014\/06\/02\/equilibre-cavalcade\/\"><span class=\"glyphicon glyphicon-arrow-right\"><\/span>&nbsp;Poursuivre la lecture<\/a><\/p>","protected":false},"author":6,"featured_media":0,"comment_status":"open","ping_status":"open","sticky":false,"template":"","format":"standard","meta":{"_uf_show_specific_survey":0,"_uf_disable_surveys":false,"jetpack_post_was_ever_published":false,"_jetpack_newsletter_access":"","_jetpack_dont_email_post_to_subs":false,"_jetpack_newsletter_tier_id":0,"_jetpack_memberships_contains_paywalled_content":false,"_jetpack_memberships_contains_paid_content":false,"footnotes":"","jetpack_publicize_message":"","jetpack_publicize_feature_enabled":true,"jetpack_social_post_already_shared":true,"jetpack_social_options":{"image_generator_settings":{"template":"highway","default_image_id":0,"font":"","enabled":false},"version":2}},"categories":[4],"tags":[],"class_list":["post-344","post","type-post","status-publish","format-standard","hentry","category-decouvertes-et-creations"],"yoast_head":"<!-- This site is optimized with the Yoast SEO plugin v27.5 - https:\/\/yoast.com\/product\/yoast-seo-wordpress\/ -->\n<title>Equilibre Cavalcade - IME Henri Matisse<\/title>\n<meta name=\"description\" content=\"L\u2019Institut M\u00e9dico-Educatif Henri Matisse PEP06 accueille des jeunes de 3 \u00e0 20 ans pr\u00e9sentant une d\u00e9ficience mentale l\u00e9g\u00e8re avec ou sans troubles du psychisme.\" \/>\n<meta name=\"robots\" content=\"index, follow, max-snippet:-1, max-image-preview:large, max-video-preview:-1\" \/>\n<link rel=\"canonical\" href=\"https:\/\/www.pep06.fr\/matisse\/2014\/06\/02\/equilibre-cavalcade\/\" \/>\n<meta property=\"og:locale\" content=\"fr_FR\" \/>\n<meta property=\"og:type\" content=\"article\" \/>\n<meta property=\"og:title\" content=\"Equilibre Cavalcade - IME Henri Matisse\" \/>\n<meta property=\"og:description\" content=\"L\u2019Institut M\u00e9dico-Educatif Henri Matisse PEP06 accueille des jeunes de 3 \u00e0 20 ans pr\u00e9sentant une d\u00e9ficience mentale l\u00e9g\u00e8re avec ou sans troubles du psychisme.\" \/>\n<meta property=\"og:url\" content=\"https:\/\/www.pep06.fr\/matisse\/2014\/06\/02\/equilibre-cavalcade\/\" \/>\n<meta property=\"og:site_name\" content=\"IME Henri Matisse\" \/>\n<meta property=\"article:publisher\" content=\"https:\/\/www.facebook.com\/ADPEP06\" \/>\n<meta property=\"article:published_time\" content=\"2014-06-02T09:20:07+00:00\" \/>\n<meta property=\"og:image\" content=\"http:\/\/www.pep06.fr\/matisse\/wp-content\/uploads\/sites\/4\/2014\/06\/20140407_150827-300x168.jpg\" \/>\n<meta name=\"author\" content=\"Patrick MADONNA\" \/>\n<meta name=\"twitter:card\" content=\"summary_large_image\" \/>\n<meta name=\"twitter:label1\" content=\"\u00c9crit par\" \/>\n\t<meta name=\"twitter:data1\" content=\"Patrick MADONNA\" \/>\n\t<meta name=\"twitter:label2\" content=\"Dur\u00e9e de lecture estim\u00e9e\" \/>\n\t<meta name=\"twitter:data2\" content=\"1 minute\" \/>\n<script type=\"application\/ld+json\" class=\"yoast-schema-graph\">{\"@context\":\"https:\\\/\\\/schema.org\",\"@graph\":[{\"@type\":\"Article\",\"@id\":\"https:\\\/\\\/www.pep06.fr\\\/matisse\\\/2014\\\/06\\\/02\\\/equilibre-cavalcade\\\/#article\",\"isPartOf\":{\"@id\":\"https:\\\/\\\/www.pep06.fr\\\/matisse\\\/2014\\\/06\\\/02\\\/equilibre-cavalcade\\\/\"},\"author\":{\"name\":\"Patrick MADONNA\",\"@id\":\"https:\\\/\\\/www.pep06.fr\\\/matisse\\\/#\\\/schema\\\/person\\\/68339d23e9b346630537e333d3725294\"},\"headline\":\"Equilibre Cavalcade\",\"datePublished\":\"2014-06-02T09:20:07+00:00\",\"mainEntityOfPage\":{\"@id\":\"https:\\\/\\\/www.pep06.fr\\\/matisse\\\/2014\\\/06\\\/02\\\/equilibre-cavalcade\\\/\"},\"wordCount\":180,\"commentCount\":0,\"publisher\":{\"@id\":\"https:\\\/\\\/www.pep06.fr\\\/matisse\\\/#organization\"},\"image\":{\"@id\":\"https:\\\/\\\/www.pep06.fr\\\/matisse\\\/2014\\\/06\\\/02\\\/equilibre-cavalcade\\\/#primaryimage\"},\"thumbnailUrl\":\"http:\\\/\\\/www.pep06.fr\\\/matisse\\\/wp-content\\\/uploads\\\/sites\\\/4\\\/2014\\\/06\\\/20140407_150827-300x168.jpg\",\"articleSection\":[\"D\u00e9couvertes et cr\u00e9ations\"],\"inLanguage\":\"fr-FR\",\"potentialAction\":[{\"@type\":\"CommentAction\",\"name\":\"Comment\",\"target\":[\"https:\\\/\\\/www.pep06.fr\\\/matisse\\\/2014\\\/06\\\/02\\\/equilibre-cavalcade\\\/#respond\"]}]},{\"@type\":\"WebPage\",\"@id\":\"https:\\\/\\\/www.pep06.fr\\\/matisse\\\/2014\\\/06\\\/02\\\/equilibre-cavalcade\\\/\",\"url\":\"https:\\\/\\\/www.pep06.fr\\\/matisse\\\/2014\\\/06\\\/02\\\/equilibre-cavalcade\\\/\",\"name\":\"Equilibre Cavalcade - IME Henri Matisse\",\"isPartOf\":{\"@id\":\"https:\\\/\\\/www.pep06.fr\\\/matisse\\\/#website\"},\"primaryImageOfPage\":{\"@id\":\"https:\\\/\\\/www.pep06.fr\\\/matisse\\\/2014\\\/06\\\/02\\\/equilibre-cavalcade\\\/#primaryimage\"},\"image\":{\"@id\":\"https:\\\/\\\/www.pep06.fr\\\/matisse\\\/2014\\\/06\\\/02\\\/equilibre-cavalcade\\\/#primaryimage\"},\"thumbnailUrl\":\"http:\\\/\\\/www.pep06.fr\\\/matisse\\\/wp-content\\\/uploads\\\/sites\\\/4\\\/2014\\\/06\\\/20140407_150827-300x168.jpg\",\"datePublished\":\"2014-06-02T09:20:07+00:00\",\"description\":\"L\u2019Institut M\u00e9dico-Educatif Henri Matisse PEP06 accueille des jeunes de 3 \u00e0 20 ans pr\u00e9sentant une d\u00e9ficience mentale l\u00e9g\u00e8re avec ou sans troubles du psychisme.\",\"breadcrumb\":{\"@id\":\"https:\\\/\\\/www.pep06.fr\\\/matisse\\\/2014\\\/06\\\/02\\\/equilibre-cavalcade\\\/#breadcrumb\"},\"inLanguage\":\"fr-FR\",\"potentialAction\":[{\"@type\":\"ReadAction\",\"target\":[\"https:\\\/\\\/www.pep06.fr\\\/matisse\\\/2014\\\/06\\\/02\\\/equilibre-cavalcade\\\/\"]}]},{\"@type\":\"ImageObject\",\"inLanguage\":\"fr-FR\",\"@id\":\"https:\\\/\\\/www.pep06.fr\\\/matisse\\\/2014\\\/06\\\/02\\\/equilibre-cavalcade\\\/#primaryimage\",\"url\":\"https:\\\/\\\/www.pep06.fr\\\/matisse\\\/wp-content\\\/uploads\\\/sites\\\/4\\\/2014\\\/06\\\/20140407_150827.jpg\",\"contentUrl\":\"https:\\\/\\\/www.pep06.fr\\\/matisse\\\/wp-content\\\/uploads\\\/sites\\\/4\\\/2014\\\/06\\\/20140407_150827.jpg\",\"width\":4128,\"height\":2322},{\"@type\":\"BreadcrumbList\",\"@id\":\"https:\\\/\\\/www.pep06.fr\\\/matisse\\\/2014\\\/06\\\/02\\\/equilibre-cavalcade\\\/#breadcrumb\",\"itemListElement\":[{\"@type\":\"ListItem\",\"position\":1,\"name\":\"Accueil\",\"item\":\"https:\\\/\\\/www.pep06.fr\\\/matisse\\\/\"},{\"@type\":\"ListItem\",\"position\":2,\"name\":\"Equilibre Cavalcade\"}]},{\"@type\":\"WebSite\",\"@id\":\"https:\\\/\\\/www.pep06.fr\\\/matisse\\\/#website\",\"url\":\"https:\\\/\\\/www.pep06.fr\\\/matisse\\\/\",\"name\":\"IME Henri Matisse\",\"description\":\"Le site de l&#039;IME Henri Matisse des PEP 06\",\"publisher\":{\"@id\":\"https:\\\/\\\/www.pep06.fr\\\/matisse\\\/#organization\"},\"potentialAction\":[{\"@type\":\"SearchAction\",\"target\":{\"@type\":\"EntryPoint\",\"urlTemplate\":\"https:\\\/\\\/www.pep06.fr\\\/matisse\\\/?s={search_term_string}\"},\"query-input\":{\"@type\":\"PropertyValueSpecification\",\"valueRequired\":true,\"valueName\":\"search_term_string\"}}],\"inLanguage\":\"fr-FR\"},{\"@type\":\"Organization\",\"@id\":\"https:\\\/\\\/www.pep06.fr\\\/matisse\\\/#organization\",\"name\":\"PEP 06\",\"url\":\"https:\\\/\\\/www.pep06.fr\\\/matisse\\\/\",\"logo\":{\"@type\":\"ImageObject\",\"inLanguage\":\"fr-FR\",\"@id\":\"https:\\\/\\\/www.pep06.fr\\\/matisse\\\/#\\\/schema\\\/logo\\\/image\\\/\",\"url\":\"https:\\\/\\\/www.pep06.fr\\\/matisse\\\/wp-content\\\/uploads\\\/sites\\\/4\\\/2015\\\/11\\\/Logo-PEP06.png\",\"contentUrl\":\"https:\\\/\\\/www.pep06.fr\\\/matisse\\\/wp-content\\\/uploads\\\/sites\\\/4\\\/2015\\\/11\\\/Logo-PEP06.png\",\"width\":915,\"height\":915,\"caption\":\"PEP 06\"},\"image\":{\"@id\":\"https:\\\/\\\/www.pep06.fr\\\/matisse\\\/#\\\/schema\\\/logo\\\/image\\\/\"},\"sameAs\":[\"https:\\\/\\\/www.facebook.com\\\/ADPEP06\"]},{\"@type\":\"Person\",\"@id\":\"https:\\\/\\\/www.pep06.fr\\\/matisse\\\/#\\\/schema\\\/person\\\/68339d23e9b346630537e333d3725294\",\"name\":\"Patrick MADONNA\",\"image\":{\"@type\":\"ImageObject\",\"inLanguage\":\"fr-FR\",\"@id\":\"https:\\\/\\\/secure.gravatar.com\\\/avatar\\\/9f564e16b8ccfd3ded3245fe6e68dc1bd8c751bb9d1f1333c6fcc6d2d4c08dbb?s=96&d=mm&r=g\",\"url\":\"https:\\\/\\\/secure.gravatar.com\\\/avatar\\\/9f564e16b8ccfd3ded3245fe6e68dc1bd8c751bb9d1f1333c6fcc6d2d4c08dbb?s=96&d=mm&r=g\",\"contentUrl\":\"https:\\\/\\\/secure.gravatar.com\\\/avatar\\\/9f564e16b8ccfd3ded3245fe6e68dc1bd8c751bb9d1f1333c6fcc6d2d4c08dbb?s=96&d=mm&r=g\",\"caption\":\"Patrick MADONNA\"},\"url\":\"https:\\\/\\\/www.pep06.fr\\\/matisse\\\/author\\\/madonnap\\\/\"}]}<\/script>\n<!-- \/ Yoast SEO plugin. -->","yoast_head_json":{"title":"Equilibre Cavalcade - IME Henri Matisse","description":"L\u2019Institut M\u00e9dico-Educatif Henri Matisse PEP06 accueille des jeunes de 3 \u00e0 20 ans pr\u00e9sentant une d\u00e9ficience mentale l\u00e9g\u00e8re avec ou sans troubles du psychisme.","robots":{"index":"index","follow":"follow","max-snippet":"max-snippet:-1","max-image-preview":"max-image-preview:large","max-video-preview":"max-video-preview:-1"},"canonical":"https:\/\/www.pep06.fr\/matisse\/2014\/06\/02\/equilibre-cavalcade\/","og_locale":"fr_FR","og_type":"article","og_title":"Equilibre Cavalcade - IME Henri Matisse","og_description":"L\u2019Institut M\u00e9dico-Educatif Henri Matisse PEP06 accueille des jeunes de 3 \u00e0 20 ans pr\u00e9sentant une d\u00e9ficience mentale l\u00e9g\u00e8re avec ou sans troubles du psychisme.","og_url":"https:\/\/www.pep06.fr\/matisse\/2014\/06\/02\/equilibre-cavalcade\/","og_site_name":"IME Henri Matisse","article_publisher":"https:\/\/www.facebook.com\/ADPEP06","article_published_time":"2014-06-02T09:20:07+00:00","og_image":[{"url":"http:\/\/www.pep06.fr\/matisse\/wp-content\/uploads\/sites\/4\/2014\/06\/20140407_150827-300x168.jpg","type":"","width":"","height":""}],"author":"Patrick MADONNA","twitter_card":"summary_large_image","twitter_misc":{"\u00c9crit par":"Patrick MADONNA","Dur\u00e9e de lecture estim\u00e9e":"1 minute"},"schema":{"@context":"https:\/\/schema.org","@graph":[{"@type":"Article","@id":"https:\/\/www.pep06.fr\/matisse\/2014\/06\/02\/equilibre-cavalcade\/#article","isPartOf":{"@id":"https:\/\/www.pep06.fr\/matisse\/2014\/06\/02\/equilibre-cavalcade\/"},"author":{"name":"Patrick MADONNA","@id":"https:\/\/www.pep06.fr\/matisse\/#\/schema\/person\/68339d23e9b346630537e333d3725294"},"headline":"Equilibre Cavalcade","datePublished":"2014-06-02T09:20:07+00:00","mainEntityOfPage":{"@id":"https:\/\/www.pep06.fr\/matisse\/2014\/06\/02\/equilibre-cavalcade\/"},"wordCount":180,"commentCount":0,"publisher":{"@id":"https:\/\/www.pep06.fr\/matisse\/#organization"},"image":{"@id":"https:\/\/www.pep06.fr\/matisse\/2014\/06\/02\/equilibre-cavalcade\/#primaryimage"},"thumbnailUrl":"http:\/\/www.pep06.fr\/matisse\/wp-content\/uploads\/sites\/4\/2014\/06\/20140407_150827-300x168.jpg","articleSection":["D\u00e9couvertes et cr\u00e9ations"],"inLanguage":"fr-FR","potentialAction":[{"@type":"CommentAction","name":"Comment","target":["https:\/\/www.pep06.fr\/matisse\/2014\/06\/02\/equilibre-cavalcade\/#respond"]}]},{"@type":"WebPage","@id":"https:\/\/www.pep06.fr\/matisse\/2014\/06\/02\/equilibre-cavalcade\/","url":"https:\/\/www.pep06.fr\/matisse\/2014\/06\/02\/equilibre-cavalcade\/","name":"Equilibre Cavalcade - IME Henri Matisse","isPartOf":{"@id":"https:\/\/www.pep06.fr\/matisse\/#website"},"primaryImageOfPage":{"@id":"https:\/\/www.pep06.fr\/matisse\/2014\/06\/02\/equilibre-cavalcade\/#primaryimage"},"image":{"@id":"https:\/\/www.pep06.fr\/matisse\/2014\/06\/02\/equilibre-cavalcade\/#primaryimage"},"thumbnailUrl":"http:\/\/www.pep06.fr\/matisse\/wp-content\/uploads\/sites\/4\/2014\/06\/20140407_150827-300x168.jpg","datePublished":"2014-06-02T09:20:07+00:00","description":"L\u2019Institut M\u00e9dico-Educatif Henri Matisse PEP06 accueille des jeunes de 3 \u00e0 20 ans pr\u00e9sentant une d\u00e9ficience mentale l\u00e9g\u00e8re avec ou sans troubles du psychisme.","breadcrumb":{"@id":"https:\/\/www.pep06.fr\/matisse\/2014\/06\/02\/equilibre-cavalcade\/#breadcrumb"},"inLanguage":"fr-FR","potentialAction":[{"@type":"ReadAction","target":["https:\/\/www.pep06.fr\/matisse\/2014\/06\/02\/equilibre-cavalcade\/"]}]},{"@type":"ImageObject","inLanguage":"fr-FR","@id":"https:\/\/www.pep06.fr\/matisse\/2014\/06\/02\/equilibre-cavalcade\/#primaryimage","url":"https:\/\/www.pep06.fr\/matisse\/wp-content\/uploads\/sites\/4\/2014\/06\/20140407_150827.jpg","contentUrl":"https:\/\/www.pep06.fr\/matisse\/wp-content\/uploads\/sites\/4\/2014\/06\/20140407_150827.jpg","width":4128,"height":2322},{"@type":"BreadcrumbList","@id":"https:\/\/www.pep06.fr\/matisse\/2014\/06\/02\/equilibre-cavalcade\/#breadcrumb","itemListElement":[{"@type":"ListItem","position":1,"name":"Accueil","item":"https:\/\/www.pep06.fr\/matisse\/"},{"@type":"ListItem","position":2,"name":"Equilibre Cavalcade"}]},{"@type":"WebSite","@id":"https:\/\/www.pep06.fr\/matisse\/#website","url":"https:\/\/www.pep06.fr\/matisse\/","name":"IME Henri Matisse","description":"Le site de l&#039;IME Henri Matisse des PEP 06","publisher":{"@id":"https:\/\/www.pep06.fr\/matisse\/#organization"},"potentialAction":[{"@type":"SearchAction","target":{"@type":"EntryPoint","urlTemplate":"https:\/\/www.pep06.fr\/matisse\/?s={search_term_string}"},"query-input":{"@type":"PropertyValueSpecification","valueRequired":true,"valueName":"search_term_string"}}],"inLanguage":"fr-FR"},{"@type":"Organization","@id":"https:\/\/www.pep06.fr\/matisse\/#organization","name":"PEP 06","url":"https:\/\/www.pep06.fr\/matisse\/","logo":{"@type":"ImageObject","inLanguage":"fr-FR","@id":"https:\/\/www.pep06.fr\/matisse\/#\/schema\/logo\/image\/","url":"https:\/\/www.pep06.fr\/matisse\/wp-content\/uploads\/sites\/4\/2015\/11\/Logo-PEP06.png","contentUrl":"https:\/\/www.pep06.fr\/matisse\/wp-content\/uploads\/sites\/4\/2015\/11\/Logo-PEP06.png","width":915,"height":915,"caption":"PEP 06"},"image":{"@id":"https:\/\/www.pep06.fr\/matisse\/#\/schema\/logo\/image\/"},"sameAs":["https:\/\/www.facebook.com\/ADPEP06"]},{"@type":"Person","@id":"https:\/\/www.pep06.fr\/matisse\/#\/schema\/person\/68339d23e9b346630537e333d3725294","name":"Patrick MADONNA","image":{"@type":"ImageObject","inLanguage":"fr-FR","@id":"https:\/\/secure.gravatar.com\/avatar\/9f564e16b8ccfd3ded3245fe6e68dc1bd8c751bb9d1f1333c6fcc6d2d4c08dbb?s=96&d=mm&r=g","url":"https:\/\/secure.gravatar.com\/avatar\/9f564e16b8ccfd3ded3245fe6e68dc1bd8c751bb9d1f1333c6fcc6d2d4c08dbb?s=96&d=mm&r=g","contentUrl":"https:\/\/secure.gravatar.com\/avatar\/9f564e16b8ccfd3ded3245fe6e68dc1bd8c751bb9d1f1333c6fcc6d2d4c08dbb?s=96&d=mm&r=g","caption":"Patrick MADONNA"},"url":"https:\/\/www.pep06.fr\/matisse\/author\/madonnap\/"}]}},"jetpack_publicize_connections":[],"jetpack_featured_media_url":"","jetpack_sharing_enabled":true,"jetpack_shortlink":"https:\/\/wp.me\/p6ZrWH-5y","_links":{"self":[{"href":"https:\/\/www.pep06.fr\/matisse\/wp-json\/wp\/v2\/posts\/344","targetHints":{"allow":["GET"]}}],"collection":[{"href":"https:\/\/www.pep06.fr\/matisse\/wp-json\/wp\/v2\/posts"}],"about":[{"href":"https:\/\/www.pep06.fr\/matisse\/wp-json\/wp\/v2\/types\/post"}],"author":[{"embeddable":true,"href":"https:\/\/www.pep06.fr\/matisse\/wp-json\/wp\/v2\/users\/6"}],"replies":[{"embeddable":true,"href":"https:\/\/www.pep06.fr\/matisse\/wp-json\/wp\/v2\/comments?post=344"}],"version-history":[{"count":0,"href":"https:\/\/www.pep06.fr\/matisse\/wp-json\/wp\/v2\/posts\/344\/revisions"}],"wp:attachment":[{"href":"https:\/\/www.pep06.fr\/matisse\/wp-json\/wp\/v2\/media?parent=344"}],"wp:term":[{"taxonomy":"category","embeddable":true,"href":"https:\/\/www.pep06.fr\/matisse\/wp-json\/wp\/v2\/categories?post=344"},{"taxonomy":"post_tag","embeddable":true,"href":"https:\/\/www.pep06.fr\/matisse\/wp-json\/wp\/v2\/tags?post=344"}],"curies":[{"name":"wp","href":"https:\/\/api.w.org\/{rel}","templated":true}]}}