{"id":497,"date":"2015-03-31T14:32:08","date_gmt":"2015-03-31T13:32:08","guid":{"rendered":"http:\/\/blogs.pep06.fr\/matisse\/?p=497"},"modified":"2015-03-31T14:32:08","modified_gmt":"2015-03-31T13:32:08","slug":"compte-rendu-de-la-semaine-du-23-au-27-mars-groupe-2","status":"publish","type":"post","link":"https:\/\/www.pep06.fr\/matisse\/2015\/03\/31\/compte-rendu-de-la-semaine-du-23-au-27-mars-groupe-2\/","title":{"rendered":"Compte-rendu de la semaine du 23 au 27 mars \/ GROUPE 2"},"content":{"rendered":"<p><span style=\"color: #0000ff\"><em>Voici un petit r\u00e9cap de ce qu\u2019ont fait les jeunes du GROUPE\u00a02 durant la semaine du 23 au 27 mars 2015, \u00e0 l\u2019I.M.E.<\/em><\/span><\/p>\n<p><span style=\"color: #0000ff\"><em>Bonne lecture !<a href=\"http:\/\/www.pep06.fr\/matisse\/wp-content\/uploads\/sites\/4\/2015\/03\/GROUPE-2-du-23-au-27-MARS.jpg\"><img loading=\"lazy\" decoding=\"async\" data-attachment-id=\"498\" data-permalink=\"https:\/\/www.pep06.fr\/matisse\/2015\/03\/31\/compte-rendu-de-la-semaine-du-23-au-27-mars-groupe-2\/groupe-2-du-23-au-27-mars\/#main\" data-orig-file=\"https:\/\/www.pep06.fr\/matisse\/wp-content\/uploads\/sites\/4\/2015\/03\/GROUPE-2-du-23-au-27-MARS.jpg\" data-orig-size=\"752,1119\" data-comments-opened=\"1\" data-image-meta=\"{&quot;aperture&quot;:&quot;0&quot;,&quot;credit&quot;:&quot;&quot;,&quot;camera&quot;:&quot;&quot;,&quot;caption&quot;:&quot;&quot;,&quot;created_timestamp&quot;:&quot;0&quot;,&quot;copyright&quot;:&quot;&quot;,&quot;focal_length&quot;:&quot;0&quot;,&quot;iso&quot;:&quot;0&quot;,&quot;shutter_speed&quot;:&quot;0&quot;,&quot;title&quot;:&quot;&quot;,&quot;orientation&quot;:&quot;0&quot;}\" data-image-title=\"GROUPE 2 &amp;#8211; du 23 au 27 MARS\" data-image-description=\"\" data-image-caption=\"\" data-large-file=\"https:\/\/www.pep06.fr\/matisse\/wp-content\/uploads\/sites\/4\/2015\/03\/GROUPE-2-du-23-au-27-MARS-688x1024.jpg\" class=\"aligncenter size-medium wp-image-498\" src=\"http:\/\/www.pep06.fr\/matisse\/wp-content\/uploads\/sites\/4\/2015\/03\/GROUPE-2-du-23-au-27-MARS-202x300.jpg\" alt=\"GROUPE 2 - du 23 au 27 MARS\" width=\"202\" height=\"300\" srcset=\"https:\/\/www.pep06.fr\/matisse\/wp-content\/uploads\/sites\/4\/2015\/03\/GROUPE-2-du-23-au-27-MARS-202x300.jpg 202w, https:\/\/www.pep06.fr\/matisse\/wp-content\/uploads\/sites\/4\/2015\/03\/GROUPE-2-du-23-au-27-MARS-688x1024.jpg 688w, https:\/\/www.pep06.fr\/matisse\/wp-content\/uploads\/sites\/4\/2015\/03\/GROUPE-2-du-23-au-27-MARS.jpg 752w\" sizes=\"auto, (max-width: 202px) 100vw, 202px\" \/><\/a><\/em><\/span><\/p>\n","protected":false},"excerpt":{"rendered":"<p>Voici un petit r\u00e9cap de ce qu\u2019ont fait les jeunes du GROUPE\u00a02 durant la semaine du 23 au 27 mars 2015, \u00e0 l\u2019I.M.E. Bonne lecture !<\/p>\n<p><a href=\"https:\/\/www.pep06.fr\/matisse\/2015\/03\/31\/compte-rendu-de-la-semaine-du-23-au-27-mars-groupe-2\/\"><span class=\"glyphicon glyphicon-arrow-right\"><\/span>&nbsp;Poursuivre la lecture<\/a><\/p>","protected":false},"author":5,"featured_media":0,"comment_status":"open","ping_status":"open","sticky":false,"template":"","format":"standard","meta":{"_uf_show_specific_survey":0,"_uf_disable_surveys":false,"jetpack_post_was_ever_published":false,"_jetpack_newsletter_access":"","_jetpack_dont_email_post_to_subs":false,"_jetpack_newsletter_tier_id":0,"_jetpack_memberships_contains_paywalled_content":false,"_jetpack_memberships_contains_paid_content":false,"footnotes":"","jetpack_publicize_message":"","jetpack_publicize_feature_enabled":true,"jetpack_social_post_already_shared":true,"jetpack_social_options":{"image_generator_settings":{"template":"highway","default_image_id":0,"font":"","enabled":false},"version":2}},"categories":[8],"tags":[],"class_list":["post-497","post","type-post","status-publish","format-standard","hentry","category-vie-de-letablissement"],"yoast_head":"<!-- This site is optimized with the Yoast SEO plugin v27.5 - https:\/\/yoast.com\/product\/yoast-seo-wordpress\/ -->\n<title>Compte-rendu de la semaine du 23 au 27 mars \/ GROUPE 2 - IME Henri Matisse<\/title>\n<meta name=\"description\" content=\"L\u2019Institut M\u00e9dico-Educatif Henri Matisse PEP06 accueille des jeunes de 3 \u00e0 20 ans pr\u00e9sentant une d\u00e9ficience mentale l\u00e9g\u00e8re avec ou sans troubles du psychisme.\" \/>\n<meta name=\"robots\" content=\"index, follow, max-snippet:-1, max-image-preview:large, max-video-preview:-1\" \/>\n<link rel=\"canonical\" href=\"https:\/\/www.pep06.fr\/matisse\/2015\/03\/31\/compte-rendu-de-la-semaine-du-23-au-27-mars-groupe-2\/\" \/>\n<meta property=\"og:locale\" content=\"fr_FR\" \/>\n<meta property=\"og:type\" content=\"article\" \/>\n<meta property=\"og:title\" content=\"Compte-rendu de la semaine du 23 au 27 mars \/ GROUPE 2 - IME Henri Matisse\" \/>\n<meta property=\"og:description\" content=\"L\u2019Institut M\u00e9dico-Educatif Henri Matisse PEP06 accueille des jeunes de 3 \u00e0 20 ans pr\u00e9sentant une d\u00e9ficience mentale l\u00e9g\u00e8re avec ou sans troubles du psychisme.\" \/>\n<meta property=\"og:url\" content=\"https:\/\/www.pep06.fr\/matisse\/2015\/03\/31\/compte-rendu-de-la-semaine-du-23-au-27-mars-groupe-2\/\" \/>\n<meta property=\"og:site_name\" content=\"IME Henri Matisse\" \/>\n<meta property=\"article:publisher\" content=\"https:\/\/www.facebook.com\/ADPEP06\" \/>\n<meta property=\"article:published_time\" content=\"2015-03-31T13:32:08+00:00\" \/>\n<meta property=\"og:image\" content=\"http:\/\/www.pep06.fr\/matisse\/wp-content\/uploads\/sites\/4\/2015\/03\/GROUPE-2-du-23-au-27-MARS-202x300.jpg\" \/>\n<meta name=\"author\" content=\"Ketty GUIBERT\" \/>\n<meta name=\"twitter:card\" content=\"summary_large_image\" \/>\n<meta name=\"twitter:label1\" content=\"\u00c9crit par\" \/>\n\t<meta name=\"twitter:data1\" content=\"Ketty GUIBERT\" \/>\n<script type=\"application\/ld+json\" class=\"yoast-schema-graph\">{\"@context\":\"https:\\\/\\\/schema.org\",\"@graph\":[{\"@type\":\"Article\",\"@id\":\"https:\\\/\\\/www.pep06.fr\\\/matisse\\\/2015\\\/03\\\/31\\\/compte-rendu-de-la-semaine-du-23-au-27-mars-groupe-2\\\/#article\",\"isPartOf\":{\"@id\":\"https:\\\/\\\/www.pep06.fr\\\/matisse\\\/2015\\\/03\\\/31\\\/compte-rendu-de-la-semaine-du-23-au-27-mars-groupe-2\\\/\"},\"author\":{\"name\":\"Ketty GUIBERT\",\"@id\":\"https:\\\/\\\/www.pep06.fr\\\/matisse\\\/#\\\/schema\\\/person\\\/71aaa7b35b612f933b96031285e21770\"},\"headline\":\"Compte-rendu de la semaine du 23 au 27 mars \\\/ GROUPE 2\",\"datePublished\":\"2015-03-31T13:32:08+00:00\",\"mainEntityOfPage\":{\"@id\":\"https:\\\/\\\/www.pep06.fr\\\/matisse\\\/2015\\\/03\\\/31\\\/compte-rendu-de-la-semaine-du-23-au-27-mars-groupe-2\\\/\"},\"wordCount\":34,\"commentCount\":0,\"publisher\":{\"@id\":\"https:\\\/\\\/www.pep06.fr\\\/matisse\\\/#organization\"},\"image\":{\"@id\":\"https:\\\/\\\/www.pep06.fr\\\/matisse\\\/2015\\\/03\\\/31\\\/compte-rendu-de-la-semaine-du-23-au-27-mars-groupe-2\\\/#primaryimage\"},\"thumbnailUrl\":\"http:\\\/\\\/www.pep06.fr\\\/matisse\\\/wp-content\\\/uploads\\\/sites\\\/4\\\/2015\\\/03\\\/GROUPE-2-du-23-au-27-MARS-202x300.jpg\",\"articleSection\":[\"Vie de l'\u00e9tablissement\"],\"inLanguage\":\"fr-FR\",\"potentialAction\":[{\"@type\":\"CommentAction\",\"name\":\"Comment\",\"target\":[\"https:\\\/\\\/www.pep06.fr\\\/matisse\\\/2015\\\/03\\\/31\\\/compte-rendu-de-la-semaine-du-23-au-27-mars-groupe-2\\\/#respond\"]}]},{\"@type\":\"WebPage\",\"@id\":\"https:\\\/\\\/www.pep06.fr\\\/matisse\\\/2015\\\/03\\\/31\\\/compte-rendu-de-la-semaine-du-23-au-27-mars-groupe-2\\\/\",\"url\":\"https:\\\/\\\/www.pep06.fr\\\/matisse\\\/2015\\\/03\\\/31\\\/compte-rendu-de-la-semaine-du-23-au-27-mars-groupe-2\\\/\",\"name\":\"Compte-rendu de la semaine du 23 au 27 mars \\\/ GROUPE 2 - IME Henri Matisse\",\"isPartOf\":{\"@id\":\"https:\\\/\\\/www.pep06.fr\\\/matisse\\\/#website\"},\"primaryImageOfPage\":{\"@id\":\"https:\\\/\\\/www.pep06.fr\\\/matisse\\\/2015\\\/03\\\/31\\\/compte-rendu-de-la-semaine-du-23-au-27-mars-groupe-2\\\/#primaryimage\"},\"image\":{\"@id\":\"https:\\\/\\\/www.pep06.fr\\\/matisse\\\/2015\\\/03\\\/31\\\/compte-rendu-de-la-semaine-du-23-au-27-mars-groupe-2\\\/#primaryimage\"},\"thumbnailUrl\":\"http:\\\/\\\/www.pep06.fr\\\/matisse\\\/wp-content\\\/uploads\\\/sites\\\/4\\\/2015\\\/03\\\/GROUPE-2-du-23-au-27-MARS-202x300.jpg\",\"datePublished\":\"2015-03-31T13:32:08+00:00\",\"description\":\"L\u2019Institut M\u00e9dico-Educatif Henri Matisse PEP06 accueille des jeunes de 3 \u00e0 20 ans pr\u00e9sentant une d\u00e9ficience mentale l\u00e9g\u00e8re avec ou sans troubles du psychisme.\",\"breadcrumb\":{\"@id\":\"https:\\\/\\\/www.pep06.fr\\\/matisse\\\/2015\\\/03\\\/31\\\/compte-rendu-de-la-semaine-du-23-au-27-mars-groupe-2\\\/#breadcrumb\"},\"inLanguage\":\"fr-FR\",\"potentialAction\":[{\"@type\":\"ReadAction\",\"target\":[\"https:\\\/\\\/www.pep06.fr\\\/matisse\\\/2015\\\/03\\\/31\\\/compte-rendu-de-la-semaine-du-23-au-27-mars-groupe-2\\\/\"]}]},{\"@type\":\"ImageObject\",\"inLanguage\":\"fr-FR\",\"@id\":\"https:\\\/\\\/www.pep06.fr\\\/matisse\\\/2015\\\/03\\\/31\\\/compte-rendu-de-la-semaine-du-23-au-27-mars-groupe-2\\\/#primaryimage\",\"url\":\"https:\\\/\\\/www.pep06.fr\\\/matisse\\\/wp-content\\\/uploads\\\/sites\\\/4\\\/2015\\\/03\\\/GROUPE-2-du-23-au-27-MARS.jpg\",\"contentUrl\":\"https:\\\/\\\/www.pep06.fr\\\/matisse\\\/wp-content\\\/uploads\\\/sites\\\/4\\\/2015\\\/03\\\/GROUPE-2-du-23-au-27-MARS.jpg\",\"width\":752,\"height\":1119},{\"@type\":\"BreadcrumbList\",\"@id\":\"https:\\\/\\\/www.pep06.fr\\\/matisse\\\/2015\\\/03\\\/31\\\/compte-rendu-de-la-semaine-du-23-au-27-mars-groupe-2\\\/#breadcrumb\",\"itemListElement\":[{\"@type\":\"ListItem\",\"position\":1,\"name\":\"Accueil\",\"item\":\"https:\\\/\\\/www.pep06.fr\\\/matisse\\\/\"},{\"@type\":\"ListItem\",\"position\":2,\"name\":\"Compte-rendu de la semaine du 23 au 27 mars \\\/ GROUPE 2\"}]},{\"@type\":\"WebSite\",\"@id\":\"https:\\\/\\\/www.pep06.fr\\\/matisse\\\/#website\",\"url\":\"https:\\\/\\\/www.pep06.fr\\\/matisse\\\/\",\"name\":\"IME Henri Matisse\",\"description\":\"Le site de l&#039;IME Henri Matisse des PEP 06\",\"publisher\":{\"@id\":\"https:\\\/\\\/www.pep06.fr\\\/matisse\\\/#organization\"},\"potentialAction\":[{\"@type\":\"SearchAction\",\"target\":{\"@type\":\"EntryPoint\",\"urlTemplate\":\"https:\\\/\\\/www.pep06.fr\\\/matisse\\\/?s={search_term_string}\"},\"query-input\":{\"@type\":\"PropertyValueSpecification\",\"valueRequired\":true,\"valueName\":\"search_term_string\"}}],\"inLanguage\":\"fr-FR\"},{\"@type\":\"Organization\",\"@id\":\"https:\\\/\\\/www.pep06.fr\\\/matisse\\\/#organization\",\"name\":\"PEP 06\",\"url\":\"https:\\\/\\\/www.pep06.fr\\\/matisse\\\/\",\"logo\":{\"@type\":\"ImageObject\",\"inLanguage\":\"fr-FR\",\"@id\":\"https:\\\/\\\/www.pep06.fr\\\/matisse\\\/#\\\/schema\\\/logo\\\/image\\\/\",\"url\":\"https:\\\/\\\/www.pep06.fr\\\/matisse\\\/wp-content\\\/uploads\\\/sites\\\/4\\\/2015\\\/11\\\/Logo-PEP06.png\",\"contentUrl\":\"https:\\\/\\\/www.pep06.fr\\\/matisse\\\/wp-content\\\/uploads\\\/sites\\\/4\\\/2015\\\/11\\\/Logo-PEP06.png\",\"width\":915,\"height\":915,\"caption\":\"PEP 06\"},\"image\":{\"@id\":\"https:\\\/\\\/www.pep06.fr\\\/matisse\\\/#\\\/schema\\\/logo\\\/image\\\/\"},\"sameAs\":[\"https:\\\/\\\/www.facebook.com\\\/ADPEP06\"]},{\"@type\":\"Person\",\"@id\":\"https:\\\/\\\/www.pep06.fr\\\/matisse\\\/#\\\/schema\\\/person\\\/71aaa7b35b612f933b96031285e21770\",\"name\":\"Ketty GUIBERT\",\"image\":{\"@type\":\"ImageObject\",\"inLanguage\":\"fr-FR\",\"@id\":\"https:\\\/\\\/secure.gravatar.com\\\/avatar\\\/342e98f339c07076f8c13ebefb0d0843f24512e08a9f901a59258c6cf391dbb9?s=96&d=mm&r=g\",\"url\":\"https:\\\/\\\/secure.gravatar.com\\\/avatar\\\/342e98f339c07076f8c13ebefb0d0843f24512e08a9f901a59258c6cf391dbb9?s=96&d=mm&r=g\",\"contentUrl\":\"https:\\\/\\\/secure.gravatar.com\\\/avatar\\\/342e98f339c07076f8c13ebefb0d0843f24512e08a9f901a59258c6cf391dbb9?s=96&d=mm&r=g\",\"caption\":\"Ketty GUIBERT\"},\"url\":\"https:\\\/\\\/www.pep06.fr\\\/matisse\\\/author\\\/guibertk\\\/\"}]}<\/script>\n<!-- \/ Yoast SEO plugin. -->","yoast_head_json":{"title":"Compte-rendu de la semaine du 23 au 27 mars \/ GROUPE 2 - IME Henri Matisse","description":"L\u2019Institut M\u00e9dico-Educatif Henri Matisse PEP06 accueille des jeunes de 3 \u00e0 20 ans pr\u00e9sentant une d\u00e9ficience mentale l\u00e9g\u00e8re avec ou sans troubles du psychisme.","robots":{"index":"index","follow":"follow","max-snippet":"max-snippet:-1","max-image-preview":"max-image-preview:large","max-video-preview":"max-video-preview:-1"},"canonical":"https:\/\/www.pep06.fr\/matisse\/2015\/03\/31\/compte-rendu-de-la-semaine-du-23-au-27-mars-groupe-2\/","og_locale":"fr_FR","og_type":"article","og_title":"Compte-rendu de la semaine du 23 au 27 mars \/ GROUPE 2 - IME Henri Matisse","og_description":"L\u2019Institut M\u00e9dico-Educatif Henri Matisse PEP06 accueille des jeunes de 3 \u00e0 20 ans pr\u00e9sentant une d\u00e9ficience mentale l\u00e9g\u00e8re avec ou sans troubles du psychisme.","og_url":"https:\/\/www.pep06.fr\/matisse\/2015\/03\/31\/compte-rendu-de-la-semaine-du-23-au-27-mars-groupe-2\/","og_site_name":"IME Henri Matisse","article_publisher":"https:\/\/www.facebook.com\/ADPEP06","article_published_time":"2015-03-31T13:32:08+00:00","og_image":[{"url":"http:\/\/www.pep06.fr\/matisse\/wp-content\/uploads\/sites\/4\/2015\/03\/GROUPE-2-du-23-au-27-MARS-202x300.jpg","type":"","width":"","height":""}],"author":"Ketty GUIBERT","twitter_card":"summary_large_image","twitter_misc":{"\u00c9crit par":"Ketty GUIBERT"},"schema":{"@context":"https:\/\/schema.org","@graph":[{"@type":"Article","@id":"https:\/\/www.pep06.fr\/matisse\/2015\/03\/31\/compte-rendu-de-la-semaine-du-23-au-27-mars-groupe-2\/#article","isPartOf":{"@id":"https:\/\/www.pep06.fr\/matisse\/2015\/03\/31\/compte-rendu-de-la-semaine-du-23-au-27-mars-groupe-2\/"},"author":{"name":"Ketty GUIBERT","@id":"https:\/\/www.pep06.fr\/matisse\/#\/schema\/person\/71aaa7b35b612f933b96031285e21770"},"headline":"Compte-rendu de la semaine du 23 au 27 mars \/ GROUPE 2","datePublished":"2015-03-31T13:32:08+00:00","mainEntityOfPage":{"@id":"https:\/\/www.pep06.fr\/matisse\/2015\/03\/31\/compte-rendu-de-la-semaine-du-23-au-27-mars-groupe-2\/"},"wordCount":34,"commentCount":0,"publisher":{"@id":"https:\/\/www.pep06.fr\/matisse\/#organization"},"image":{"@id":"https:\/\/www.pep06.fr\/matisse\/2015\/03\/31\/compte-rendu-de-la-semaine-du-23-au-27-mars-groupe-2\/#primaryimage"},"thumbnailUrl":"http:\/\/www.pep06.fr\/matisse\/wp-content\/uploads\/sites\/4\/2015\/03\/GROUPE-2-du-23-au-27-MARS-202x300.jpg","articleSection":["Vie de l'\u00e9tablissement"],"inLanguage":"fr-FR","potentialAction":[{"@type":"CommentAction","name":"Comment","target":["https:\/\/www.pep06.fr\/matisse\/2015\/03\/31\/compte-rendu-de-la-semaine-du-23-au-27-mars-groupe-2\/#respond"]}]},{"@type":"WebPage","@id":"https:\/\/www.pep06.fr\/matisse\/2015\/03\/31\/compte-rendu-de-la-semaine-du-23-au-27-mars-groupe-2\/","url":"https:\/\/www.pep06.fr\/matisse\/2015\/03\/31\/compte-rendu-de-la-semaine-du-23-au-27-mars-groupe-2\/","name":"Compte-rendu de la semaine du 23 au 27 mars \/ GROUPE 2 - IME Henri Matisse","isPartOf":{"@id":"https:\/\/www.pep06.fr\/matisse\/#website"},"primaryImageOfPage":{"@id":"https:\/\/www.pep06.fr\/matisse\/2015\/03\/31\/compte-rendu-de-la-semaine-du-23-au-27-mars-groupe-2\/#primaryimage"},"image":{"@id":"https:\/\/www.pep06.fr\/matisse\/2015\/03\/31\/compte-rendu-de-la-semaine-du-23-au-27-mars-groupe-2\/#primaryimage"},"thumbnailUrl":"http:\/\/www.pep06.fr\/matisse\/wp-content\/uploads\/sites\/4\/2015\/03\/GROUPE-2-du-23-au-27-MARS-202x300.jpg","datePublished":"2015-03-31T13:32:08+00:00","description":"L\u2019Institut M\u00e9dico-Educatif Henri Matisse PEP06 accueille des jeunes de 3 \u00e0 20 ans pr\u00e9sentant une d\u00e9ficience mentale l\u00e9g\u00e8re avec ou sans troubles du psychisme.","breadcrumb":{"@id":"https:\/\/www.pep06.fr\/matisse\/2015\/03\/31\/compte-rendu-de-la-semaine-du-23-au-27-mars-groupe-2\/#breadcrumb"},"inLanguage":"fr-FR","potentialAction":[{"@type":"ReadAction","target":["https:\/\/www.pep06.fr\/matisse\/2015\/03\/31\/compte-rendu-de-la-semaine-du-23-au-27-mars-groupe-2\/"]}]},{"@type":"ImageObject","inLanguage":"fr-FR","@id":"https:\/\/www.pep06.fr\/matisse\/2015\/03\/31\/compte-rendu-de-la-semaine-du-23-au-27-mars-groupe-2\/#primaryimage","url":"https:\/\/www.pep06.fr\/matisse\/wp-content\/uploads\/sites\/4\/2015\/03\/GROUPE-2-du-23-au-27-MARS.jpg","contentUrl":"https:\/\/www.pep06.fr\/matisse\/wp-content\/uploads\/sites\/4\/2015\/03\/GROUPE-2-du-23-au-27-MARS.jpg","width":752,"height":1119},{"@type":"BreadcrumbList","@id":"https:\/\/www.pep06.fr\/matisse\/2015\/03\/31\/compte-rendu-de-la-semaine-du-23-au-27-mars-groupe-2\/#breadcrumb","itemListElement":[{"@type":"ListItem","position":1,"name":"Accueil","item":"https:\/\/www.pep06.fr\/matisse\/"},{"@type":"ListItem","position":2,"name":"Compte-rendu de la semaine du 23 au 27 mars \/ GROUPE 2"}]},{"@type":"WebSite","@id":"https:\/\/www.pep06.fr\/matisse\/#website","url":"https:\/\/www.pep06.fr\/matisse\/","name":"IME Henri Matisse","description":"Le site de l&#039;IME Henri Matisse des PEP 06","publisher":{"@id":"https:\/\/www.pep06.fr\/matisse\/#organization"},"potentialAction":[{"@type":"SearchAction","target":{"@type":"EntryPoint","urlTemplate":"https:\/\/www.pep06.fr\/matisse\/?s={search_term_string}"},"query-input":{"@type":"PropertyValueSpecification","valueRequired":true,"valueName":"search_term_string"}}],"inLanguage":"fr-FR"},{"@type":"Organization","@id":"https:\/\/www.pep06.fr\/matisse\/#organization","name":"PEP 06","url":"https:\/\/www.pep06.fr\/matisse\/","logo":{"@type":"ImageObject","inLanguage":"fr-FR","@id":"https:\/\/www.pep06.fr\/matisse\/#\/schema\/logo\/image\/","url":"https:\/\/www.pep06.fr\/matisse\/wp-content\/uploads\/sites\/4\/2015\/11\/Logo-PEP06.png","contentUrl":"https:\/\/www.pep06.fr\/matisse\/wp-content\/uploads\/sites\/4\/2015\/11\/Logo-PEP06.png","width":915,"height":915,"caption":"PEP 06"},"image":{"@id":"https:\/\/www.pep06.fr\/matisse\/#\/schema\/logo\/image\/"},"sameAs":["https:\/\/www.facebook.com\/ADPEP06"]},{"@type":"Person","@id":"https:\/\/www.pep06.fr\/matisse\/#\/schema\/person\/71aaa7b35b612f933b96031285e21770","name":"Ketty GUIBERT","image":{"@type":"ImageObject","inLanguage":"fr-FR","@id":"https:\/\/secure.gravatar.com\/avatar\/342e98f339c07076f8c13ebefb0d0843f24512e08a9f901a59258c6cf391dbb9?s=96&d=mm&r=g","url":"https:\/\/secure.gravatar.com\/avatar\/342e98f339c07076f8c13ebefb0d0843f24512e08a9f901a59258c6cf391dbb9?s=96&d=mm&r=g","contentUrl":"https:\/\/secure.gravatar.com\/avatar\/342e98f339c07076f8c13ebefb0d0843f24512e08a9f901a59258c6cf391dbb9?s=96&d=mm&r=g","caption":"Ketty GUIBERT"},"url":"https:\/\/www.pep06.fr\/matisse\/author\/guibertk\/"}]}},"jetpack_publicize_connections":[],"jetpack_featured_media_url":"","jetpack_sharing_enabled":true,"jetpack_shortlink":"https:\/\/wp.me\/p6ZrWH-81","_links":{"self":[{"href":"https:\/\/www.pep06.fr\/matisse\/wp-json\/wp\/v2\/posts\/497","targetHints":{"allow":["GET"]}}],"collection":[{"href":"https:\/\/www.pep06.fr\/matisse\/wp-json\/wp\/v2\/posts"}],"about":[{"href":"https:\/\/www.pep06.fr\/matisse\/wp-json\/wp\/v2\/types\/post"}],"author":[{"embeddable":true,"href":"https:\/\/www.pep06.fr\/matisse\/wp-json\/wp\/v2\/users\/5"}],"replies":[{"embeddable":true,"href":"https:\/\/www.pep06.fr\/matisse\/wp-json\/wp\/v2\/comments?post=497"}],"version-history":[{"count":0,"href":"https:\/\/www.pep06.fr\/matisse\/wp-json\/wp\/v2\/posts\/497\/revisions"}],"wp:attachment":[{"href":"https:\/\/www.pep06.fr\/matisse\/wp-json\/wp\/v2\/media?parent=497"}],"wp:term":[{"taxonomy":"category","embeddable":true,"href":"https:\/\/www.pep06.fr\/matisse\/wp-json\/wp\/v2\/categories?post=497"},{"taxonomy":"post_tag","embeddable":true,"href":"https:\/\/www.pep06.fr\/matisse\/wp-json\/wp\/v2\/tags?post=497"}],"curies":[{"name":"wp","href":"https:\/\/api.w.org\/{rel}","templated":true}]}}