{"id":601,"date":"2015-06-16T10:44:20","date_gmt":"2015-06-16T09:44:20","guid":{"rendered":"http:\/\/blogs.pep06.fr\/matisse\/?p=601"},"modified":"2015-11-27T13:18:09","modified_gmt":"2015-11-27T12:18:09","slug":"sejour-au-moulin-despagne","status":"publish","type":"post","link":"https:\/\/www.pep06.fr\/matisse\/2015\/06\/16\/sejour-au-moulin-despagne\/","title":{"rendered":"S\u00e9jour au Moulin d&rsquo;Espagne"},"content":{"rendered":"<p>Lundi 8 juin<\/p>\n<p><a href=\"http:\/\/www.pep06.fr\/matisse\/wp-content\/uploads\/sites\/4\/2015\/06\/IMG_0224.jpg\"><img loading=\"lazy\" decoding=\"async\" data-attachment-id=\"602\" data-permalink=\"https:\/\/www.pep06.fr\/matisse\/2015\/06\/16\/sejour-au-moulin-despagne\/img_0224\/#main\" data-orig-file=\"https:\/\/www.pep06.fr\/matisse\/wp-content\/uploads\/sites\/4\/2015\/06\/IMG_0224.jpg\" data-orig-size=\"2592,1936\" data-comments-opened=\"1\" data-image-meta=\"{&quot;aperture&quot;:&quot;2.8&quot;,&quot;credit&quot;:&quot;&quot;,&quot;camera&quot;:&quot;iPhone 4&quot;,&quot;caption&quot;:&quot;&quot;,&quot;created_timestamp&quot;:&quot;1433761570&quot;,&quot;copyright&quot;:&quot;&quot;,&quot;focal_length&quot;:&quot;3.85&quot;,&quot;iso&quot;:&quot;125&quot;,&quot;shutter_speed&quot;:&quot;0.0083333333333333&quot;,&quot;title&quot;:&quot;&quot;,&quot;orientation&quot;:&quot;1&quot;}\" data-image-title=\"IMG_0224\" data-image-description=\"\" data-image-caption=\"\" data-large-file=\"https:\/\/www.pep06.fr\/matisse\/wp-content\/uploads\/sites\/4\/2015\/06\/IMG_0224-1024x765.jpg\" class=\"alignnone size-medium wp-image-602\" src=\"http:\/\/www.pep06.fr\/matisse\/wp-content\/uploads\/sites\/4\/2015\/06\/IMG_0224-300x224.jpg\" alt=\"IMG_0224\" width=\"300\" height=\"224\" srcset=\"https:\/\/www.pep06.fr\/matisse\/wp-content\/uploads\/sites\/4\/2015\/06\/IMG_0224-300x224.jpg 300w, https:\/\/www.pep06.fr\/matisse\/wp-content\/uploads\/sites\/4\/2015\/06\/IMG_0224-1024x765.jpg 1024w\" sizes=\"auto, (max-width: 300px) 100vw, 300px\" \/><\/a><\/p>\n<p>C&rsquo;est le jour du d\u00e9part. Sur une aire d&rsquo;autoroute,on a fait une petite pause. Quand on est arriv\u00e9 au Moulin d&rsquo; Espagne, il pleuvait tr\u00e8s fort. Nous nous sommes abrit\u00e9s dans une yourte.<\/p>\n<p><a href=\"http:\/\/www.pep06.fr\/matisse\/wp-content\/uploads\/sites\/4\/2015\/06\/IMG_0225.jpg\"><img loading=\"lazy\" decoding=\"async\" data-attachment-id=\"603\" data-permalink=\"https:\/\/www.pep06.fr\/matisse\/2015\/06\/16\/sejour-au-moulin-despagne\/img_0225\/#main\" data-orig-file=\"https:\/\/www.pep06.fr\/matisse\/wp-content\/uploads\/sites\/4\/2015\/06\/IMG_0225.jpg\" data-orig-size=\"2592,1936\" data-comments-opened=\"1\" data-image-meta=\"{&quot;aperture&quot;:&quot;2.8&quot;,&quot;credit&quot;:&quot;&quot;,&quot;camera&quot;:&quot;iPhone 4&quot;,&quot;caption&quot;:&quot;&quot;,&quot;created_timestamp&quot;:&quot;1433777128&quot;,&quot;copyright&quot;:&quot;&quot;,&quot;focal_length&quot;:&quot;3.85&quot;,&quot;iso&quot;:&quot;400&quot;,&quot;shutter_speed&quot;:&quot;0.066666666666667&quot;,&quot;title&quot;:&quot;&quot;,&quot;orientation&quot;:&quot;1&quot;}\" data-image-title=\"IMG_0225\" data-image-description=\"\" data-image-caption=\"\" data-large-file=\"https:\/\/www.pep06.fr\/matisse\/wp-content\/uploads\/sites\/4\/2015\/06\/IMG_0225-1024x765.jpg\" class=\"alignnone size-medium wp-image-603\" src=\"http:\/\/www.pep06.fr\/matisse\/wp-content\/uploads\/sites\/4\/2015\/06\/IMG_0225-300x224.jpg\" alt=\"IMG_0225\" width=\"300\" height=\"224\" srcset=\"https:\/\/www.pep06.fr\/matisse\/wp-content\/uploads\/sites\/4\/2015\/06\/IMG_0225-300x224.jpg 300w, https:\/\/www.pep06.fr\/matisse\/wp-content\/uploads\/sites\/4\/2015\/06\/IMG_0225-1024x765.jpg 1024w\" sizes=\"auto, (max-width: 300px) 100vw, 300px\" \/><\/a><\/p>\n<p>Comme du mauvais temps \u00e9tait pr\u00e9vu, nous nous sommes install\u00e9s dans un g\u00eete. Le soir, nous avons mang\u00e9 sous une grande tente.<\/p>\n<p>Mardi 9 juin <a href=\"http:\/\/www.pep06.fr\/matisse\/wp-content\/uploads\/sites\/4\/2015\/06\/IMG_0238.jpg\"><img loading=\"lazy\" decoding=\"async\" data-attachment-id=\"607\" data-permalink=\"https:\/\/www.pep06.fr\/matisse\/2015\/06\/16\/sejour-au-moulin-despagne\/img_0238\/#main\" data-orig-file=\"https:\/\/www.pep06.fr\/matisse\/wp-content\/uploads\/sites\/4\/2015\/06\/IMG_0238.jpg\" data-orig-size=\"2592,1936\" data-comments-opened=\"1\" data-image-meta=\"{&quot;aperture&quot;:&quot;2.8&quot;,&quot;credit&quot;:&quot;&quot;,&quot;camera&quot;:&quot;iPhone 4&quot;,&quot;caption&quot;:&quot;&quot;,&quot;created_timestamp&quot;:&quot;1433845033&quot;,&quot;copyright&quot;:&quot;&quot;,&quot;focal_length&quot;:&quot;3.85&quot;,&quot;iso&quot;:&quot;80&quot;,&quot;shutter_speed&quot;:&quot;0.0032467532467532&quot;,&quot;title&quot;:&quot;&quot;,&quot;orientation&quot;:&quot;1&quot;}\" data-image-title=\"IMG_0238\" data-image-description=\"\" data-image-caption=\"\" data-large-file=\"https:\/\/www.pep06.fr\/matisse\/wp-content\/uploads\/sites\/4\/2015\/06\/IMG_0238-1024x765.jpg\" class=\"alignnone size-medium wp-image-607\" src=\"http:\/\/www.pep06.fr\/matisse\/wp-content\/uploads\/sites\/4\/2015\/06\/IMG_0238-300x224.jpg\" alt=\"IMG_0238\" width=\"300\" height=\"224\" srcset=\"https:\/\/www.pep06.fr\/matisse\/wp-content\/uploads\/sites\/4\/2015\/06\/IMG_0238-300x224.jpg 300w, https:\/\/www.pep06.fr\/matisse\/wp-content\/uploads\/sites\/4\/2015\/06\/IMG_0238-1024x765.jpg 1024w\" sizes=\"auto, (max-width: 300px) 100vw, 300px\" \/><\/a><\/p>\n<p>Nous avons particip\u00e9 \u00e0 un atelier photographie. On a joue 3 r\u00f4les ; photographe, photographe-assistant\u00a0et mod\u00e8le. On a appris \u00e0 cadrer et exposer nos sujets \u00e0 la lumi\u00e8re\u00a0 avec des r\u00e9flecteurs. Nous nous sommes d\u00e9guis\u00e9s pour poser . <a href=\"http:\/\/www.pep06.fr\/matisse\/wp-content\/uploads\/sites\/4\/2015\/06\/IMG_0268.jpg\"><img loading=\"lazy\" decoding=\"async\" data-attachment-id=\"608\" data-permalink=\"https:\/\/www.pep06.fr\/matisse\/2015\/06\/16\/sejour-au-moulin-despagne\/img_0268\/#main\" data-orig-file=\"https:\/\/www.pep06.fr\/matisse\/wp-content\/uploads\/sites\/4\/2015\/06\/IMG_0268.jpg\" data-orig-size=\"2592,1936\" data-comments-opened=\"1\" data-image-meta=\"{&quot;aperture&quot;:&quot;2.8&quot;,&quot;credit&quot;:&quot;&quot;,&quot;camera&quot;:&quot;iPhone 4&quot;,&quot;caption&quot;:&quot;&quot;,&quot;created_timestamp&quot;:&quot;1433859578&quot;,&quot;copyright&quot;:&quot;&quot;,&quot;focal_length&quot;:&quot;3.85&quot;,&quot;iso&quot;:&quot;80&quot;,&quot;shutter_speed&quot;:&quot;0.0024875621890547&quot;,&quot;title&quot;:&quot;&quot;,&quot;orientation&quot;:&quot;1&quot;}\" data-image-title=\"IMG_0268\" data-image-description=\"\" data-image-caption=\"\" data-large-file=\"https:\/\/www.pep06.fr\/matisse\/wp-content\/uploads\/sites\/4\/2015\/06\/IMG_0268-1024x765.jpg\" class=\"alignnone size-medium wp-image-608\" src=\"http:\/\/www.pep06.fr\/matisse\/wp-content\/uploads\/sites\/4\/2015\/06\/IMG_0268-300x224.jpg\" alt=\"IMG_0268\" width=\"300\" height=\"224\" srcset=\"https:\/\/www.pep06.fr\/matisse\/wp-content\/uploads\/sites\/4\/2015\/06\/IMG_0268-300x224.jpg 300w, https:\/\/www.pep06.fr\/matisse\/wp-content\/uploads\/sites\/4\/2015\/06\/IMG_0268-1024x765.jpg 1024w\" sizes=\"auto, (max-width: 300px) 100vw, 300px\" \/><\/a><\/p>\n<p>Le m\u00eame jour, nous avons nourri les animaux (du foin pour les ch\u00e8vres, des graines pour les poules et\u00a0 les cochongliers (croisement entre un sanglier et un cochon).<\/p>\n<p>Voici notre g\u00eete.<\/p>\n<p><a href=\"http:\/\/www.pep06.fr\/matisse\/wp-content\/uploads\/sites\/4\/2015\/06\/IMG_0303.jpg\"><img loading=\"lazy\" decoding=\"async\" data-attachment-id=\"609\" data-permalink=\"https:\/\/www.pep06.fr\/matisse\/2015\/06\/16\/sejour-au-moulin-despagne\/img_0303\/#main\" data-orig-file=\"https:\/\/www.pep06.fr\/matisse\/wp-content\/uploads\/sites\/4\/2015\/06\/IMG_0303.jpg\" data-orig-size=\"2592,1936\" data-comments-opened=\"1\" data-image-meta=\"{&quot;aperture&quot;:&quot;2.8&quot;,&quot;credit&quot;:&quot;&quot;,&quot;camera&quot;:&quot;iPhone 4&quot;,&quot;caption&quot;:&quot;&quot;,&quot;created_timestamp&quot;:&quot;1433926014&quot;,&quot;copyright&quot;:&quot;&quot;,&quot;focal_length&quot;:&quot;3.85&quot;,&quot;iso&quot;:&quot;1000&quot;,&quot;shutter_speed&quot;:&quot;0.066666666666667&quot;,&quot;title&quot;:&quot;&quot;,&quot;orientation&quot;:&quot;1&quot;}\" data-image-title=\"IMG_0303\" data-image-description=\"\" data-image-caption=\"\" data-large-file=\"https:\/\/www.pep06.fr\/matisse\/wp-content\/uploads\/sites\/4\/2015\/06\/IMG_0303-1024x765.jpg\" class=\"alignnone size-medium wp-image-609\" src=\"http:\/\/www.pep06.fr\/matisse\/wp-content\/uploads\/sites\/4\/2015\/06\/IMG_0303-300x224.jpg\" alt=\"IMG_0303\" width=\"300\" height=\"224\" srcset=\"https:\/\/www.pep06.fr\/matisse\/wp-content\/uploads\/sites\/4\/2015\/06\/IMG_0303-300x224.jpg 300w, https:\/\/www.pep06.fr\/matisse\/wp-content\/uploads\/sites\/4\/2015\/06\/IMG_0303-1024x765.jpg 1024w\" sizes=\"auto, (max-width: 300px) 100vw, 300px\" \/><\/a><\/p>\n<p>Mercredi 10 juin<\/p>\n<p><a href=\"http:\/\/blogs.pep06.fr\/matisse\/wp-content\/uploads\/2015\/06\/IMG_0306.jpg\">\u00a0<\/a><\/p>\n<p>Le matin, nous sommes all\u00e9s voir d&rsquo;autres animaux. Nous avons travers\u00e9 des champs de bl\u00e9, de ma\u00efs et de petits pois.<\/p>\n<p><a href=\"http:\/\/www.pep06.fr\/matisse\/wp-content\/uploads\/sites\/4\/2015\/06\/IMG_0318.jpg\"><img loading=\"lazy\" decoding=\"async\" data-attachment-id=\"618\" data-permalink=\"https:\/\/www.pep06.fr\/matisse\/2015\/06\/16\/sejour-au-moulin-despagne\/img_0318\/#main\" data-orig-file=\"https:\/\/www.pep06.fr\/matisse\/wp-content\/uploads\/sites\/4\/2015\/06\/IMG_0318.jpg\" data-orig-size=\"2592,1936\" data-comments-opened=\"1\" data-image-meta=\"{&quot;aperture&quot;:&quot;2.8&quot;,&quot;credit&quot;:&quot;&quot;,&quot;camera&quot;:&quot;iPhone 4&quot;,&quot;caption&quot;:&quot;&quot;,&quot;created_timestamp&quot;:&quot;1433932438&quot;,&quot;copyright&quot;:&quot;&quot;,&quot;focal_length&quot;:&quot;3.85&quot;,&quot;iso&quot;:&quot;80&quot;,&quot;shutter_speed&quot;:&quot;0.0050761421319797&quot;,&quot;title&quot;:&quot;&quot;,&quot;orientation&quot;:&quot;1&quot;}\" data-image-title=\"IMG_0318\" data-image-description=\"\" data-image-caption=\"\" data-large-file=\"https:\/\/www.pep06.fr\/matisse\/wp-content\/uploads\/sites\/4\/2015\/06\/IMG_0318-1024x765.jpg\" class=\"alignnone size-medium wp-image-618\" src=\"http:\/\/www.pep06.fr\/matisse\/wp-content\/uploads\/sites\/4\/2015\/06\/IMG_0318-300x224.jpg\" alt=\"IMG_0318\" width=\"300\" height=\"224\" srcset=\"https:\/\/www.pep06.fr\/matisse\/wp-content\/uploads\/sites\/4\/2015\/06\/IMG_0318-300x224.jpg 300w, https:\/\/www.pep06.fr\/matisse\/wp-content\/uploads\/sites\/4\/2015\/06\/IMG_0318-1024x765.jpg 1024w\" sizes=\"auto, (max-width: 300px) 100vw, 300px\" \/><\/a><a href=\"http:\/\/www.pep06.fr\/matisse\/wp-content\/uploads\/sites\/4\/2015\/06\/IMG_0324.jpg\"><img loading=\"lazy\" decoding=\"async\" data-attachment-id=\"619\" data-permalink=\"https:\/\/www.pep06.fr\/matisse\/2015\/06\/16\/sejour-au-moulin-despagne\/img_0324\/#main\" data-orig-file=\"https:\/\/www.pep06.fr\/matisse\/wp-content\/uploads\/sites\/4\/2015\/06\/IMG_0324.jpg\" data-orig-size=\"2592,1936\" data-comments-opened=\"1\" data-image-meta=\"{&quot;aperture&quot;:&quot;2.8&quot;,&quot;credit&quot;:&quot;&quot;,&quot;camera&quot;:&quot;iPhone 4&quot;,&quot;caption&quot;:&quot;&quot;,&quot;created_timestamp&quot;:&quot;1433933382&quot;,&quot;copyright&quot;:&quot;&quot;,&quot;focal_length&quot;:&quot;3.85&quot;,&quot;iso&quot;:&quot;80&quot;,&quot;shutter_speed&quot;:&quot;0.0029850746268657&quot;,&quot;title&quot;:&quot;&quot;,&quot;orientation&quot;:&quot;1&quot;}\" data-image-title=\"IMG_0324\" data-image-description=\"\" data-image-caption=\"\" data-large-file=\"https:\/\/www.pep06.fr\/matisse\/wp-content\/uploads\/sites\/4\/2015\/06\/IMG_0324-1024x765.jpg\" class=\"alignnone size-medium wp-image-619\" src=\"http:\/\/www.pep06.fr\/matisse\/wp-content\/uploads\/sites\/4\/2015\/06\/IMG_0324-300x224.jpg\" alt=\"IMG_0324\" width=\"300\" height=\"224\" srcset=\"https:\/\/www.pep06.fr\/matisse\/wp-content\/uploads\/sites\/4\/2015\/06\/IMG_0324-300x224.jpg 300w, https:\/\/www.pep06.fr\/matisse\/wp-content\/uploads\/sites\/4\/2015\/06\/IMG_0324-1024x765.jpg 1024w\" sizes=\"auto, (max-width: 300px) 100vw, 300px\" \/><\/a><\/p>\n<p>On a vu des moutons de Moldavie, des chevaux, des \u00e2nes, des mulets &#8230;et un gros yack\u00a0qui s&rsquo;appelait Bator. Puis, nous sommes rentr\u00e9s\u00a0par la bergerie. Apr\u00e8s une bonne sieste au soleil, nous avons fabriqu\u00e9 du pain avec Natacha. Nous l&rsquo;avons mang\u00e9 le soir. Jeudi 11 juin<\/p>\n<p>Nous sommes partis \u00e0 Manosque tout la journ\u00e9e. nous \u00e9tions au bord du lac des Vannades \u00a0situe\u00a0\u00e0\u00a0 l&rsquo; entre de la ville. Nous avons mang\u00e9 au restaurant.Au menu il y avait :steak-hach\u00e9 frites, nuggets\u00a0 frites et en dessert glaces. Au programme de l&rsquo;apr\u00e8s-midi:\u00a0p\u00e9tanque ,pieds dans l&rsquo;eau et repos.Ensuite , nous nous sommes balad\u00e9s dans le vieux Manosque .Nous avons achet\u00e9 des souvenirs\u00a0 et bu un verre.<\/p>\n<p>Vendredi 12 juin<\/p>\n<p>Le matin, on a fait les bagages, on a \u00e9crit des cartes postales et on a rempli le livre d&rsquo;or. Ensuite, on a mang\u00e9 et on est parti. On a bien aim\u00e9 ce s\u00e9jour car on a d\u00e9couvert plein d&rsquo;activit\u00e9s.<\/p>\n","protected":false},"excerpt":{"rendered":"<p>Lundi 8 juin C&rsquo;est le jour du d\u00e9part. Sur une aire d&rsquo;autoroute,on a fait une petite pause. Quand on est arriv\u00e9 au Moulin d&rsquo; Espagne, il pleuvait tr\u00e8s fort. Nous nous sommes abrit\u00e9s dans une yourte. Comme du mauvais temps \u00e9tait pr\u00e9vu, nous nous sommes install\u00e9s dans un g\u00eete. Le soir, nous avons mang\u00e9 sous&#8230;<\/p>\n<p><a href=\"https:\/\/www.pep06.fr\/matisse\/2015\/06\/16\/sejour-au-moulin-despagne\/\"><span class=\"glyphicon glyphicon-arrow-right\"><\/span>&nbsp;Poursuivre la lecture<\/a><\/p>","protected":false},"author":6,"featured_media":0,"comment_status":"open","ping_status":"open","sticky":false,"template":"","format":"standard","meta":{"_uf_show_specific_survey":0,"_uf_disable_surveys":false,"jetpack_post_was_ever_published":false,"_jetpack_newsletter_access":"","_jetpack_dont_email_post_to_subs":false,"_jetpack_newsletter_tier_id":0,"_jetpack_memberships_contains_paywalled_content":false,"_jetpack_memberships_contains_paid_content":false,"footnotes":"","jetpack_publicize_message":"","jetpack_publicize_feature_enabled":true,"jetpack_social_post_already_shared":true,"jetpack_social_options":{"image_generator_settings":{"template":"highway","default_image_id":0,"font":"","enabled":false},"version":2}},"categories":[4],"tags":[],"class_list":["post-601","post","type-post","status-publish","format-standard","hentry","category-decouvertes-et-creations"],"yoast_head":"<!-- This site is optimized with the Yoast SEO plugin v27.5 - https:\/\/yoast.com\/product\/yoast-seo-wordpress\/ -->\n<title>S\u00e9jour au Moulin d&#039;Espagne - IME Henri Matisse<\/title>\n<meta name=\"description\" content=\"L\u2019Institut M\u00e9dico-Educatif Henri Matisse PEP06 accueille des jeunes de 3 \u00e0 20 ans pr\u00e9sentant une d\u00e9ficience mentale l\u00e9g\u00e8re avec ou sans troubles du psychisme.\" \/>\n<meta name=\"robots\" content=\"index, follow, max-snippet:-1, max-image-preview:large, max-video-preview:-1\" \/>\n<link rel=\"canonical\" href=\"https:\/\/www.pep06.fr\/matisse\/2015\/06\/16\/sejour-au-moulin-despagne\/\" \/>\n<meta property=\"og:locale\" content=\"fr_FR\" \/>\n<meta property=\"og:type\" content=\"article\" \/>\n<meta property=\"og:title\" content=\"S\u00e9jour au Moulin d&#039;Espagne - IME Henri Matisse\" \/>\n<meta property=\"og:description\" content=\"L\u2019Institut M\u00e9dico-Educatif Henri Matisse PEP06 accueille des jeunes de 3 \u00e0 20 ans pr\u00e9sentant une d\u00e9ficience mentale l\u00e9g\u00e8re avec ou sans troubles du psychisme.\" \/>\n<meta property=\"og:url\" content=\"https:\/\/www.pep06.fr\/matisse\/2015\/06\/16\/sejour-au-moulin-despagne\/\" \/>\n<meta property=\"og:site_name\" content=\"IME Henri Matisse\" \/>\n<meta property=\"article:publisher\" content=\"https:\/\/www.facebook.com\/ADPEP06\" \/>\n<meta property=\"article:published_time\" content=\"2015-06-16T09:44:20+00:00\" \/>\n<meta property=\"article:modified_time\" content=\"2015-11-27T12:18:09+00:00\" \/>\n<meta property=\"og:image\" content=\"http:\/\/www.pep06.fr\/matisse\/wp-content\/uploads\/sites\/4\/2015\/06\/IMG_0224-300x224.jpg\" \/>\n<meta name=\"author\" content=\"Patrick MADONNA\" \/>\n<meta name=\"twitter:card\" content=\"summary_large_image\" \/>\n<meta name=\"twitter:label1\" content=\"\u00c9crit par\" \/>\n\t<meta name=\"twitter:data1\" content=\"Patrick MADONNA\" \/>\n\t<meta name=\"twitter:label2\" content=\"Dur\u00e9e de lecture estim\u00e9e\" \/>\n\t<meta name=\"twitter:data2\" content=\"2 minutes\" \/>\n<script type=\"application\/ld+json\" class=\"yoast-schema-graph\">{\"@context\":\"https:\\\/\\\/schema.org\",\"@graph\":[{\"@type\":\"Article\",\"@id\":\"https:\\\/\\\/www.pep06.fr\\\/matisse\\\/2015\\\/06\\\/16\\\/sejour-au-moulin-despagne\\\/#article\",\"isPartOf\":{\"@id\":\"https:\\\/\\\/www.pep06.fr\\\/matisse\\\/2015\\\/06\\\/16\\\/sejour-au-moulin-despagne\\\/\"},\"author\":{\"name\":\"Patrick MADONNA\",\"@id\":\"https:\\\/\\\/www.pep06.fr\\\/matisse\\\/#\\\/schema\\\/person\\\/68339d23e9b346630537e333d3725294\"},\"headline\":\"S\u00e9jour au Moulin d&rsquo;Espagne\",\"datePublished\":\"2015-06-16T09:44:20+00:00\",\"dateModified\":\"2015-11-27T12:18:09+00:00\",\"mainEntityOfPage\":{\"@id\":\"https:\\\/\\\/www.pep06.fr\\\/matisse\\\/2015\\\/06\\\/16\\\/sejour-au-moulin-despagne\\\/\"},\"wordCount\":344,\"commentCount\":0,\"publisher\":{\"@id\":\"https:\\\/\\\/www.pep06.fr\\\/matisse\\\/#organization\"},\"image\":{\"@id\":\"https:\\\/\\\/www.pep06.fr\\\/matisse\\\/2015\\\/06\\\/16\\\/sejour-au-moulin-despagne\\\/#primaryimage\"},\"thumbnailUrl\":\"http:\\\/\\\/www.pep06.fr\\\/matisse\\\/wp-content\\\/uploads\\\/sites\\\/4\\\/2015\\\/06\\\/IMG_0224-300x224.jpg\",\"articleSection\":[\"D\u00e9couvertes et cr\u00e9ations\"],\"inLanguage\":\"fr-FR\",\"potentialAction\":[{\"@type\":\"CommentAction\",\"name\":\"Comment\",\"target\":[\"https:\\\/\\\/www.pep06.fr\\\/matisse\\\/2015\\\/06\\\/16\\\/sejour-au-moulin-despagne\\\/#respond\"]}]},{\"@type\":\"WebPage\",\"@id\":\"https:\\\/\\\/www.pep06.fr\\\/matisse\\\/2015\\\/06\\\/16\\\/sejour-au-moulin-despagne\\\/\",\"url\":\"https:\\\/\\\/www.pep06.fr\\\/matisse\\\/2015\\\/06\\\/16\\\/sejour-au-moulin-despagne\\\/\",\"name\":\"S\u00e9jour au Moulin d'Espagne - IME Henri Matisse\",\"isPartOf\":{\"@id\":\"https:\\\/\\\/www.pep06.fr\\\/matisse\\\/#website\"},\"primaryImageOfPage\":{\"@id\":\"https:\\\/\\\/www.pep06.fr\\\/matisse\\\/2015\\\/06\\\/16\\\/sejour-au-moulin-despagne\\\/#primaryimage\"},\"image\":{\"@id\":\"https:\\\/\\\/www.pep06.fr\\\/matisse\\\/2015\\\/06\\\/16\\\/sejour-au-moulin-despagne\\\/#primaryimage\"},\"thumbnailUrl\":\"http:\\\/\\\/www.pep06.fr\\\/matisse\\\/wp-content\\\/uploads\\\/sites\\\/4\\\/2015\\\/06\\\/IMG_0224-300x224.jpg\",\"datePublished\":\"2015-06-16T09:44:20+00:00\",\"dateModified\":\"2015-11-27T12:18:09+00:00\",\"description\":\"L\u2019Institut M\u00e9dico-Educatif Henri Matisse PEP06 accueille des jeunes de 3 \u00e0 20 ans pr\u00e9sentant une d\u00e9ficience mentale l\u00e9g\u00e8re avec ou sans troubles du psychisme.\",\"breadcrumb\":{\"@id\":\"https:\\\/\\\/www.pep06.fr\\\/matisse\\\/2015\\\/06\\\/16\\\/sejour-au-moulin-despagne\\\/#breadcrumb\"},\"inLanguage\":\"fr-FR\",\"potentialAction\":[{\"@type\":\"ReadAction\",\"target\":[\"https:\\\/\\\/www.pep06.fr\\\/matisse\\\/2015\\\/06\\\/16\\\/sejour-au-moulin-despagne\\\/\"]}]},{\"@type\":\"ImageObject\",\"inLanguage\":\"fr-FR\",\"@id\":\"https:\\\/\\\/www.pep06.fr\\\/matisse\\\/2015\\\/06\\\/16\\\/sejour-au-moulin-despagne\\\/#primaryimage\",\"url\":\"https:\\\/\\\/www.pep06.fr\\\/matisse\\\/wp-content\\\/uploads\\\/sites\\\/4\\\/2015\\\/06\\\/IMG_0224.jpg\",\"contentUrl\":\"https:\\\/\\\/www.pep06.fr\\\/matisse\\\/wp-content\\\/uploads\\\/sites\\\/4\\\/2015\\\/06\\\/IMG_0224.jpg\",\"width\":2592,\"height\":1936},{\"@type\":\"BreadcrumbList\",\"@id\":\"https:\\\/\\\/www.pep06.fr\\\/matisse\\\/2015\\\/06\\\/16\\\/sejour-au-moulin-despagne\\\/#breadcrumb\",\"itemListElement\":[{\"@type\":\"ListItem\",\"position\":1,\"name\":\"Accueil\",\"item\":\"https:\\\/\\\/www.pep06.fr\\\/matisse\\\/\"},{\"@type\":\"ListItem\",\"position\":2,\"name\":\"S\u00e9jour au Moulin d&rsquo;Espagne\"}]},{\"@type\":\"WebSite\",\"@id\":\"https:\\\/\\\/www.pep06.fr\\\/matisse\\\/#website\",\"url\":\"https:\\\/\\\/www.pep06.fr\\\/matisse\\\/\",\"name\":\"IME Henri Matisse\",\"description\":\"Le site de l&#039;IME Henri Matisse des PEP 06\",\"publisher\":{\"@id\":\"https:\\\/\\\/www.pep06.fr\\\/matisse\\\/#organization\"},\"potentialAction\":[{\"@type\":\"SearchAction\",\"target\":{\"@type\":\"EntryPoint\",\"urlTemplate\":\"https:\\\/\\\/www.pep06.fr\\\/matisse\\\/?s={search_term_string}\"},\"query-input\":{\"@type\":\"PropertyValueSpecification\",\"valueRequired\":true,\"valueName\":\"search_term_string\"}}],\"inLanguage\":\"fr-FR\"},{\"@type\":\"Organization\",\"@id\":\"https:\\\/\\\/www.pep06.fr\\\/matisse\\\/#organization\",\"name\":\"PEP 06\",\"url\":\"https:\\\/\\\/www.pep06.fr\\\/matisse\\\/\",\"logo\":{\"@type\":\"ImageObject\",\"inLanguage\":\"fr-FR\",\"@id\":\"https:\\\/\\\/www.pep06.fr\\\/matisse\\\/#\\\/schema\\\/logo\\\/image\\\/\",\"url\":\"https:\\\/\\\/www.pep06.fr\\\/matisse\\\/wp-content\\\/uploads\\\/sites\\\/4\\\/2015\\\/11\\\/Logo-PEP06.png\",\"contentUrl\":\"https:\\\/\\\/www.pep06.fr\\\/matisse\\\/wp-content\\\/uploads\\\/sites\\\/4\\\/2015\\\/11\\\/Logo-PEP06.png\",\"width\":915,\"height\":915,\"caption\":\"PEP 06\"},\"image\":{\"@id\":\"https:\\\/\\\/www.pep06.fr\\\/matisse\\\/#\\\/schema\\\/logo\\\/image\\\/\"},\"sameAs\":[\"https:\\\/\\\/www.facebook.com\\\/ADPEP06\"]},{\"@type\":\"Person\",\"@id\":\"https:\\\/\\\/www.pep06.fr\\\/matisse\\\/#\\\/schema\\\/person\\\/68339d23e9b346630537e333d3725294\",\"name\":\"Patrick MADONNA\",\"image\":{\"@type\":\"ImageObject\",\"inLanguage\":\"fr-FR\",\"@id\":\"https:\\\/\\\/secure.gravatar.com\\\/avatar\\\/9f564e16b8ccfd3ded3245fe6e68dc1bd8c751bb9d1f1333c6fcc6d2d4c08dbb?s=96&d=mm&r=g\",\"url\":\"https:\\\/\\\/secure.gravatar.com\\\/avatar\\\/9f564e16b8ccfd3ded3245fe6e68dc1bd8c751bb9d1f1333c6fcc6d2d4c08dbb?s=96&d=mm&r=g\",\"contentUrl\":\"https:\\\/\\\/secure.gravatar.com\\\/avatar\\\/9f564e16b8ccfd3ded3245fe6e68dc1bd8c751bb9d1f1333c6fcc6d2d4c08dbb?s=96&d=mm&r=g\",\"caption\":\"Patrick MADONNA\"},\"url\":\"https:\\\/\\\/www.pep06.fr\\\/matisse\\\/author\\\/madonnap\\\/\"}]}<\/script>\n<!-- \/ Yoast SEO plugin. -->","yoast_head_json":{"title":"S\u00e9jour au Moulin d'Espagne - IME Henri Matisse","description":"L\u2019Institut M\u00e9dico-Educatif Henri Matisse PEP06 accueille des jeunes de 3 \u00e0 20 ans pr\u00e9sentant une d\u00e9ficience mentale l\u00e9g\u00e8re avec ou sans troubles du psychisme.","robots":{"index":"index","follow":"follow","max-snippet":"max-snippet:-1","max-image-preview":"max-image-preview:large","max-video-preview":"max-video-preview:-1"},"canonical":"https:\/\/www.pep06.fr\/matisse\/2015\/06\/16\/sejour-au-moulin-despagne\/","og_locale":"fr_FR","og_type":"article","og_title":"S\u00e9jour au Moulin d'Espagne - IME Henri Matisse","og_description":"L\u2019Institut M\u00e9dico-Educatif Henri Matisse PEP06 accueille des jeunes de 3 \u00e0 20 ans pr\u00e9sentant une d\u00e9ficience mentale l\u00e9g\u00e8re avec ou sans troubles du psychisme.","og_url":"https:\/\/www.pep06.fr\/matisse\/2015\/06\/16\/sejour-au-moulin-despagne\/","og_site_name":"IME Henri Matisse","article_publisher":"https:\/\/www.facebook.com\/ADPEP06","article_published_time":"2015-06-16T09:44:20+00:00","article_modified_time":"2015-11-27T12:18:09+00:00","og_image":[{"url":"http:\/\/www.pep06.fr\/matisse\/wp-content\/uploads\/sites\/4\/2015\/06\/IMG_0224-300x224.jpg","type":"","width":"","height":""}],"author":"Patrick MADONNA","twitter_card":"summary_large_image","twitter_misc":{"\u00c9crit par":"Patrick MADONNA","Dur\u00e9e de lecture estim\u00e9e":"2 minutes"},"schema":{"@context":"https:\/\/schema.org","@graph":[{"@type":"Article","@id":"https:\/\/www.pep06.fr\/matisse\/2015\/06\/16\/sejour-au-moulin-despagne\/#article","isPartOf":{"@id":"https:\/\/www.pep06.fr\/matisse\/2015\/06\/16\/sejour-au-moulin-despagne\/"},"author":{"name":"Patrick MADONNA","@id":"https:\/\/www.pep06.fr\/matisse\/#\/schema\/person\/68339d23e9b346630537e333d3725294"},"headline":"S\u00e9jour au Moulin d&rsquo;Espagne","datePublished":"2015-06-16T09:44:20+00:00","dateModified":"2015-11-27T12:18:09+00:00","mainEntityOfPage":{"@id":"https:\/\/www.pep06.fr\/matisse\/2015\/06\/16\/sejour-au-moulin-despagne\/"},"wordCount":344,"commentCount":0,"publisher":{"@id":"https:\/\/www.pep06.fr\/matisse\/#organization"},"image":{"@id":"https:\/\/www.pep06.fr\/matisse\/2015\/06\/16\/sejour-au-moulin-despagne\/#primaryimage"},"thumbnailUrl":"http:\/\/www.pep06.fr\/matisse\/wp-content\/uploads\/sites\/4\/2015\/06\/IMG_0224-300x224.jpg","articleSection":["D\u00e9couvertes et cr\u00e9ations"],"inLanguage":"fr-FR","potentialAction":[{"@type":"CommentAction","name":"Comment","target":["https:\/\/www.pep06.fr\/matisse\/2015\/06\/16\/sejour-au-moulin-despagne\/#respond"]}]},{"@type":"WebPage","@id":"https:\/\/www.pep06.fr\/matisse\/2015\/06\/16\/sejour-au-moulin-despagne\/","url":"https:\/\/www.pep06.fr\/matisse\/2015\/06\/16\/sejour-au-moulin-despagne\/","name":"S\u00e9jour au Moulin d'Espagne - IME Henri Matisse","isPartOf":{"@id":"https:\/\/www.pep06.fr\/matisse\/#website"},"primaryImageOfPage":{"@id":"https:\/\/www.pep06.fr\/matisse\/2015\/06\/16\/sejour-au-moulin-despagne\/#primaryimage"},"image":{"@id":"https:\/\/www.pep06.fr\/matisse\/2015\/06\/16\/sejour-au-moulin-despagne\/#primaryimage"},"thumbnailUrl":"http:\/\/www.pep06.fr\/matisse\/wp-content\/uploads\/sites\/4\/2015\/06\/IMG_0224-300x224.jpg","datePublished":"2015-06-16T09:44:20+00:00","dateModified":"2015-11-27T12:18:09+00:00","description":"L\u2019Institut M\u00e9dico-Educatif Henri Matisse PEP06 accueille des jeunes de 3 \u00e0 20 ans pr\u00e9sentant une d\u00e9ficience mentale l\u00e9g\u00e8re avec ou sans troubles du psychisme.","breadcrumb":{"@id":"https:\/\/www.pep06.fr\/matisse\/2015\/06\/16\/sejour-au-moulin-despagne\/#breadcrumb"},"inLanguage":"fr-FR","potentialAction":[{"@type":"ReadAction","target":["https:\/\/www.pep06.fr\/matisse\/2015\/06\/16\/sejour-au-moulin-despagne\/"]}]},{"@type":"ImageObject","inLanguage":"fr-FR","@id":"https:\/\/www.pep06.fr\/matisse\/2015\/06\/16\/sejour-au-moulin-despagne\/#primaryimage","url":"https:\/\/www.pep06.fr\/matisse\/wp-content\/uploads\/sites\/4\/2015\/06\/IMG_0224.jpg","contentUrl":"https:\/\/www.pep06.fr\/matisse\/wp-content\/uploads\/sites\/4\/2015\/06\/IMG_0224.jpg","width":2592,"height":1936},{"@type":"BreadcrumbList","@id":"https:\/\/www.pep06.fr\/matisse\/2015\/06\/16\/sejour-au-moulin-despagne\/#breadcrumb","itemListElement":[{"@type":"ListItem","position":1,"name":"Accueil","item":"https:\/\/www.pep06.fr\/matisse\/"},{"@type":"ListItem","position":2,"name":"S\u00e9jour au Moulin d&rsquo;Espagne"}]},{"@type":"WebSite","@id":"https:\/\/www.pep06.fr\/matisse\/#website","url":"https:\/\/www.pep06.fr\/matisse\/","name":"IME Henri Matisse","description":"Le site de l&#039;IME Henri Matisse des PEP 06","publisher":{"@id":"https:\/\/www.pep06.fr\/matisse\/#organization"},"potentialAction":[{"@type":"SearchAction","target":{"@type":"EntryPoint","urlTemplate":"https:\/\/www.pep06.fr\/matisse\/?s={search_term_string}"},"query-input":{"@type":"PropertyValueSpecification","valueRequired":true,"valueName":"search_term_string"}}],"inLanguage":"fr-FR"},{"@type":"Organization","@id":"https:\/\/www.pep06.fr\/matisse\/#organization","name":"PEP 06","url":"https:\/\/www.pep06.fr\/matisse\/","logo":{"@type":"ImageObject","inLanguage":"fr-FR","@id":"https:\/\/www.pep06.fr\/matisse\/#\/schema\/logo\/image\/","url":"https:\/\/www.pep06.fr\/matisse\/wp-content\/uploads\/sites\/4\/2015\/11\/Logo-PEP06.png","contentUrl":"https:\/\/www.pep06.fr\/matisse\/wp-content\/uploads\/sites\/4\/2015\/11\/Logo-PEP06.png","width":915,"height":915,"caption":"PEP 06"},"image":{"@id":"https:\/\/www.pep06.fr\/matisse\/#\/schema\/logo\/image\/"},"sameAs":["https:\/\/www.facebook.com\/ADPEP06"]},{"@type":"Person","@id":"https:\/\/www.pep06.fr\/matisse\/#\/schema\/person\/68339d23e9b346630537e333d3725294","name":"Patrick MADONNA","image":{"@type":"ImageObject","inLanguage":"fr-FR","@id":"https:\/\/secure.gravatar.com\/avatar\/9f564e16b8ccfd3ded3245fe6e68dc1bd8c751bb9d1f1333c6fcc6d2d4c08dbb?s=96&d=mm&r=g","url":"https:\/\/secure.gravatar.com\/avatar\/9f564e16b8ccfd3ded3245fe6e68dc1bd8c751bb9d1f1333c6fcc6d2d4c08dbb?s=96&d=mm&r=g","contentUrl":"https:\/\/secure.gravatar.com\/avatar\/9f564e16b8ccfd3ded3245fe6e68dc1bd8c751bb9d1f1333c6fcc6d2d4c08dbb?s=96&d=mm&r=g","caption":"Patrick MADONNA"},"url":"https:\/\/www.pep06.fr\/matisse\/author\/madonnap\/"}]}},"jetpack_publicize_connections":[],"jetpack_featured_media_url":"","jetpack_sharing_enabled":true,"jetpack_shortlink":"https:\/\/wp.me\/p6ZrWH-9H","_links":{"self":[{"href":"https:\/\/www.pep06.fr\/matisse\/wp-json\/wp\/v2\/posts\/601","targetHints":{"allow":["GET"]}}],"collection":[{"href":"https:\/\/www.pep06.fr\/matisse\/wp-json\/wp\/v2\/posts"}],"about":[{"href":"https:\/\/www.pep06.fr\/matisse\/wp-json\/wp\/v2\/types\/post"}],"author":[{"embeddable":true,"href":"https:\/\/www.pep06.fr\/matisse\/wp-json\/wp\/v2\/users\/6"}],"replies":[{"embeddable":true,"href":"https:\/\/www.pep06.fr\/matisse\/wp-json\/wp\/v2\/comments?post=601"}],"version-history":[{"count":1,"href":"https:\/\/www.pep06.fr\/matisse\/wp-json\/wp\/v2\/posts\/601\/revisions"}],"predecessor-version":[{"id":863,"href":"https:\/\/www.pep06.fr\/matisse\/wp-json\/wp\/v2\/posts\/601\/revisions\/863"}],"wp:attachment":[{"href":"https:\/\/www.pep06.fr\/matisse\/wp-json\/wp\/v2\/media?parent=601"}],"wp:term":[{"taxonomy":"category","embeddable":true,"href":"https:\/\/www.pep06.fr\/matisse\/wp-json\/wp\/v2\/categories?post=601"},{"taxonomy":"post_tag","embeddable":true,"href":"https:\/\/www.pep06.fr\/matisse\/wp-json\/wp\/v2\/tags?post=601"}],"curies":[{"name":"wp","href":"https:\/\/api.w.org\/{rel}","templated":true}]}}