{"id":707,"date":"2015-06-22T14:26:49","date_gmt":"2015-06-22T13:26:49","guid":{"rendered":"http:\/\/blogs.pep06.fr\/matisse\/?p=707"},"modified":"2015-06-22T14:26:49","modified_gmt":"2015-06-22T13:26:49","slug":"sortie-mardi-23-juin-au-cap-dail","status":"publish","type":"post","link":"https:\/\/www.pep06.fr\/matisse\/2015\/06\/22\/sortie-mardi-23-juin-au-cap-dail\/","title":{"rendered":"SORTIE MARDI 23 JUIN AU CAP D&rsquo;AIL"},"content":{"rendered":"<p><strong><span style=\"color: #800080\">Madame, Monsieur,<\/span><\/strong><\/p>\n<p><strong><span style=\"color: #800080\">En cette fin d\u2019ann\u00e9e, les jeunes de l\u2019institut sont convi\u00e9s \u00e0 une manifestation sportive inter-publique le Mardi 23 juin sur la commune de Cap d\u2019 Ail.<\/span><\/strong><\/p>\n<p><strong><span style=\"color: #800080\">Pour cette occasion, nous vous convions \u00e0 veiller \u00e0 ce que votre enfant ait une tenue adapt\u00e9e \u00e0 la saison et \u00e0 la pratique d\u2019activit\u00e9s physiques\u00a0: une casquette, une paire de tennis et des v\u00eatements l\u00e9gers.<\/span><\/strong><\/p>\n<p><strong><span style=\"color: #800080\">Nous vous remercions par avance de votre attention et de votre coop\u00e9ration.<\/span><\/strong><\/p>\n","protected":false},"excerpt":{"rendered":"<p>Madame, Monsieur, En cette fin d\u2019ann\u00e9e, les jeunes de l\u2019institut sont convi\u00e9s \u00e0 une manifestation sportive inter-publique le Mardi 23 juin sur la commune de Cap d\u2019 Ail. Pour cette occasion, nous vous convions \u00e0 veiller \u00e0 ce que votre enfant ait une tenue adapt\u00e9e \u00e0 la saison et \u00e0 la pratique d\u2019activit\u00e9s physiques\u00a0: une&#8230;<\/p>\n<p><a href=\"https:\/\/www.pep06.fr\/matisse\/2015\/06\/22\/sortie-mardi-23-juin-au-cap-dail\/\"><span class=\"glyphicon glyphicon-arrow-right\"><\/span>&nbsp;Poursuivre la lecture<\/a><\/p>","protected":false},"author":5,"featured_media":0,"comment_status":"open","ping_status":"open","sticky":false,"template":"","format":"standard","meta":{"_uf_show_specific_survey":0,"_uf_disable_surveys":false,"jetpack_post_was_ever_published":false,"_jetpack_newsletter_access":"","_jetpack_dont_email_post_to_subs":false,"_jetpack_newsletter_tier_id":0,"_jetpack_memberships_contains_paywalled_content":false,"_jetpack_memberships_contains_paid_content":false,"footnotes":"","jetpack_publicize_message":"","jetpack_publicize_feature_enabled":true,"jetpack_social_post_already_shared":true,"jetpack_social_options":{"image_generator_settings":{"template":"highway","default_image_id":0,"font":"","enabled":false},"version":2}},"categories":[8],"tags":[],"class_list":["post-707","post","type-post","status-publish","format-standard","hentry","category-vie-de-letablissement"],"yoast_head":"<!-- This site is optimized with the Yoast SEO plugin v27.5 - https:\/\/yoast.com\/product\/yoast-seo-wordpress\/ -->\n<title>SORTIE MARDI 23 JUIN AU CAP D&#039;AIL - IME Henri Matisse<\/title>\n<meta name=\"description\" content=\"L\u2019Institut M\u00e9dico-Educatif Henri Matisse PEP06 accueille des jeunes de 3 \u00e0 20 ans pr\u00e9sentant une d\u00e9ficience mentale l\u00e9g\u00e8re avec ou sans troubles du psychisme.\" \/>\n<meta name=\"robots\" content=\"index, follow, max-snippet:-1, max-image-preview:large, max-video-preview:-1\" \/>\n<link rel=\"canonical\" href=\"https:\/\/www.pep06.fr\/matisse\/2015\/06\/22\/sortie-mardi-23-juin-au-cap-dail\/\" \/>\n<meta property=\"og:locale\" content=\"fr_FR\" \/>\n<meta property=\"og:type\" content=\"article\" \/>\n<meta property=\"og:title\" content=\"SORTIE MARDI 23 JUIN AU CAP D&#039;AIL - IME Henri Matisse\" \/>\n<meta property=\"og:description\" content=\"L\u2019Institut M\u00e9dico-Educatif Henri Matisse PEP06 accueille des jeunes de 3 \u00e0 20 ans pr\u00e9sentant une d\u00e9ficience mentale l\u00e9g\u00e8re avec ou sans troubles du psychisme.\" \/>\n<meta property=\"og:url\" content=\"https:\/\/www.pep06.fr\/matisse\/2015\/06\/22\/sortie-mardi-23-juin-au-cap-dail\/\" \/>\n<meta property=\"og:site_name\" content=\"IME Henri Matisse\" \/>\n<meta property=\"article:publisher\" content=\"https:\/\/www.facebook.com\/ADPEP06\" \/>\n<meta property=\"article:published_time\" content=\"2015-06-22T13:26:49+00:00\" \/>\n<meta name=\"author\" content=\"Ketty GUIBERT\" \/>\n<meta name=\"twitter:card\" content=\"summary_large_image\" \/>\n<meta name=\"twitter:label1\" content=\"\u00c9crit par\" \/>\n\t<meta name=\"twitter:data1\" content=\"Ketty GUIBERT\" \/>\n<script type=\"application\/ld+json\" class=\"yoast-schema-graph\">{\"@context\":\"https:\\\/\\\/schema.org\",\"@graph\":[{\"@type\":\"Article\",\"@id\":\"https:\\\/\\\/www.pep06.fr\\\/matisse\\\/2015\\\/06\\\/22\\\/sortie-mardi-23-juin-au-cap-dail\\\/#article\",\"isPartOf\":{\"@id\":\"https:\\\/\\\/www.pep06.fr\\\/matisse\\\/2015\\\/06\\\/22\\\/sortie-mardi-23-juin-au-cap-dail\\\/\"},\"author\":{\"name\":\"Ketty GUIBERT\",\"@id\":\"https:\\\/\\\/www.pep06.fr\\\/matisse\\\/#\\\/schema\\\/person\\\/71aaa7b35b612f933b96031285e21770\"},\"headline\":\"SORTIE MARDI 23 JUIN AU CAP D&rsquo;AIL\",\"datePublished\":\"2015-06-22T13:26:49+00:00\",\"mainEntityOfPage\":{\"@id\":\"https:\\\/\\\/www.pep06.fr\\\/matisse\\\/2015\\\/06\\\/22\\\/sortie-mardi-23-juin-au-cap-dail\\\/\"},\"wordCount\":87,\"commentCount\":0,\"publisher\":{\"@id\":\"https:\\\/\\\/www.pep06.fr\\\/matisse\\\/#organization\"},\"articleSection\":[\"Vie de l'\u00e9tablissement\"],\"inLanguage\":\"fr-FR\",\"potentialAction\":[{\"@type\":\"CommentAction\",\"name\":\"Comment\",\"target\":[\"https:\\\/\\\/www.pep06.fr\\\/matisse\\\/2015\\\/06\\\/22\\\/sortie-mardi-23-juin-au-cap-dail\\\/#respond\"]}]},{\"@type\":\"WebPage\",\"@id\":\"https:\\\/\\\/www.pep06.fr\\\/matisse\\\/2015\\\/06\\\/22\\\/sortie-mardi-23-juin-au-cap-dail\\\/\",\"url\":\"https:\\\/\\\/www.pep06.fr\\\/matisse\\\/2015\\\/06\\\/22\\\/sortie-mardi-23-juin-au-cap-dail\\\/\",\"name\":\"SORTIE MARDI 23 JUIN AU CAP D'AIL - IME Henri Matisse\",\"isPartOf\":{\"@id\":\"https:\\\/\\\/www.pep06.fr\\\/matisse\\\/#website\"},\"datePublished\":\"2015-06-22T13:26:49+00:00\",\"description\":\"L\u2019Institut M\u00e9dico-Educatif Henri Matisse PEP06 accueille des jeunes de 3 \u00e0 20 ans pr\u00e9sentant une d\u00e9ficience mentale l\u00e9g\u00e8re avec ou sans troubles du psychisme.\",\"breadcrumb\":{\"@id\":\"https:\\\/\\\/www.pep06.fr\\\/matisse\\\/2015\\\/06\\\/22\\\/sortie-mardi-23-juin-au-cap-dail\\\/#breadcrumb\"},\"inLanguage\":\"fr-FR\",\"potentialAction\":[{\"@type\":\"ReadAction\",\"target\":[\"https:\\\/\\\/www.pep06.fr\\\/matisse\\\/2015\\\/06\\\/22\\\/sortie-mardi-23-juin-au-cap-dail\\\/\"]}]},{\"@type\":\"BreadcrumbList\",\"@id\":\"https:\\\/\\\/www.pep06.fr\\\/matisse\\\/2015\\\/06\\\/22\\\/sortie-mardi-23-juin-au-cap-dail\\\/#breadcrumb\",\"itemListElement\":[{\"@type\":\"ListItem\",\"position\":1,\"name\":\"Accueil\",\"item\":\"https:\\\/\\\/www.pep06.fr\\\/matisse\\\/\"},{\"@type\":\"ListItem\",\"position\":2,\"name\":\"SORTIE MARDI 23 JUIN AU CAP D&rsquo;AIL\"}]},{\"@type\":\"WebSite\",\"@id\":\"https:\\\/\\\/www.pep06.fr\\\/matisse\\\/#website\",\"url\":\"https:\\\/\\\/www.pep06.fr\\\/matisse\\\/\",\"name\":\"IME Henri Matisse\",\"description\":\"Le site de l&#039;IME Henri Matisse des PEP 06\",\"publisher\":{\"@id\":\"https:\\\/\\\/www.pep06.fr\\\/matisse\\\/#organization\"},\"potentialAction\":[{\"@type\":\"SearchAction\",\"target\":{\"@type\":\"EntryPoint\",\"urlTemplate\":\"https:\\\/\\\/www.pep06.fr\\\/matisse\\\/?s={search_term_string}\"},\"query-input\":{\"@type\":\"PropertyValueSpecification\",\"valueRequired\":true,\"valueName\":\"search_term_string\"}}],\"inLanguage\":\"fr-FR\"},{\"@type\":\"Organization\",\"@id\":\"https:\\\/\\\/www.pep06.fr\\\/matisse\\\/#organization\",\"name\":\"PEP 06\",\"url\":\"https:\\\/\\\/www.pep06.fr\\\/matisse\\\/\",\"logo\":{\"@type\":\"ImageObject\",\"inLanguage\":\"fr-FR\",\"@id\":\"https:\\\/\\\/www.pep06.fr\\\/matisse\\\/#\\\/schema\\\/logo\\\/image\\\/\",\"url\":\"https:\\\/\\\/www.pep06.fr\\\/matisse\\\/wp-content\\\/uploads\\\/sites\\\/4\\\/2015\\\/11\\\/Logo-PEP06.png\",\"contentUrl\":\"https:\\\/\\\/www.pep06.fr\\\/matisse\\\/wp-content\\\/uploads\\\/sites\\\/4\\\/2015\\\/11\\\/Logo-PEP06.png\",\"width\":915,\"height\":915,\"caption\":\"PEP 06\"},\"image\":{\"@id\":\"https:\\\/\\\/www.pep06.fr\\\/matisse\\\/#\\\/schema\\\/logo\\\/image\\\/\"},\"sameAs\":[\"https:\\\/\\\/www.facebook.com\\\/ADPEP06\"]},{\"@type\":\"Person\",\"@id\":\"https:\\\/\\\/www.pep06.fr\\\/matisse\\\/#\\\/schema\\\/person\\\/71aaa7b35b612f933b96031285e21770\",\"name\":\"Ketty GUIBERT\",\"image\":{\"@type\":\"ImageObject\",\"inLanguage\":\"fr-FR\",\"@id\":\"https:\\\/\\\/secure.gravatar.com\\\/avatar\\\/342e98f339c07076f8c13ebefb0d0843f24512e08a9f901a59258c6cf391dbb9?s=96&d=mm&r=g\",\"url\":\"https:\\\/\\\/secure.gravatar.com\\\/avatar\\\/342e98f339c07076f8c13ebefb0d0843f24512e08a9f901a59258c6cf391dbb9?s=96&d=mm&r=g\",\"contentUrl\":\"https:\\\/\\\/secure.gravatar.com\\\/avatar\\\/342e98f339c07076f8c13ebefb0d0843f24512e08a9f901a59258c6cf391dbb9?s=96&d=mm&r=g\",\"caption\":\"Ketty GUIBERT\"},\"url\":\"https:\\\/\\\/www.pep06.fr\\\/matisse\\\/author\\\/guibertk\\\/\"}]}<\/script>\n<!-- \/ Yoast SEO plugin. -->","yoast_head_json":{"title":"SORTIE MARDI 23 JUIN AU CAP D'AIL - IME Henri Matisse","description":"L\u2019Institut M\u00e9dico-Educatif Henri Matisse PEP06 accueille des jeunes de 3 \u00e0 20 ans pr\u00e9sentant une d\u00e9ficience mentale l\u00e9g\u00e8re avec ou sans troubles du psychisme.","robots":{"index":"index","follow":"follow","max-snippet":"max-snippet:-1","max-image-preview":"max-image-preview:large","max-video-preview":"max-video-preview:-1"},"canonical":"https:\/\/www.pep06.fr\/matisse\/2015\/06\/22\/sortie-mardi-23-juin-au-cap-dail\/","og_locale":"fr_FR","og_type":"article","og_title":"SORTIE MARDI 23 JUIN AU CAP D'AIL - IME Henri Matisse","og_description":"L\u2019Institut M\u00e9dico-Educatif Henri Matisse PEP06 accueille des jeunes de 3 \u00e0 20 ans pr\u00e9sentant une d\u00e9ficience mentale l\u00e9g\u00e8re avec ou sans troubles du psychisme.","og_url":"https:\/\/www.pep06.fr\/matisse\/2015\/06\/22\/sortie-mardi-23-juin-au-cap-dail\/","og_site_name":"IME Henri Matisse","article_publisher":"https:\/\/www.facebook.com\/ADPEP06","article_published_time":"2015-06-22T13:26:49+00:00","author":"Ketty GUIBERT","twitter_card":"summary_large_image","twitter_misc":{"\u00c9crit par":"Ketty GUIBERT"},"schema":{"@context":"https:\/\/schema.org","@graph":[{"@type":"Article","@id":"https:\/\/www.pep06.fr\/matisse\/2015\/06\/22\/sortie-mardi-23-juin-au-cap-dail\/#article","isPartOf":{"@id":"https:\/\/www.pep06.fr\/matisse\/2015\/06\/22\/sortie-mardi-23-juin-au-cap-dail\/"},"author":{"name":"Ketty GUIBERT","@id":"https:\/\/www.pep06.fr\/matisse\/#\/schema\/person\/71aaa7b35b612f933b96031285e21770"},"headline":"SORTIE MARDI 23 JUIN AU CAP D&rsquo;AIL","datePublished":"2015-06-22T13:26:49+00:00","mainEntityOfPage":{"@id":"https:\/\/www.pep06.fr\/matisse\/2015\/06\/22\/sortie-mardi-23-juin-au-cap-dail\/"},"wordCount":87,"commentCount":0,"publisher":{"@id":"https:\/\/www.pep06.fr\/matisse\/#organization"},"articleSection":["Vie de l'\u00e9tablissement"],"inLanguage":"fr-FR","potentialAction":[{"@type":"CommentAction","name":"Comment","target":["https:\/\/www.pep06.fr\/matisse\/2015\/06\/22\/sortie-mardi-23-juin-au-cap-dail\/#respond"]}]},{"@type":"WebPage","@id":"https:\/\/www.pep06.fr\/matisse\/2015\/06\/22\/sortie-mardi-23-juin-au-cap-dail\/","url":"https:\/\/www.pep06.fr\/matisse\/2015\/06\/22\/sortie-mardi-23-juin-au-cap-dail\/","name":"SORTIE MARDI 23 JUIN AU CAP D'AIL - IME Henri Matisse","isPartOf":{"@id":"https:\/\/www.pep06.fr\/matisse\/#website"},"datePublished":"2015-06-22T13:26:49+00:00","description":"L\u2019Institut M\u00e9dico-Educatif Henri Matisse PEP06 accueille des jeunes de 3 \u00e0 20 ans pr\u00e9sentant une d\u00e9ficience mentale l\u00e9g\u00e8re avec ou sans troubles du psychisme.","breadcrumb":{"@id":"https:\/\/www.pep06.fr\/matisse\/2015\/06\/22\/sortie-mardi-23-juin-au-cap-dail\/#breadcrumb"},"inLanguage":"fr-FR","potentialAction":[{"@type":"ReadAction","target":["https:\/\/www.pep06.fr\/matisse\/2015\/06\/22\/sortie-mardi-23-juin-au-cap-dail\/"]}]},{"@type":"BreadcrumbList","@id":"https:\/\/www.pep06.fr\/matisse\/2015\/06\/22\/sortie-mardi-23-juin-au-cap-dail\/#breadcrumb","itemListElement":[{"@type":"ListItem","position":1,"name":"Accueil","item":"https:\/\/www.pep06.fr\/matisse\/"},{"@type":"ListItem","position":2,"name":"SORTIE MARDI 23 JUIN AU CAP D&rsquo;AIL"}]},{"@type":"WebSite","@id":"https:\/\/www.pep06.fr\/matisse\/#website","url":"https:\/\/www.pep06.fr\/matisse\/","name":"IME Henri Matisse","description":"Le site de l&#039;IME Henri Matisse des PEP 06","publisher":{"@id":"https:\/\/www.pep06.fr\/matisse\/#organization"},"potentialAction":[{"@type":"SearchAction","target":{"@type":"EntryPoint","urlTemplate":"https:\/\/www.pep06.fr\/matisse\/?s={search_term_string}"},"query-input":{"@type":"PropertyValueSpecification","valueRequired":true,"valueName":"search_term_string"}}],"inLanguage":"fr-FR"},{"@type":"Organization","@id":"https:\/\/www.pep06.fr\/matisse\/#organization","name":"PEP 06","url":"https:\/\/www.pep06.fr\/matisse\/","logo":{"@type":"ImageObject","inLanguage":"fr-FR","@id":"https:\/\/www.pep06.fr\/matisse\/#\/schema\/logo\/image\/","url":"https:\/\/www.pep06.fr\/matisse\/wp-content\/uploads\/sites\/4\/2015\/11\/Logo-PEP06.png","contentUrl":"https:\/\/www.pep06.fr\/matisse\/wp-content\/uploads\/sites\/4\/2015\/11\/Logo-PEP06.png","width":915,"height":915,"caption":"PEP 06"},"image":{"@id":"https:\/\/www.pep06.fr\/matisse\/#\/schema\/logo\/image\/"},"sameAs":["https:\/\/www.facebook.com\/ADPEP06"]},{"@type":"Person","@id":"https:\/\/www.pep06.fr\/matisse\/#\/schema\/person\/71aaa7b35b612f933b96031285e21770","name":"Ketty GUIBERT","image":{"@type":"ImageObject","inLanguage":"fr-FR","@id":"https:\/\/secure.gravatar.com\/avatar\/342e98f339c07076f8c13ebefb0d0843f24512e08a9f901a59258c6cf391dbb9?s=96&d=mm&r=g","url":"https:\/\/secure.gravatar.com\/avatar\/342e98f339c07076f8c13ebefb0d0843f24512e08a9f901a59258c6cf391dbb9?s=96&d=mm&r=g","contentUrl":"https:\/\/secure.gravatar.com\/avatar\/342e98f339c07076f8c13ebefb0d0843f24512e08a9f901a59258c6cf391dbb9?s=96&d=mm&r=g","caption":"Ketty GUIBERT"},"url":"https:\/\/www.pep06.fr\/matisse\/author\/guibertk\/"}]}},"jetpack_publicize_connections":[],"jetpack_featured_media_url":"","jetpack_sharing_enabled":true,"jetpack_shortlink":"https:\/\/wp.me\/p6ZrWH-bp","_links":{"self":[{"href":"https:\/\/www.pep06.fr\/matisse\/wp-json\/wp\/v2\/posts\/707","targetHints":{"allow":["GET"]}}],"collection":[{"href":"https:\/\/www.pep06.fr\/matisse\/wp-json\/wp\/v2\/posts"}],"about":[{"href":"https:\/\/www.pep06.fr\/matisse\/wp-json\/wp\/v2\/types\/post"}],"author":[{"embeddable":true,"href":"https:\/\/www.pep06.fr\/matisse\/wp-json\/wp\/v2\/users\/5"}],"replies":[{"embeddable":true,"href":"https:\/\/www.pep06.fr\/matisse\/wp-json\/wp\/v2\/comments?post=707"}],"version-history":[{"count":0,"href":"https:\/\/www.pep06.fr\/matisse\/wp-json\/wp\/v2\/posts\/707\/revisions"}],"wp:attachment":[{"href":"https:\/\/www.pep06.fr\/matisse\/wp-json\/wp\/v2\/media?parent=707"}],"wp:term":[{"taxonomy":"category","embeddable":true,"href":"https:\/\/www.pep06.fr\/matisse\/wp-json\/wp\/v2\/categories?post=707"},{"taxonomy":"post_tag","embeddable":true,"href":"https:\/\/www.pep06.fr\/matisse\/wp-json\/wp\/v2\/tags?post=707"}],"curies":[{"name":"wp","href":"https:\/\/api.w.org\/{rel}","templated":true}]}}