{"id":370,"date":"2016-03-11T15:30:40","date_gmt":"2016-03-11T14:30:40","guid":{"rendered":"http:\/\/www.pep06.fr\/rossetti\/?p=370"},"modified":"2016-03-11T15:39:03","modified_gmt":"2016-03-11T14:39:03","slug":"festival-de-courts-metrages","status":"publish","type":"post","link":"https:\/\/www.pep06.fr\/rossetti\/2016\/03\/11\/festival-de-courts-metrages\/","title":{"rendered":"Festival de courts-m\u00e9trages"},"content":{"rendered":"<p><a href=\"http:\/\/www.pep06.fr\/rossetti\/wp-content\/uploads\/sites\/2\/2016\/03\/bezons.jpg\" rel=\"attachment wp-att-372\"><img loading=\"lazy\" decoding=\"async\" data-attachment-id=\"372\" data-permalink=\"https:\/\/www.pep06.fr\/rossetti\/2016\/03\/11\/festival-de-courts-metrages\/bezons\/\" data-orig-file=\"https:\/\/www.pep06.fr\/rossetti\/wp-content\/uploads\/sites\/2\/2016\/03\/bezons.jpg\" data-orig-size=\"207,300\" data-comments-opened=\"1\" data-image-meta=\"{&quot;aperture&quot;:&quot;0&quot;,&quot;credit&quot;:&quot;&quot;,&quot;camera&quot;:&quot;&quot;,&quot;caption&quot;:&quot;&quot;,&quot;created_timestamp&quot;:&quot;0&quot;,&quot;copyright&quot;:&quot;&quot;,&quot;focal_length&quot;:&quot;0&quot;,&quot;iso&quot;:&quot;0&quot;,&quot;shutter_speed&quot;:&quot;0&quot;,&quot;title&quot;:&quot;&quot;,&quot;orientation&quot;:&quot;0&quot;}\" data-image-title=\"bezons\" data-image-description=\"\" data-image-caption=\"\" data-large-file=\"https:\/\/www.pep06.fr\/rossetti\/wp-content\/uploads\/sites\/2\/2016\/03\/bezons.jpg\" class=\"size-medium wp-image-372 aligncenter\" src=\"http:\/\/www.pep06.fr\/rossetti\/wp-content\/uploads\/sites\/2\/2016\/03\/bezons-207x300.jpg\" alt=\"bezons\" width=\"207\" height=\"300\" \/><\/a><\/p>\n<p>Hier, jeudi 10 mars 2016, Sandrine (du r\u00e9seau Canop\u00e9) est venue en classe IEM au coll\u00e8ge DURUY pour nous montrer des courts-m\u00e9trages (petits films de moins de 60 minutes) pour participer au Festival de\u00a0\u00a0 Bezons et voter pour notre film pr\u00e9f\u00e9r\u00e9.<br \/>\nIl y avait 8 films sur la po\u00e9sie et nous avons donn\u00e9 notre avis.<br \/>\nC\u2019\u00e9tait une bonne apr\u00e8s-midi !<\/p>\n<p style=\"text-align: right\"><em>Texte cr\u00e9\u00e9 par Laura, Soltane, Antonio et tap\u00e9 par Soltane.<\/em><\/p>\n","protected":false},"excerpt":{"rendered":"<p>Hier, jeudi 10 mars 2016, Sandrine (du r\u00e9seau Canop\u00e9) est venue en classe IEM au coll\u00e8ge DURUY pour nous montrer &hellip; <\/p>\n","protected":false},"author":10,"featured_media":0,"comment_status":"open","ping_status":"open","sticky":false,"template":"","format":"standard","meta":{"_uf_show_specific_survey":0,"_uf_disable_surveys":false,"jetpack_post_was_ever_published":false,"_jetpack_newsletter_access":"","_jetpack_dont_email_post_to_subs":false,"_jetpack_newsletter_tier_id":0,"_jetpack_memberships_contains_paywalled_content":false,"_jetpack_memberships_contains_paid_content":false,"footnotes":"","jetpack_publicize_message":"","jetpack_publicize_feature_enabled":true,"jetpack_social_post_already_shared":true,"jetpack_social_options":{"image_generator_settings":{"template":"highway","default_image_id":0,"font":"","enabled":false},"version":2}},"categories":[4],"tags":[],"class_list":["post-370","post","type-post","status-publish","format-standard","hentry","category-etablissement"],"yoast_head":"<!-- This site is optimized with the Yoast SEO plugin v27.5 - https:\/\/yoast.com\/product\/yoast-seo-wordpress\/ -->\n<title>Festival de courts-m\u00e9trages - IEM Rossetti<\/title>\n<meta name=\"description\" content=\"IEM Rossetti \u2013 PEP06\" \/>\n<meta name=\"robots\" content=\"index, follow, max-snippet:-1, max-image-preview:large, max-video-preview:-1\" \/>\n<link rel=\"canonical\" href=\"https:\/\/www.pep06.fr\/rossetti\/2016\/03\/11\/festival-de-courts-metrages\/\" \/>\n<meta property=\"og:locale\" content=\"fr_FR\" \/>\n<meta property=\"og:type\" content=\"article\" \/>\n<meta property=\"og:title\" content=\"Festival de courts-m\u00e9trages - IEM Rossetti\" \/>\n<meta property=\"og:description\" content=\"IEM Rossetti \u2013 PEP06\" \/>\n<meta property=\"og:url\" content=\"https:\/\/www.pep06.fr\/rossetti\/2016\/03\/11\/festival-de-courts-metrages\/\" \/>\n<meta property=\"og:site_name\" content=\"IEM Rossetti\" \/>\n<meta property=\"article:publisher\" content=\"https:\/\/www.facebook.com\/ADPEP06\" \/>\n<meta property=\"article:published_time\" content=\"2016-03-11T14:30:40+00:00\" \/>\n<meta property=\"article:modified_time\" content=\"2016-03-11T14:39:03+00:00\" \/>\n<meta property=\"og:image\" content=\"http:\/\/www.pep06.fr\/rossetti\/wp-content\/uploads\/sites\/2\/2016\/03\/bezons-207x300.jpg\" \/>\n<meta name=\"author\" content=\"Fabienne BARONI\" \/>\n<meta name=\"twitter:card\" content=\"summary_large_image\" \/>\n<meta name=\"twitter:label1\" content=\"\u00c9crit par\" \/>\n\t<meta name=\"twitter:data1\" content=\"Fabienne BARONI\" \/>\n<script type=\"application\/ld+json\" class=\"yoast-schema-graph\">{\"@context\":\"https:\\\/\\\/schema.org\",\"@graph\":[{\"@type\":\"Article\",\"@id\":\"https:\\\/\\\/www.pep06.fr\\\/rossetti\\\/2016\\\/03\\\/11\\\/festival-de-courts-metrages\\\/#article\",\"isPartOf\":{\"@id\":\"https:\\\/\\\/www.pep06.fr\\\/rossetti\\\/2016\\\/03\\\/11\\\/festival-de-courts-metrages\\\/\"},\"author\":{\"name\":\"Fabienne BARONI\",\"@id\":\"https:\\\/\\\/www.pep06.fr\\\/rossetti\\\/#\\\/schema\\\/person\\\/a9905761926f11939db35a23e85b59b3\"},\"headline\":\"Festival de courts-m\u00e9trages\",\"datePublished\":\"2016-03-11T14:30:40+00:00\",\"dateModified\":\"2016-03-11T14:39:03+00:00\",\"mainEntityOfPage\":{\"@id\":\"https:\\\/\\\/www.pep06.fr\\\/rossetti\\\/2016\\\/03\\\/11\\\/festival-de-courts-metrages\\\/\"},\"wordCount\":77,\"commentCount\":0,\"publisher\":{\"@id\":\"https:\\\/\\\/www.pep06.fr\\\/rossetti\\\/#organization\"},\"image\":{\"@id\":\"https:\\\/\\\/www.pep06.fr\\\/rossetti\\\/2016\\\/03\\\/11\\\/festival-de-courts-metrages\\\/#primaryimage\"},\"thumbnailUrl\":\"http:\\\/\\\/www.pep06.fr\\\/rossetti\\\/wp-content\\\/uploads\\\/sites\\\/2\\\/2016\\\/03\\\/bezons-207x300.jpg\",\"articleSection\":[\"L'\u00e9tablissement\"],\"inLanguage\":\"fr-FR\",\"potentialAction\":[{\"@type\":\"CommentAction\",\"name\":\"Comment\",\"target\":[\"https:\\\/\\\/www.pep06.fr\\\/rossetti\\\/2016\\\/03\\\/11\\\/festival-de-courts-metrages\\\/#respond\"]}]},{\"@type\":\"WebPage\",\"@id\":\"https:\\\/\\\/www.pep06.fr\\\/rossetti\\\/2016\\\/03\\\/11\\\/festival-de-courts-metrages\\\/\",\"url\":\"https:\\\/\\\/www.pep06.fr\\\/rossetti\\\/2016\\\/03\\\/11\\\/festival-de-courts-metrages\\\/\",\"name\":\"Festival de courts-m\u00e9trages - IEM Rossetti\",\"isPartOf\":{\"@id\":\"https:\\\/\\\/www.pep06.fr\\\/rossetti\\\/#website\"},\"primaryImageOfPage\":{\"@id\":\"https:\\\/\\\/www.pep06.fr\\\/rossetti\\\/2016\\\/03\\\/11\\\/festival-de-courts-metrages\\\/#primaryimage\"},\"image\":{\"@id\":\"https:\\\/\\\/www.pep06.fr\\\/rossetti\\\/2016\\\/03\\\/11\\\/festival-de-courts-metrages\\\/#primaryimage\"},\"thumbnailUrl\":\"http:\\\/\\\/www.pep06.fr\\\/rossetti\\\/wp-content\\\/uploads\\\/sites\\\/2\\\/2016\\\/03\\\/bezons-207x300.jpg\",\"datePublished\":\"2016-03-11T14:30:40+00:00\",\"dateModified\":\"2016-03-11T14:39:03+00:00\",\"description\":\"IEM Rossetti \u2013 PEP06\",\"breadcrumb\":{\"@id\":\"https:\\\/\\\/www.pep06.fr\\\/rossetti\\\/2016\\\/03\\\/11\\\/festival-de-courts-metrages\\\/#breadcrumb\"},\"inLanguage\":\"fr-FR\",\"potentialAction\":[{\"@type\":\"ReadAction\",\"target\":[\"https:\\\/\\\/www.pep06.fr\\\/rossetti\\\/2016\\\/03\\\/11\\\/festival-de-courts-metrages\\\/\"]}]},{\"@type\":\"ImageObject\",\"inLanguage\":\"fr-FR\",\"@id\":\"https:\\\/\\\/www.pep06.fr\\\/rossetti\\\/2016\\\/03\\\/11\\\/festival-de-courts-metrages\\\/#primaryimage\",\"url\":\"https:\\\/\\\/www.pep06.fr\\\/rossetti\\\/wp-content\\\/uploads\\\/sites\\\/2\\\/2016\\\/03\\\/bezons.jpg\",\"contentUrl\":\"https:\\\/\\\/www.pep06.fr\\\/rossetti\\\/wp-content\\\/uploads\\\/sites\\\/2\\\/2016\\\/03\\\/bezons.jpg\",\"width\":207,\"height\":300},{\"@type\":\"BreadcrumbList\",\"@id\":\"https:\\\/\\\/www.pep06.fr\\\/rossetti\\\/2016\\\/03\\\/11\\\/festival-de-courts-metrages\\\/#breadcrumb\",\"itemListElement\":[{\"@type\":\"ListItem\",\"position\":1,\"name\":\"Accueil\",\"item\":\"https:\\\/\\\/www.pep06.fr\\\/rossetti\\\/\"},{\"@type\":\"ListItem\",\"position\":2,\"name\":\"Festival de courts-m\u00e9trages\"}]},{\"@type\":\"WebSite\",\"@id\":\"https:\\\/\\\/www.pep06.fr\\\/rossetti\\\/#website\",\"url\":\"https:\\\/\\\/www.pep06.fr\\\/rossetti\\\/\",\"name\":\"IEM Rossetti\",\"description\":\"Le site de l&#039;IEM Rossetti des PEP 06\",\"publisher\":{\"@id\":\"https:\\\/\\\/www.pep06.fr\\\/rossetti\\\/#organization\"},\"potentialAction\":[{\"@type\":\"SearchAction\",\"target\":{\"@type\":\"EntryPoint\",\"urlTemplate\":\"https:\\\/\\\/www.pep06.fr\\\/rossetti\\\/?s={search_term_string}\"},\"query-input\":{\"@type\":\"PropertyValueSpecification\",\"valueRequired\":true,\"valueName\":\"search_term_string\"}}],\"inLanguage\":\"fr-FR\"},{\"@type\":\"Organization\",\"@id\":\"https:\\\/\\\/www.pep06.fr\\\/rossetti\\\/#organization\",\"name\":\"PEP 06\",\"url\":\"https:\\\/\\\/www.pep06.fr\\\/rossetti\\\/\",\"logo\":{\"@type\":\"ImageObject\",\"inLanguage\":\"fr-FR\",\"@id\":\"https:\\\/\\\/www.pep06.fr\\\/rossetti\\\/#\\\/schema\\\/logo\\\/image\\\/\",\"url\":\"https:\\\/\\\/www.pep06.fr\\\/rossetti\\\/wp-content\\\/uploads\\\/sites\\\/2\\\/2015\\\/11\\\/Logo-PEP06.png\",\"contentUrl\":\"https:\\\/\\\/www.pep06.fr\\\/rossetti\\\/wp-content\\\/uploads\\\/sites\\\/2\\\/2015\\\/11\\\/Logo-PEP06.png\",\"width\":915,\"height\":915,\"caption\":\"PEP 06\"},\"image\":{\"@id\":\"https:\\\/\\\/www.pep06.fr\\\/rossetti\\\/#\\\/schema\\\/logo\\\/image\\\/\"},\"sameAs\":[\"https:\\\/\\\/www.facebook.com\\\/ADPEP06\"]},{\"@type\":\"Person\",\"@id\":\"https:\\\/\\\/www.pep06.fr\\\/rossetti\\\/#\\\/schema\\\/person\\\/a9905761926f11939db35a23e85b59b3\",\"name\":\"Fabienne BARONI\",\"image\":{\"@type\":\"ImageObject\",\"inLanguage\":\"fr-FR\",\"@id\":\"https:\\\/\\\/secure.gravatar.com\\\/avatar\\\/8e657f7e6ed7409aeab1ec68139ba89f95fd9462a6573462c76b4d8f256631cd?s=96&d=mm&r=g\",\"url\":\"https:\\\/\\\/secure.gravatar.com\\\/avatar\\\/8e657f7e6ed7409aeab1ec68139ba89f95fd9462a6573462c76b4d8f256631cd?s=96&d=mm&r=g\",\"contentUrl\":\"https:\\\/\\\/secure.gravatar.com\\\/avatar\\\/8e657f7e6ed7409aeab1ec68139ba89f95fd9462a6573462c76b4d8f256631cd?s=96&d=mm&r=g\",\"caption\":\"Fabienne BARONI\"},\"url\":\"https:\\\/\\\/www.pep06.fr\\\/rossetti\\\/author\\\/baronif\\\/\"}]}<\/script>\n<!-- \/ Yoast SEO plugin. -->","yoast_head_json":{"title":"Festival de courts-m\u00e9trages - IEM Rossetti","description":"IEM Rossetti \u2013 PEP06","robots":{"index":"index","follow":"follow","max-snippet":"max-snippet:-1","max-image-preview":"max-image-preview:large","max-video-preview":"max-video-preview:-1"},"canonical":"https:\/\/www.pep06.fr\/rossetti\/2016\/03\/11\/festival-de-courts-metrages\/","og_locale":"fr_FR","og_type":"article","og_title":"Festival de courts-m\u00e9trages - IEM Rossetti","og_description":"IEM Rossetti \u2013 PEP06","og_url":"https:\/\/www.pep06.fr\/rossetti\/2016\/03\/11\/festival-de-courts-metrages\/","og_site_name":"IEM Rossetti","article_publisher":"https:\/\/www.facebook.com\/ADPEP06","article_published_time":"2016-03-11T14:30:40+00:00","article_modified_time":"2016-03-11T14:39:03+00:00","og_image":[{"url":"http:\/\/www.pep06.fr\/rossetti\/wp-content\/uploads\/sites\/2\/2016\/03\/bezons-207x300.jpg","type":"","width":"","height":""}],"author":"Fabienne BARONI","twitter_card":"summary_large_image","twitter_misc":{"\u00c9crit par":"Fabienne BARONI"},"schema":{"@context":"https:\/\/schema.org","@graph":[{"@type":"Article","@id":"https:\/\/www.pep06.fr\/rossetti\/2016\/03\/11\/festival-de-courts-metrages\/#article","isPartOf":{"@id":"https:\/\/www.pep06.fr\/rossetti\/2016\/03\/11\/festival-de-courts-metrages\/"},"author":{"name":"Fabienne BARONI","@id":"https:\/\/www.pep06.fr\/rossetti\/#\/schema\/person\/a9905761926f11939db35a23e85b59b3"},"headline":"Festival de courts-m\u00e9trages","datePublished":"2016-03-11T14:30:40+00:00","dateModified":"2016-03-11T14:39:03+00:00","mainEntityOfPage":{"@id":"https:\/\/www.pep06.fr\/rossetti\/2016\/03\/11\/festival-de-courts-metrages\/"},"wordCount":77,"commentCount":0,"publisher":{"@id":"https:\/\/www.pep06.fr\/rossetti\/#organization"},"image":{"@id":"https:\/\/www.pep06.fr\/rossetti\/2016\/03\/11\/festival-de-courts-metrages\/#primaryimage"},"thumbnailUrl":"http:\/\/www.pep06.fr\/rossetti\/wp-content\/uploads\/sites\/2\/2016\/03\/bezons-207x300.jpg","articleSection":["L'\u00e9tablissement"],"inLanguage":"fr-FR","potentialAction":[{"@type":"CommentAction","name":"Comment","target":["https:\/\/www.pep06.fr\/rossetti\/2016\/03\/11\/festival-de-courts-metrages\/#respond"]}]},{"@type":"WebPage","@id":"https:\/\/www.pep06.fr\/rossetti\/2016\/03\/11\/festival-de-courts-metrages\/","url":"https:\/\/www.pep06.fr\/rossetti\/2016\/03\/11\/festival-de-courts-metrages\/","name":"Festival de courts-m\u00e9trages - IEM Rossetti","isPartOf":{"@id":"https:\/\/www.pep06.fr\/rossetti\/#website"},"primaryImageOfPage":{"@id":"https:\/\/www.pep06.fr\/rossetti\/2016\/03\/11\/festival-de-courts-metrages\/#primaryimage"},"image":{"@id":"https:\/\/www.pep06.fr\/rossetti\/2016\/03\/11\/festival-de-courts-metrages\/#primaryimage"},"thumbnailUrl":"http:\/\/www.pep06.fr\/rossetti\/wp-content\/uploads\/sites\/2\/2016\/03\/bezons-207x300.jpg","datePublished":"2016-03-11T14:30:40+00:00","dateModified":"2016-03-11T14:39:03+00:00","description":"IEM Rossetti \u2013 PEP06","breadcrumb":{"@id":"https:\/\/www.pep06.fr\/rossetti\/2016\/03\/11\/festival-de-courts-metrages\/#breadcrumb"},"inLanguage":"fr-FR","potentialAction":[{"@type":"ReadAction","target":["https:\/\/www.pep06.fr\/rossetti\/2016\/03\/11\/festival-de-courts-metrages\/"]}]},{"@type":"ImageObject","inLanguage":"fr-FR","@id":"https:\/\/www.pep06.fr\/rossetti\/2016\/03\/11\/festival-de-courts-metrages\/#primaryimage","url":"https:\/\/www.pep06.fr\/rossetti\/wp-content\/uploads\/sites\/2\/2016\/03\/bezons.jpg","contentUrl":"https:\/\/www.pep06.fr\/rossetti\/wp-content\/uploads\/sites\/2\/2016\/03\/bezons.jpg","width":207,"height":300},{"@type":"BreadcrumbList","@id":"https:\/\/www.pep06.fr\/rossetti\/2016\/03\/11\/festival-de-courts-metrages\/#breadcrumb","itemListElement":[{"@type":"ListItem","position":1,"name":"Accueil","item":"https:\/\/www.pep06.fr\/rossetti\/"},{"@type":"ListItem","position":2,"name":"Festival de courts-m\u00e9trages"}]},{"@type":"WebSite","@id":"https:\/\/www.pep06.fr\/rossetti\/#website","url":"https:\/\/www.pep06.fr\/rossetti\/","name":"IEM Rossetti","description":"Le site de l&#039;IEM Rossetti des PEP 06","publisher":{"@id":"https:\/\/www.pep06.fr\/rossetti\/#organization"},"potentialAction":[{"@type":"SearchAction","target":{"@type":"EntryPoint","urlTemplate":"https:\/\/www.pep06.fr\/rossetti\/?s={search_term_string}"},"query-input":{"@type":"PropertyValueSpecification","valueRequired":true,"valueName":"search_term_string"}}],"inLanguage":"fr-FR"},{"@type":"Organization","@id":"https:\/\/www.pep06.fr\/rossetti\/#organization","name":"PEP 06","url":"https:\/\/www.pep06.fr\/rossetti\/","logo":{"@type":"ImageObject","inLanguage":"fr-FR","@id":"https:\/\/www.pep06.fr\/rossetti\/#\/schema\/logo\/image\/","url":"https:\/\/www.pep06.fr\/rossetti\/wp-content\/uploads\/sites\/2\/2015\/11\/Logo-PEP06.png","contentUrl":"https:\/\/www.pep06.fr\/rossetti\/wp-content\/uploads\/sites\/2\/2015\/11\/Logo-PEP06.png","width":915,"height":915,"caption":"PEP 06"},"image":{"@id":"https:\/\/www.pep06.fr\/rossetti\/#\/schema\/logo\/image\/"},"sameAs":["https:\/\/www.facebook.com\/ADPEP06"]},{"@type":"Person","@id":"https:\/\/www.pep06.fr\/rossetti\/#\/schema\/person\/a9905761926f11939db35a23e85b59b3","name":"Fabienne BARONI","image":{"@type":"ImageObject","inLanguage":"fr-FR","@id":"https:\/\/secure.gravatar.com\/avatar\/8e657f7e6ed7409aeab1ec68139ba89f95fd9462a6573462c76b4d8f256631cd?s=96&d=mm&r=g","url":"https:\/\/secure.gravatar.com\/avatar\/8e657f7e6ed7409aeab1ec68139ba89f95fd9462a6573462c76b4d8f256631cd?s=96&d=mm&r=g","contentUrl":"https:\/\/secure.gravatar.com\/avatar\/8e657f7e6ed7409aeab1ec68139ba89f95fd9462a6573462c76b4d8f256631cd?s=96&d=mm&r=g","caption":"Fabienne BARONI"},"url":"https:\/\/www.pep06.fr\/rossetti\/author\/baronif\/"}]}},"jetpack_publicize_connections":[],"jetpack_featured_media_url":"","jetpack_sharing_enabled":true,"jetpack_shortlink":"https:\/\/wp.me\/p6ZrMM-5Y","_links":{"self":[{"href":"https:\/\/www.pep06.fr\/rossetti\/wp-json\/wp\/v2\/posts\/370","targetHints":{"allow":["GET"]}}],"collection":[{"href":"https:\/\/www.pep06.fr\/rossetti\/wp-json\/wp\/v2\/posts"}],"about":[{"href":"https:\/\/www.pep06.fr\/rossetti\/wp-json\/wp\/v2\/types\/post"}],"author":[{"embeddable":true,"href":"https:\/\/www.pep06.fr\/rossetti\/wp-json\/wp\/v2\/users\/10"}],"replies":[{"embeddable":true,"href":"https:\/\/www.pep06.fr\/rossetti\/wp-json\/wp\/v2\/comments?post=370"}],"version-history":[{"count":4,"href":"https:\/\/www.pep06.fr\/rossetti\/wp-json\/wp\/v2\/posts\/370\/revisions"}],"predecessor-version":[{"id":376,"href":"https:\/\/www.pep06.fr\/rossetti\/wp-json\/wp\/v2\/posts\/370\/revisions\/376"}],"wp:attachment":[{"href":"https:\/\/www.pep06.fr\/rossetti\/wp-json\/wp\/v2\/media?parent=370"}],"wp:term":[{"taxonomy":"category","embeddable":true,"href":"https:\/\/www.pep06.fr\/rossetti\/wp-json\/wp\/v2\/categories?post=370"},{"taxonomy":"post_tag","embeddable":true,"href":"https:\/\/www.pep06.fr\/rossetti\/wp-json\/wp\/v2\/tags?post=370"}],"curies":[{"name":"wp","href":"https:\/\/api.w.org\/{rel}","templated":true}]}}