{"id":419,"date":"2016-06-03T12:24:55","date_gmt":"2016-06-03T11:24:55","guid":{"rendered":"http:\/\/www.pep06.fr\/rossetti\/?p=419"},"modified":"2016-06-03T14:24:32","modified_gmt":"2016-06-03T13:24:32","slug":"rencontre-avec-un-realisateur","status":"publish","type":"post","link":"https:\/\/www.pep06.fr\/rossetti\/2016\/06\/03\/rencontre-avec-un-realisateur\/","title":{"rendered":"Rencontre avec le r\u00e9alisateur Laurent Boileau"},"content":{"rendered":"<p style=\"text-align: left\"><a href=\"http:\/\/www.pep06.fr\/rossetti\/wp-content\/uploads\/sites\/2\/2016\/06\/20160601_144232-e1464952289176.jpg\"><img loading=\"lazy\" decoding=\"async\" data-attachment-id=\"422\" data-permalink=\"https:\/\/www.pep06.fr\/rossetti\/2016\/06\/03\/rencontre-avec-un-realisateur\/20160601_144232\/\" data-orig-file=\"https:\/\/www.pep06.fr\/rossetti\/wp-content\/uploads\/sites\/2\/2016\/06\/20160601_144232-e1464952289176.jpg\" data-orig-size=\"1836,3264\" data-comments-opened=\"1\" data-image-meta=\"{&quot;aperture&quot;:&quot;2.4&quot;,&quot;credit&quot;:&quot;&quot;,&quot;camera&quot;:&quot;SM-G530FZ&quot;,&quot;caption&quot;:&quot;&quot;,&quot;created_timestamp&quot;:&quot;1464792152&quot;,&quot;copyright&quot;:&quot;&quot;,&quot;focal_length&quot;:&quot;3.3&quot;,&quot;iso&quot;:&quot;320&quot;,&quot;shutter_speed&quot;:&quot;0.058823529411765&quot;,&quot;title&quot;:&quot;&quot;,&quot;orientation&quot;:&quot;6&quot;}\" data-image-title=\"20160601_144232\" data-image-description=\"\" data-image-caption=\"\" data-large-file=\"https:\/\/www.pep06.fr\/rossetti\/wp-content\/uploads\/sites\/2\/2016\/06\/20160601_144232-e1464952289176-576x1024.jpg\" class=\"size-medium wp-image-422 aligncenter\" src=\"http:\/\/www.pep06.fr\/rossetti\/wp-content\/uploads\/sites\/2\/2016\/06\/20160601_144232-e1464952289176-169x300.jpg\" alt=\"20160601_144232\" width=\"169\" height=\"300\" srcset=\"https:\/\/www.pep06.fr\/rossetti\/wp-content\/uploads\/sites\/2\/2016\/06\/20160601_144232-e1464952289176-169x300.jpg 169w, https:\/\/www.pep06.fr\/rossetti\/wp-content\/uploads\/sites\/2\/2016\/06\/20160601_144232-e1464952289176-768x1365.jpg 768w, https:\/\/www.pep06.fr\/rossetti\/wp-content\/uploads\/sites\/2\/2016\/06\/20160601_144232-e1464952289176-576x1024.jpg 576w, https:\/\/www.pep06.fr\/rossetti\/wp-content\/uploads\/sites\/2\/2016\/06\/20160601_144232-e1464952289176.jpg 1836w\" sizes=\"auto, (max-width: 169px) 100vw, 169px\" \/><\/a><\/p>\n<p style=\"text-align: left\"><a href=\"http:\/\/www.pep06.fr\/rossetti\/wp-content\/uploads\/sites\/2\/2016\/06\/20160601_100444.jpg\"><img loading=\"lazy\" decoding=\"async\" data-attachment-id=\"420\" data-permalink=\"https:\/\/www.pep06.fr\/rossetti\/2016\/06\/03\/rencontre-avec-un-realisateur\/20160601_100444\/\" data-orig-file=\"https:\/\/www.pep06.fr\/rossetti\/wp-content\/uploads\/sites\/2\/2016\/06\/20160601_100444.jpg\" data-orig-size=\"3264,1836\" data-comments-opened=\"1\" data-image-meta=\"{&quot;aperture&quot;:&quot;2.4&quot;,&quot;credit&quot;:&quot;&quot;,&quot;camera&quot;:&quot;SM-G530FZ&quot;,&quot;caption&quot;:&quot;&quot;,&quot;created_timestamp&quot;:&quot;1464775484&quot;,&quot;copyright&quot;:&quot;&quot;,&quot;focal_length&quot;:&quot;3.3&quot;,&quot;iso&quot;:&quot;125&quot;,&quot;shutter_speed&quot;:&quot;0.058823529411765&quot;,&quot;title&quot;:&quot;&quot;,&quot;orientation&quot;:&quot;1&quot;}\" data-image-title=\"20160601_100444\" data-image-description=\"\" data-image-caption=\"\" data-large-file=\"https:\/\/www.pep06.fr\/rossetti\/wp-content\/uploads\/sites\/2\/2016\/06\/20160601_100444-1024x576.jpg\" class=\"wp-image-420 aligncenter\" src=\"http:\/\/www.pep06.fr\/rossetti\/wp-content\/uploads\/sites\/2\/2016\/06\/20160601_100444-300x169.jpg\" alt=\"20160601_100444\" width=\"289\" height=\"163\" srcset=\"https:\/\/www.pep06.fr\/rossetti\/wp-content\/uploads\/sites\/2\/2016\/06\/20160601_100444-300x169.jpg 300w, https:\/\/www.pep06.fr\/rossetti\/wp-content\/uploads\/sites\/2\/2016\/06\/20160601_100444-768x432.jpg 768w, https:\/\/www.pep06.fr\/rossetti\/wp-content\/uploads\/sites\/2\/2016\/06\/20160601_100444-1024x576.jpg 1024w\" sizes=\"auto, (max-width: 289px) 100vw, 289px\" \/><\/a><\/p>\n<p style=\"text-align: left\"><a href=\"http:\/\/www.pep06.fr\/rossetti\/wp-content\/uploads\/sites\/2\/2016\/06\/20160601_154300.jpg\"><img loading=\"lazy\" decoding=\"async\" data-attachment-id=\"421\" data-permalink=\"https:\/\/www.pep06.fr\/rossetti\/2016\/06\/03\/rencontre-avec-un-realisateur\/20160601_154300\/\" data-orig-file=\"https:\/\/www.pep06.fr\/rossetti\/wp-content\/uploads\/sites\/2\/2016\/06\/20160601_154300.jpg\" data-orig-size=\"3264,1836\" data-comments-opened=\"1\" data-image-meta=\"{&quot;aperture&quot;:&quot;2.4&quot;,&quot;credit&quot;:&quot;&quot;,&quot;camera&quot;:&quot;SM-G530FZ&quot;,&quot;caption&quot;:&quot;&quot;,&quot;created_timestamp&quot;:&quot;1464795780&quot;,&quot;copyright&quot;:&quot;&quot;,&quot;focal_length&quot;:&quot;3.3&quot;,&quot;iso&quot;:&quot;500&quot;,&quot;shutter_speed&quot;:&quot;0.066666666666667&quot;,&quot;title&quot;:&quot;&quot;,&quot;orientation&quot;:&quot;1&quot;}\" data-image-title=\"20160601_154300\" data-image-description=\"\" data-image-caption=\"\" data-large-file=\"https:\/\/www.pep06.fr\/rossetti\/wp-content\/uploads\/sites\/2\/2016\/06\/20160601_154300-1024x576.jpg\" class=\"wp-image-421 aligncenter\" src=\"http:\/\/www.pep06.fr\/rossetti\/wp-content\/uploads\/sites\/2\/2016\/06\/20160601_154300-300x169.jpg\" alt=\"20160601_154300\" width=\"289\" height=\"163\" srcset=\"https:\/\/www.pep06.fr\/rossetti\/wp-content\/uploads\/sites\/2\/2016\/06\/20160601_154300-300x169.jpg 300w, https:\/\/www.pep06.fr\/rossetti\/wp-content\/uploads\/sites\/2\/2016\/06\/20160601_154300-768x432.jpg 768w, https:\/\/www.pep06.fr\/rossetti\/wp-content\/uploads\/sites\/2\/2016\/06\/20160601_154300-1024x576.jpg 1024w\" sizes=\"auto, (max-width: 289px) 100vw, 289px\" \/><\/a><\/p>\n<p style=\"text-align: left\"><strong>Mercredi 1er juin Rafael et Hovhann\u00e8s, accompagn\u00e9s de Nadia et\u00a0Fabienne, sont all\u00e9s \u00e0 la salle Laure Ecart de Nice, faire des ateliers sur la r\u00e9alisation et le montage de films. <\/strong><br \/>\n<strong>On a fait des groupes de 15 \u00e9l\u00e8ves. Nous, on a travaill\u00e9 sur le th\u00e8me de l\u2019adolescence. On a fait des textes, on les a enregistr\u00e9s, on a choisi et rajout\u00e9 des images et une professionnelle a fait le montage.<\/strong><br \/>\n<strong>Apr\u00e8s, on est all\u00e9 manger au Mac Do. <\/strong><br \/>\n<strong>L\u2019apr\u00e8s-midi, on a rencontr\u00e9 Laurent Boileau : r\u00e9alisateur de films\u00a0\u00a0\u00a0 documentaires et du film \u00ab Couleur de peau : miel \u00bb.<\/strong><br \/>\n<strong>On a regard\u00e9 tous les films des 5 groupes et Laurent Boileau a donn\u00e9 son avis. On lui a pos\u00e9 des questions et on lui a montr\u00e9 notre affiche, il l\u2019a sign\u00e9e et on a fait des photos. Ensuite il y avait un go\u00fbter.<\/strong><br \/>\n<strong>Apr\u00e8s on est rentr\u00e9 \u00e0 la maison. <\/strong><br \/>\n<strong>C\u2019\u00e9tait une super exp\u00e9rience ! <\/strong><strong>On esp\u00e8re : \u00ab pas la derni\u00e8re \u00bb !!<\/strong><\/p>\n<p style=\"text-align: left\"><em><strong>Texte cr\u00e9\u00e9 par Rafa\u00ebl et tap\u00e9 par Laura, Walid, Soltane et Rafa\u00ebl.<\/strong><\/em><\/p>\n","protected":false},"excerpt":{"rendered":"<p>Mercredi 1er juin Rafael et Hovhann\u00e8s, accompagn\u00e9s de Nadia et\u00a0Fabienne, sont all\u00e9s \u00e0 la salle Laure Ecart de Nice, faire &hellip; <\/p>\n","protected":false},"author":10,"featured_media":0,"comment_status":"open","ping_status":"open","sticky":false,"template":"","format":"standard","meta":{"_uf_show_specific_survey":0,"_uf_disable_surveys":false,"jetpack_post_was_ever_published":false,"_jetpack_newsletter_access":"","_jetpack_dont_email_post_to_subs":false,"_jetpack_newsletter_tier_id":0,"_jetpack_memberships_contains_paywalled_content":false,"_jetpack_memberships_contains_paid_content":false,"footnotes":"","jetpack_publicize_message":"","jetpack_publicize_feature_enabled":true,"jetpack_social_post_already_shared":true,"jetpack_social_options":{"image_generator_settings":{"template":"highway","default_image_id":0,"font":"","enabled":false},"version":2}},"categories":[4,5],"tags":[],"class_list":["post-419","post","type-post","status-publish","format-standard","hentry","category-etablissement","category-evenements"],"yoast_head":"<!-- This site is optimized with the Yoast SEO plugin v27.5 - https:\/\/yoast.com\/product\/yoast-seo-wordpress\/ -->\n<title>Rencontre avec le r\u00e9alisateur Laurent Boileau - IEM Rossetti<\/title>\n<meta name=\"description\" content=\"IEM Rossetti \u2013 PEP06\" \/>\n<meta name=\"robots\" content=\"index, follow, max-snippet:-1, max-image-preview:large, max-video-preview:-1\" \/>\n<link rel=\"canonical\" href=\"https:\/\/www.pep06.fr\/rossetti\/2016\/06\/03\/rencontre-avec-un-realisateur\/\" \/>\n<meta property=\"og:locale\" content=\"fr_FR\" \/>\n<meta property=\"og:type\" content=\"article\" \/>\n<meta property=\"og:title\" content=\"Rencontre avec le r\u00e9alisateur Laurent Boileau - IEM Rossetti\" \/>\n<meta property=\"og:description\" content=\"IEM Rossetti \u2013 PEP06\" \/>\n<meta property=\"og:url\" content=\"https:\/\/www.pep06.fr\/rossetti\/2016\/06\/03\/rencontre-avec-un-realisateur\/\" \/>\n<meta property=\"og:site_name\" content=\"IEM Rossetti\" \/>\n<meta property=\"article:publisher\" content=\"https:\/\/www.facebook.com\/ADPEP06\" \/>\n<meta property=\"article:published_time\" content=\"2016-06-03T11:24:55+00:00\" \/>\n<meta property=\"article:modified_time\" content=\"2016-06-03T13:24:32+00:00\" \/>\n<meta property=\"og:image\" content=\"http:\/\/www.pep06.fr\/rossetti\/wp-content\/uploads\/sites\/2\/2016\/06\/20160601_144232-e1464952289176-169x300.jpg\" \/>\n<meta name=\"author\" content=\"Fabienne BARONI\" \/>\n<meta name=\"twitter:card\" content=\"summary_large_image\" \/>\n<meta name=\"twitter:label1\" content=\"\u00c9crit par\" \/>\n\t<meta name=\"twitter:data1\" content=\"Fabienne BARONI\" \/>\n\t<meta name=\"twitter:label2\" content=\"Dur\u00e9e de lecture estim\u00e9e\" \/>\n\t<meta name=\"twitter:data2\" content=\"1 minute\" \/>\n<script type=\"application\/ld+json\" class=\"yoast-schema-graph\">{\"@context\":\"https:\\\/\\\/schema.org\",\"@graph\":[{\"@type\":\"Article\",\"@id\":\"https:\\\/\\\/www.pep06.fr\\\/rossetti\\\/2016\\\/06\\\/03\\\/rencontre-avec-un-realisateur\\\/#article\",\"isPartOf\":{\"@id\":\"https:\\\/\\\/www.pep06.fr\\\/rossetti\\\/2016\\\/06\\\/03\\\/rencontre-avec-un-realisateur\\\/\"},\"author\":{\"name\":\"Fabienne BARONI\",\"@id\":\"https:\\\/\\\/www.pep06.fr\\\/rossetti\\\/#\\\/schema\\\/person\\\/a9905761926f11939db35a23e85b59b3\"},\"headline\":\"Rencontre avec le r\u00e9alisateur Laurent Boileau\",\"datePublished\":\"2016-06-03T11:24:55+00:00\",\"dateModified\":\"2016-06-03T13:24:32+00:00\",\"mainEntityOfPage\":{\"@id\":\"https:\\\/\\\/www.pep06.fr\\\/rossetti\\\/2016\\\/06\\\/03\\\/rencontre-avec-un-realisateur\\\/\"},\"wordCount\":193,\"commentCount\":0,\"publisher\":{\"@id\":\"https:\\\/\\\/www.pep06.fr\\\/rossetti\\\/#organization\"},\"image\":{\"@id\":\"https:\\\/\\\/www.pep06.fr\\\/rossetti\\\/2016\\\/06\\\/03\\\/rencontre-avec-un-realisateur\\\/#primaryimage\"},\"thumbnailUrl\":\"http:\\\/\\\/www.pep06.fr\\\/rossetti\\\/wp-content\\\/uploads\\\/sites\\\/2\\\/2016\\\/06\\\/20160601_144232-e1464952289176-169x300.jpg\",\"articleSection\":[\"L'\u00e9tablissement\",\"Les \u00e9v\u00e9nements\"],\"inLanguage\":\"fr-FR\",\"potentialAction\":[{\"@type\":\"CommentAction\",\"name\":\"Comment\",\"target\":[\"https:\\\/\\\/www.pep06.fr\\\/rossetti\\\/2016\\\/06\\\/03\\\/rencontre-avec-un-realisateur\\\/#respond\"]}]},{\"@type\":\"WebPage\",\"@id\":\"https:\\\/\\\/www.pep06.fr\\\/rossetti\\\/2016\\\/06\\\/03\\\/rencontre-avec-un-realisateur\\\/\",\"url\":\"https:\\\/\\\/www.pep06.fr\\\/rossetti\\\/2016\\\/06\\\/03\\\/rencontre-avec-un-realisateur\\\/\",\"name\":\"Rencontre avec le r\u00e9alisateur Laurent Boileau - IEM Rossetti\",\"isPartOf\":{\"@id\":\"https:\\\/\\\/www.pep06.fr\\\/rossetti\\\/#website\"},\"primaryImageOfPage\":{\"@id\":\"https:\\\/\\\/www.pep06.fr\\\/rossetti\\\/2016\\\/06\\\/03\\\/rencontre-avec-un-realisateur\\\/#primaryimage\"},\"image\":{\"@id\":\"https:\\\/\\\/www.pep06.fr\\\/rossetti\\\/2016\\\/06\\\/03\\\/rencontre-avec-un-realisateur\\\/#primaryimage\"},\"thumbnailUrl\":\"http:\\\/\\\/www.pep06.fr\\\/rossetti\\\/wp-content\\\/uploads\\\/sites\\\/2\\\/2016\\\/06\\\/20160601_144232-e1464952289176-169x300.jpg\",\"datePublished\":\"2016-06-03T11:24:55+00:00\",\"dateModified\":\"2016-06-03T13:24:32+00:00\",\"description\":\"IEM Rossetti \u2013 PEP06\",\"breadcrumb\":{\"@id\":\"https:\\\/\\\/www.pep06.fr\\\/rossetti\\\/2016\\\/06\\\/03\\\/rencontre-avec-un-realisateur\\\/#breadcrumb\"},\"inLanguage\":\"fr-FR\",\"potentialAction\":[{\"@type\":\"ReadAction\",\"target\":[\"https:\\\/\\\/www.pep06.fr\\\/rossetti\\\/2016\\\/06\\\/03\\\/rencontre-avec-un-realisateur\\\/\"]}]},{\"@type\":\"ImageObject\",\"inLanguage\":\"fr-FR\",\"@id\":\"https:\\\/\\\/www.pep06.fr\\\/rossetti\\\/2016\\\/06\\\/03\\\/rencontre-avec-un-realisateur\\\/#primaryimage\",\"url\":\"https:\\\/\\\/www.pep06.fr\\\/rossetti\\\/wp-content\\\/uploads\\\/sites\\\/2\\\/2016\\\/06\\\/20160601_144232-e1464952289176.jpg\",\"contentUrl\":\"https:\\\/\\\/www.pep06.fr\\\/rossetti\\\/wp-content\\\/uploads\\\/sites\\\/2\\\/2016\\\/06\\\/20160601_144232-e1464952289176.jpg\",\"width\":1836,\"height\":3264},{\"@type\":\"BreadcrumbList\",\"@id\":\"https:\\\/\\\/www.pep06.fr\\\/rossetti\\\/2016\\\/06\\\/03\\\/rencontre-avec-un-realisateur\\\/#breadcrumb\",\"itemListElement\":[{\"@type\":\"ListItem\",\"position\":1,\"name\":\"Accueil\",\"item\":\"https:\\\/\\\/www.pep06.fr\\\/rossetti\\\/\"},{\"@type\":\"ListItem\",\"position\":2,\"name\":\"Rencontre avec le r\u00e9alisateur Laurent Boileau\"}]},{\"@type\":\"WebSite\",\"@id\":\"https:\\\/\\\/www.pep06.fr\\\/rossetti\\\/#website\",\"url\":\"https:\\\/\\\/www.pep06.fr\\\/rossetti\\\/\",\"name\":\"IEM Rossetti\",\"description\":\"Le site de l&#039;IEM Rossetti des PEP 06\",\"publisher\":{\"@id\":\"https:\\\/\\\/www.pep06.fr\\\/rossetti\\\/#organization\"},\"potentialAction\":[{\"@type\":\"SearchAction\",\"target\":{\"@type\":\"EntryPoint\",\"urlTemplate\":\"https:\\\/\\\/www.pep06.fr\\\/rossetti\\\/?s={search_term_string}\"},\"query-input\":{\"@type\":\"PropertyValueSpecification\",\"valueRequired\":true,\"valueName\":\"search_term_string\"}}],\"inLanguage\":\"fr-FR\"},{\"@type\":\"Organization\",\"@id\":\"https:\\\/\\\/www.pep06.fr\\\/rossetti\\\/#organization\",\"name\":\"PEP 06\",\"url\":\"https:\\\/\\\/www.pep06.fr\\\/rossetti\\\/\",\"logo\":{\"@type\":\"ImageObject\",\"inLanguage\":\"fr-FR\",\"@id\":\"https:\\\/\\\/www.pep06.fr\\\/rossetti\\\/#\\\/schema\\\/logo\\\/image\\\/\",\"url\":\"https:\\\/\\\/www.pep06.fr\\\/rossetti\\\/wp-content\\\/uploads\\\/sites\\\/2\\\/2015\\\/11\\\/Logo-PEP06.png\",\"contentUrl\":\"https:\\\/\\\/www.pep06.fr\\\/rossetti\\\/wp-content\\\/uploads\\\/sites\\\/2\\\/2015\\\/11\\\/Logo-PEP06.png\",\"width\":915,\"height\":915,\"caption\":\"PEP 06\"},\"image\":{\"@id\":\"https:\\\/\\\/www.pep06.fr\\\/rossetti\\\/#\\\/schema\\\/logo\\\/image\\\/\"},\"sameAs\":[\"https:\\\/\\\/www.facebook.com\\\/ADPEP06\"]},{\"@type\":\"Person\",\"@id\":\"https:\\\/\\\/www.pep06.fr\\\/rossetti\\\/#\\\/schema\\\/person\\\/a9905761926f11939db35a23e85b59b3\",\"name\":\"Fabienne BARONI\",\"image\":{\"@type\":\"ImageObject\",\"inLanguage\":\"fr-FR\",\"@id\":\"https:\\\/\\\/secure.gravatar.com\\\/avatar\\\/8e657f7e6ed7409aeab1ec68139ba89f95fd9462a6573462c76b4d8f256631cd?s=96&d=mm&r=g\",\"url\":\"https:\\\/\\\/secure.gravatar.com\\\/avatar\\\/8e657f7e6ed7409aeab1ec68139ba89f95fd9462a6573462c76b4d8f256631cd?s=96&d=mm&r=g\",\"contentUrl\":\"https:\\\/\\\/secure.gravatar.com\\\/avatar\\\/8e657f7e6ed7409aeab1ec68139ba89f95fd9462a6573462c76b4d8f256631cd?s=96&d=mm&r=g\",\"caption\":\"Fabienne BARONI\"},\"url\":\"https:\\\/\\\/www.pep06.fr\\\/rossetti\\\/author\\\/baronif\\\/\"}]}<\/script>\n<!-- \/ Yoast SEO plugin. -->","yoast_head_json":{"title":"Rencontre avec le r\u00e9alisateur Laurent Boileau - IEM Rossetti","description":"IEM Rossetti \u2013 PEP06","robots":{"index":"index","follow":"follow","max-snippet":"max-snippet:-1","max-image-preview":"max-image-preview:large","max-video-preview":"max-video-preview:-1"},"canonical":"https:\/\/www.pep06.fr\/rossetti\/2016\/06\/03\/rencontre-avec-un-realisateur\/","og_locale":"fr_FR","og_type":"article","og_title":"Rencontre avec le r\u00e9alisateur Laurent Boileau - IEM Rossetti","og_description":"IEM Rossetti \u2013 PEP06","og_url":"https:\/\/www.pep06.fr\/rossetti\/2016\/06\/03\/rencontre-avec-un-realisateur\/","og_site_name":"IEM Rossetti","article_publisher":"https:\/\/www.facebook.com\/ADPEP06","article_published_time":"2016-06-03T11:24:55+00:00","article_modified_time":"2016-06-03T13:24:32+00:00","og_image":[{"url":"http:\/\/www.pep06.fr\/rossetti\/wp-content\/uploads\/sites\/2\/2016\/06\/20160601_144232-e1464952289176-169x300.jpg","type":"","width":"","height":""}],"author":"Fabienne BARONI","twitter_card":"summary_large_image","twitter_misc":{"\u00c9crit par":"Fabienne BARONI","Dur\u00e9e de lecture estim\u00e9e":"1 minute"},"schema":{"@context":"https:\/\/schema.org","@graph":[{"@type":"Article","@id":"https:\/\/www.pep06.fr\/rossetti\/2016\/06\/03\/rencontre-avec-un-realisateur\/#article","isPartOf":{"@id":"https:\/\/www.pep06.fr\/rossetti\/2016\/06\/03\/rencontre-avec-un-realisateur\/"},"author":{"name":"Fabienne BARONI","@id":"https:\/\/www.pep06.fr\/rossetti\/#\/schema\/person\/a9905761926f11939db35a23e85b59b3"},"headline":"Rencontre avec le r\u00e9alisateur Laurent Boileau","datePublished":"2016-06-03T11:24:55+00:00","dateModified":"2016-06-03T13:24:32+00:00","mainEntityOfPage":{"@id":"https:\/\/www.pep06.fr\/rossetti\/2016\/06\/03\/rencontre-avec-un-realisateur\/"},"wordCount":193,"commentCount":0,"publisher":{"@id":"https:\/\/www.pep06.fr\/rossetti\/#organization"},"image":{"@id":"https:\/\/www.pep06.fr\/rossetti\/2016\/06\/03\/rencontre-avec-un-realisateur\/#primaryimage"},"thumbnailUrl":"http:\/\/www.pep06.fr\/rossetti\/wp-content\/uploads\/sites\/2\/2016\/06\/20160601_144232-e1464952289176-169x300.jpg","articleSection":["L'\u00e9tablissement","Les \u00e9v\u00e9nements"],"inLanguage":"fr-FR","potentialAction":[{"@type":"CommentAction","name":"Comment","target":["https:\/\/www.pep06.fr\/rossetti\/2016\/06\/03\/rencontre-avec-un-realisateur\/#respond"]}]},{"@type":"WebPage","@id":"https:\/\/www.pep06.fr\/rossetti\/2016\/06\/03\/rencontre-avec-un-realisateur\/","url":"https:\/\/www.pep06.fr\/rossetti\/2016\/06\/03\/rencontre-avec-un-realisateur\/","name":"Rencontre avec le r\u00e9alisateur Laurent Boileau - IEM Rossetti","isPartOf":{"@id":"https:\/\/www.pep06.fr\/rossetti\/#website"},"primaryImageOfPage":{"@id":"https:\/\/www.pep06.fr\/rossetti\/2016\/06\/03\/rencontre-avec-un-realisateur\/#primaryimage"},"image":{"@id":"https:\/\/www.pep06.fr\/rossetti\/2016\/06\/03\/rencontre-avec-un-realisateur\/#primaryimage"},"thumbnailUrl":"http:\/\/www.pep06.fr\/rossetti\/wp-content\/uploads\/sites\/2\/2016\/06\/20160601_144232-e1464952289176-169x300.jpg","datePublished":"2016-06-03T11:24:55+00:00","dateModified":"2016-06-03T13:24:32+00:00","description":"IEM Rossetti \u2013 PEP06","breadcrumb":{"@id":"https:\/\/www.pep06.fr\/rossetti\/2016\/06\/03\/rencontre-avec-un-realisateur\/#breadcrumb"},"inLanguage":"fr-FR","potentialAction":[{"@type":"ReadAction","target":["https:\/\/www.pep06.fr\/rossetti\/2016\/06\/03\/rencontre-avec-un-realisateur\/"]}]},{"@type":"ImageObject","inLanguage":"fr-FR","@id":"https:\/\/www.pep06.fr\/rossetti\/2016\/06\/03\/rencontre-avec-un-realisateur\/#primaryimage","url":"https:\/\/www.pep06.fr\/rossetti\/wp-content\/uploads\/sites\/2\/2016\/06\/20160601_144232-e1464952289176.jpg","contentUrl":"https:\/\/www.pep06.fr\/rossetti\/wp-content\/uploads\/sites\/2\/2016\/06\/20160601_144232-e1464952289176.jpg","width":1836,"height":3264},{"@type":"BreadcrumbList","@id":"https:\/\/www.pep06.fr\/rossetti\/2016\/06\/03\/rencontre-avec-un-realisateur\/#breadcrumb","itemListElement":[{"@type":"ListItem","position":1,"name":"Accueil","item":"https:\/\/www.pep06.fr\/rossetti\/"},{"@type":"ListItem","position":2,"name":"Rencontre avec le r\u00e9alisateur Laurent Boileau"}]},{"@type":"WebSite","@id":"https:\/\/www.pep06.fr\/rossetti\/#website","url":"https:\/\/www.pep06.fr\/rossetti\/","name":"IEM Rossetti","description":"Le site de l&#039;IEM Rossetti des PEP 06","publisher":{"@id":"https:\/\/www.pep06.fr\/rossetti\/#organization"},"potentialAction":[{"@type":"SearchAction","target":{"@type":"EntryPoint","urlTemplate":"https:\/\/www.pep06.fr\/rossetti\/?s={search_term_string}"},"query-input":{"@type":"PropertyValueSpecification","valueRequired":true,"valueName":"search_term_string"}}],"inLanguage":"fr-FR"},{"@type":"Organization","@id":"https:\/\/www.pep06.fr\/rossetti\/#organization","name":"PEP 06","url":"https:\/\/www.pep06.fr\/rossetti\/","logo":{"@type":"ImageObject","inLanguage":"fr-FR","@id":"https:\/\/www.pep06.fr\/rossetti\/#\/schema\/logo\/image\/","url":"https:\/\/www.pep06.fr\/rossetti\/wp-content\/uploads\/sites\/2\/2015\/11\/Logo-PEP06.png","contentUrl":"https:\/\/www.pep06.fr\/rossetti\/wp-content\/uploads\/sites\/2\/2015\/11\/Logo-PEP06.png","width":915,"height":915,"caption":"PEP 06"},"image":{"@id":"https:\/\/www.pep06.fr\/rossetti\/#\/schema\/logo\/image\/"},"sameAs":["https:\/\/www.facebook.com\/ADPEP06"]},{"@type":"Person","@id":"https:\/\/www.pep06.fr\/rossetti\/#\/schema\/person\/a9905761926f11939db35a23e85b59b3","name":"Fabienne BARONI","image":{"@type":"ImageObject","inLanguage":"fr-FR","@id":"https:\/\/secure.gravatar.com\/avatar\/8e657f7e6ed7409aeab1ec68139ba89f95fd9462a6573462c76b4d8f256631cd?s=96&d=mm&r=g","url":"https:\/\/secure.gravatar.com\/avatar\/8e657f7e6ed7409aeab1ec68139ba89f95fd9462a6573462c76b4d8f256631cd?s=96&d=mm&r=g","contentUrl":"https:\/\/secure.gravatar.com\/avatar\/8e657f7e6ed7409aeab1ec68139ba89f95fd9462a6573462c76b4d8f256631cd?s=96&d=mm&r=g","caption":"Fabienne BARONI"},"url":"https:\/\/www.pep06.fr\/rossetti\/author\/baronif\/"}]}},"jetpack_publicize_connections":[],"jetpack_featured_media_url":"","jetpack_sharing_enabled":true,"jetpack_shortlink":"https:\/\/wp.me\/p6ZrMM-6L","_links":{"self":[{"href":"https:\/\/www.pep06.fr\/rossetti\/wp-json\/wp\/v2\/posts\/419","targetHints":{"allow":["GET"]}}],"collection":[{"href":"https:\/\/www.pep06.fr\/rossetti\/wp-json\/wp\/v2\/posts"}],"about":[{"href":"https:\/\/www.pep06.fr\/rossetti\/wp-json\/wp\/v2\/types\/post"}],"author":[{"embeddable":true,"href":"https:\/\/www.pep06.fr\/rossetti\/wp-json\/wp\/v2\/users\/10"}],"replies":[{"embeddable":true,"href":"https:\/\/www.pep06.fr\/rossetti\/wp-json\/wp\/v2\/comments?post=419"}],"version-history":[{"count":14,"href":"https:\/\/www.pep06.fr\/rossetti\/wp-json\/wp\/v2\/posts\/419\/revisions"}],"predecessor-version":[{"id":441,"href":"https:\/\/www.pep06.fr\/rossetti\/wp-json\/wp\/v2\/posts\/419\/revisions\/441"}],"wp:attachment":[{"href":"https:\/\/www.pep06.fr\/rossetti\/wp-json\/wp\/v2\/media?parent=419"}],"wp:term":[{"taxonomy":"category","embeddable":true,"href":"https:\/\/www.pep06.fr\/rossetti\/wp-json\/wp\/v2\/categories?post=419"},{"taxonomy":"post_tag","embeddable":true,"href":"https:\/\/www.pep06.fr\/rossetti\/wp-json\/wp\/v2\/tags?post=419"}],"curies":[{"name":"wp","href":"https:\/\/api.w.org\/{rel}","templated":true}]}}