{"id":948,"date":"2020-04-27T11:42:04","date_gmt":"2020-04-27T10:42:04","guid":{"rendered":"http:\/\/www.pep06.fr\/rossetti\/?p=948"},"modified":"2020-04-27T11:42:08","modified_gmt":"2020-04-27T10:42:08","slug":"photos-de-confinement-que-voyons-nous-de-notre-fenetre-en-ces-temps-de-covid-19","status":"publish","type":"post","link":"https:\/\/www.pep06.fr\/rossetti\/2020\/04\/27\/photos-de-confinement-que-voyons-nous-de-notre-fenetre-en-ces-temps-de-covid-19\/","title":{"rendered":"Photos de Confinement : Que voyons-nous de notre fen\u00eatre en ces temps de Covid-19 ?"},"content":{"rendered":"\n<div class=\"wp-block-image\"><figure class=\"aligncenter\"><img loading=\"lazy\" decoding=\"async\" width=\"1024\" height=\"768\" data-attachment-id=\"947\" data-permalink=\"https:\/\/www.pep06.fr\/rossetti\/paysageyassin\/\" data-orig-file=\"https:\/\/www.pep06.fr\/rossetti\/wp-content\/uploads\/sites\/2\/2020\/04\/paysageYassin.jpg\" data-orig-size=\"2016,1512\" data-comments-opened=\"1\" data-image-meta=\"{&quot;aperture&quot;:&quot;1.8&quot;,&quot;credit&quot;:&quot;&quot;,&quot;camera&quot;:&quot;iPhone 8 Plus&quot;,&quot;caption&quot;:&quot;&quot;,&quot;created_timestamp&quot;:&quot;1585830031&quot;,&quot;copyright&quot;:&quot;&quot;,&quot;focal_length&quot;:&quot;3.99&quot;,&quot;iso&quot;:&quot;25&quot;,&quot;shutter_speed&quot;:&quot;0.0002289901534234&quot;,&quot;title&quot;:&quot;&quot;,&quot;orientation&quot;:&quot;1&quot;}\" data-image-title=\"paysageYassin\" data-image-description=\"\" data-image-caption=\"\" data-large-file=\"https:\/\/www.pep06.fr\/rossetti\/wp-content\/uploads\/sites\/2\/2020\/04\/paysageYassin-1024x768.jpg\" src=\"http:\/\/www.pep06.fr\/rossetti\/wp-content\/uploads\/sites\/2\/2020\/04\/paysageYassin-1024x768.jpg\" alt=\"\" class=\"wp-image-947\" srcset=\"https:\/\/www.pep06.fr\/rossetti\/wp-content\/uploads\/sites\/2\/2020\/04\/paysageYassin-1024x768.jpg 1024w, https:\/\/www.pep06.fr\/rossetti\/wp-content\/uploads\/sites\/2\/2020\/04\/paysageYassin-300x225.jpg 300w, https:\/\/www.pep06.fr\/rossetti\/wp-content\/uploads\/sites\/2\/2020\/04\/paysageYassin-768x576.jpg 768w, https:\/\/www.pep06.fr\/rossetti\/wp-content\/uploads\/sites\/2\/2020\/04\/paysageYassin.jpg 2016w\" sizes=\"auto, (max-width: 1024px) 100vw, 1024px\" \/><figcaption>  <br> <br> <strong><em>De mon balcon \u00e0 Grasse. Je vois des b\u00e2timents je vois des montagnes on peut aussi imaginer que ce sont des vagues on peut aussi voir le sapin et derri\u00e8re le sapin on voit le pont de Gustave Eiffel. <\/em><span style=\"text-decoration: underline\">Photo et L\u00e9gende de Yassin<\/span><\/strong><br> <br> <\/figcaption><\/figure><\/div>\n\n\n\n<figure class=\"wp-block-image\"><img loading=\"lazy\" decoding=\"async\" width=\"1024\" height=\"575\" data-attachment-id=\"946\" data-permalink=\"https:\/\/www.pep06.fr\/rossetti\/paysagesophie\/\" data-orig-file=\"https:\/\/www.pep06.fr\/rossetti\/wp-content\/uploads\/sites\/2\/2020\/04\/paysageSophie.jpg\" data-orig-size=\"1600,899\" data-comments-opened=\"1\" data-image-meta=\"{&quot;aperture&quot;:&quot;0&quot;,&quot;credit&quot;:&quot;&quot;,&quot;camera&quot;:&quot;&quot;,&quot;caption&quot;:&quot;&quot;,&quot;created_timestamp&quot;:&quot;0&quot;,&quot;copyright&quot;:&quot;&quot;,&quot;focal_length&quot;:&quot;0&quot;,&quot;iso&quot;:&quot;0&quot;,&quot;shutter_speed&quot;:&quot;0&quot;,&quot;title&quot;:&quot;&quot;,&quot;orientation&quot;:&quot;0&quot;}\" data-image-title=\"paysageSophie\" data-image-description=\"\" data-image-caption=\"\" data-large-file=\"https:\/\/www.pep06.fr\/rossetti\/wp-content\/uploads\/sites\/2\/2020\/04\/paysageSophie-1024x575.jpg\" src=\"http:\/\/www.pep06.fr\/rossetti\/wp-content\/uploads\/sites\/2\/2020\/04\/paysageSophie-1024x575.jpg\" alt=\"\" class=\"wp-image-946\" srcset=\"https:\/\/www.pep06.fr\/rossetti\/wp-content\/uploads\/sites\/2\/2020\/04\/paysageSophie-1024x575.jpg 1024w, https:\/\/www.pep06.fr\/rossetti\/wp-content\/uploads\/sites\/2\/2020\/04\/paysageSophie-300x169.jpg 300w, https:\/\/www.pep06.fr\/rossetti\/wp-content\/uploads\/sites\/2\/2020\/04\/paysageSophie-768x432.jpg 768w, https:\/\/www.pep06.fr\/rossetti\/wp-content\/uploads\/sites\/2\/2020\/04\/paysageSophie.jpg 1600w\" sizes=\"auto, (max-width: 1024px) 100vw, 1024px\" \/><figcaption> <br><br> <strong>St Laurent du Var.  Depuis mon balcon je vois au plus pr\u00e8s un petit stade, derri\u00e8re la route et le fleuve \u00ab\u00a0Le Var\u00a0\u00bb, qui me s\u00e9pare de la ville de Nice. On reconna\u00eet les locaux du conseil g\u00e9n\u00e9ral avec tout au fond le Mont Agel. Un nouvel immeuble est en train de se construire, sa grue bleue et blanche le confirme.<\/strong> <span style=\"text-decoration: underline\">Photo et L\u00e9gende de Sophie<\/span><\/figcaption><\/figure>\n\n\n\n<figure class=\"wp-block-image\"><img loading=\"lazy\" decoding=\"async\" width=\"1024\" height=\"576\" data-attachment-id=\"945\" data-permalink=\"https:\/\/www.pep06.fr\/rossetti\/paysagenathkine\/\" data-orig-file=\"https:\/\/www.pep06.fr\/rossetti\/wp-content\/uploads\/sites\/2\/2020\/04\/paysageNathKin\u00e9.jpg\" data-orig-size=\"1280,720\" data-comments-opened=\"1\" data-image-meta=\"{&quot;aperture&quot;:&quot;0&quot;,&quot;credit&quot;:&quot;&quot;,&quot;camera&quot;:&quot;&quot;,&quot;caption&quot;:&quot;&quot;,&quot;created_timestamp&quot;:&quot;0&quot;,&quot;copyright&quot;:&quot;&quot;,&quot;focal_length&quot;:&quot;0&quot;,&quot;iso&quot;:&quot;0&quot;,&quot;shutter_speed&quot;:&quot;0&quot;,&quot;title&quot;:&quot;&quot;,&quot;orientation&quot;:&quot;0&quot;}\" data-image-title=\"paysageNathKin\u00e9\" data-image-description=\"\" data-image-caption=\"\" data-large-file=\"https:\/\/www.pep06.fr\/rossetti\/wp-content\/uploads\/sites\/2\/2020\/04\/paysageNathKin\u00e9-1024x576.jpg\" src=\"http:\/\/www.pep06.fr\/rossetti\/wp-content\/uploads\/sites\/2\/2020\/04\/paysageNathKin\u00e9-1024x576.jpg\" alt=\"\" class=\"wp-image-945\" srcset=\"https:\/\/www.pep06.fr\/rossetti\/wp-content\/uploads\/sites\/2\/2020\/04\/paysageNathKin\u00e9-1024x576.jpg 1024w, https:\/\/www.pep06.fr\/rossetti\/wp-content\/uploads\/sites\/2\/2020\/04\/paysageNathKin\u00e9-300x169.jpg 300w, https:\/\/www.pep06.fr\/rossetti\/wp-content\/uploads\/sites\/2\/2020\/04\/paysageNathKin\u00e9-768x432.jpg 768w, https:\/\/www.pep06.fr\/rossetti\/wp-content\/uploads\/sites\/2\/2020\/04\/paysageNathKin\u00e9.jpg 1280w\" sizes=\"auto, (max-width: 1024px) 100vw, 1024px\" \/><figcaption>  <br> <strong>St Andr\u00e9 de la Roche. En cette p\u00e9riode de confinement, voir un coin de verdure permet de s&rsquo;\u00e9vader dans la nature, de respirer un bol d&rsquo;air pur, tout en restant chez soi ! On peut voir au loin sur la colline, le d\u00f4me blanc de l&rsquo;observatoire de Nice !<\/strong> <br><span style=\"text-decoration: underline\">Photo et L\u00e9gende de Nathalie<\/span><\/figcaption><\/figure>\n\n\n\n<figure class=\"wp-block-image\"><img loading=\"lazy\" decoding=\"async\" width=\"1024\" height=\"576\" data-attachment-id=\"944\" data-permalink=\"https:\/\/www.pep06.fr\/rossetti\/paysagenadia\/\" data-orig-file=\"https:\/\/www.pep06.fr\/rossetti\/wp-content\/uploads\/sites\/2\/2020\/04\/paysageNadia.jpg\" data-orig-size=\"1600,900\" data-comments-opened=\"1\" data-image-meta=\"{&quot;aperture&quot;:&quot;0&quot;,&quot;credit&quot;:&quot;&quot;,&quot;camera&quot;:&quot;&quot;,&quot;caption&quot;:&quot;&quot;,&quot;created_timestamp&quot;:&quot;0&quot;,&quot;copyright&quot;:&quot;&quot;,&quot;focal_length&quot;:&quot;0&quot;,&quot;iso&quot;:&quot;0&quot;,&quot;shutter_speed&quot;:&quot;0&quot;,&quot;title&quot;:&quot;&quot;,&quot;orientation&quot;:&quot;0&quot;}\" data-image-title=\"paysageNadia\" data-image-description=\"\" data-image-caption=\"\" data-large-file=\"https:\/\/www.pep06.fr\/rossetti\/wp-content\/uploads\/sites\/2\/2020\/04\/paysageNadia-1024x576.jpg\" src=\"http:\/\/www.pep06.fr\/rossetti\/wp-content\/uploads\/sites\/2\/2020\/04\/paysageNadia-1024x576.jpg\" alt=\"\" class=\"wp-image-944\" srcset=\"https:\/\/www.pep06.fr\/rossetti\/wp-content\/uploads\/sites\/2\/2020\/04\/paysageNadia-1024x576.jpg 1024w, https:\/\/www.pep06.fr\/rossetti\/wp-content\/uploads\/sites\/2\/2020\/04\/paysageNadia-300x169.jpg 300w, https:\/\/www.pep06.fr\/rossetti\/wp-content\/uploads\/sites\/2\/2020\/04\/paysageNadia-768x432.jpg 768w, https:\/\/www.pep06.fr\/rossetti\/wp-content\/uploads\/sites\/2\/2020\/04\/paysageNadia.jpg 1600w\" sizes=\"auto, (max-width: 1024px) 100vw, 1024px\" \/><figcaption> <br> <strong>Nice quartier St Pierre de F\u00e9ric. De ma fen\u00eatre je vois de la verdure et un ensemble d&rsquo;immeubles r\u00e9sidentiels sur la colline d&rsquo;en face.<\/strong> <span style=\"text-decoration: underline\">Photo et L\u00e9gende de Nadia<\/span><br> <br> <\/figcaption><\/figure>\n\n\n\n<figure class=\"wp-block-image\"><img loading=\"lazy\" decoding=\"async\" width=\"768\" height=\"1024\" data-attachment-id=\"943\" data-permalink=\"https:\/\/www.pep06.fr\/rossetti\/paysagejason\/\" data-orig-file=\"https:\/\/www.pep06.fr\/rossetti\/wp-content\/uploads\/sites\/2\/2020\/04\/paysageJason.jpg\" data-orig-size=\"3120,4160\" data-comments-opened=\"1\" data-image-meta=\"{&quot;aperture&quot;:&quot;0&quot;,&quot;credit&quot;:&quot;&quot;,&quot;camera&quot;:&quot;&quot;,&quot;caption&quot;:&quot;&quot;,&quot;created_timestamp&quot;:&quot;0&quot;,&quot;copyright&quot;:&quot;&quot;,&quot;focal_length&quot;:&quot;0&quot;,&quot;iso&quot;:&quot;0&quot;,&quot;shutter_speed&quot;:&quot;0&quot;,&quot;title&quot;:&quot;&quot;,&quot;orientation&quot;:&quot;0&quot;}\" data-image-title=\"paysageJason\" data-image-description=\"\" data-image-caption=\"\" data-large-file=\"https:\/\/www.pep06.fr\/rossetti\/wp-content\/uploads\/sites\/2\/2020\/04\/paysageJason-768x1024.jpg\" src=\"http:\/\/www.pep06.fr\/rossetti\/wp-content\/uploads\/sites\/2\/2020\/04\/paysageJason-768x1024.jpg\" alt=\"\" class=\"wp-image-943\" srcset=\"https:\/\/www.pep06.fr\/rossetti\/wp-content\/uploads\/sites\/2\/2020\/04\/paysageJason-768x1024.jpg 768w, https:\/\/www.pep06.fr\/rossetti\/wp-content\/uploads\/sites\/2\/2020\/04\/paysageJason-225x300.jpg 225w\" sizes=\"auto, (max-width: 768px) 100vw, 768px\" \/><figcaption> <br><strong> Nice :<\/strong> <strong>Quartier Saint Roch : <\/strong> <br> <strong>Vue b\u00e2timent La Patrie : <\/strong> <br> Au premier plan on voit le club de Football Cavigal et son terrain \u00e0 c\u00f4t\u00e9 du stade, la piscine Saint-Charles avec petite piscine int\u00e9rieure et aquagym plus loin un quartier r\u00e9sidentiel. Je suis tr\u00e8s content d\u2019avoir une vue aussi magnifique et naturelle avec une superbe colline tr\u00e8s grande et impressionnante. Nous avons plusieurs parcs dans le quartier, le tramway que nous pouvons voir \u00e0 gauche et aussi \u00e0 c\u00f4t\u00e9 le cimeti\u00e8re Saint Roch, Aldi, bref presque tout dans le quartier, j\u2019aime bien mon nouveau chez moi ! <span style=\"text-decoration: underline\"><strong>Photo et L\u00e9gende de Jason<\/strong><\/span><\/figcaption><\/figure>\n\n\n\n<figure class=\"wp-block-image\"><img loading=\"lazy\" decoding=\"async\" width=\"1024\" height=\"765\" data-attachment-id=\"942\" data-permalink=\"https:\/\/www.pep06.fr\/rossetti\/paysagecathy\/\" data-orig-file=\"https:\/\/www.pep06.fr\/rossetti\/wp-content\/uploads\/sites\/2\/2020\/04\/paysageCathy.jpg\" data-orig-size=\"1600,1196\" data-comments-opened=\"1\" data-image-meta=\"{&quot;aperture&quot;:&quot;0&quot;,&quot;credit&quot;:&quot;&quot;,&quot;camera&quot;:&quot;&quot;,&quot;caption&quot;:&quot;&quot;,&quot;created_timestamp&quot;:&quot;0&quot;,&quot;copyright&quot;:&quot;&quot;,&quot;focal_length&quot;:&quot;0&quot;,&quot;iso&quot;:&quot;0&quot;,&quot;shutter_speed&quot;:&quot;0&quot;,&quot;title&quot;:&quot;&quot;,&quot;orientation&quot;:&quot;0&quot;}\" data-image-title=\"paysageCathy\" data-image-description=\"\" data-image-caption=\"\" data-large-file=\"https:\/\/www.pep06.fr\/rossetti\/wp-content\/uploads\/sites\/2\/2020\/04\/paysageCathy-1024x765.jpg\" src=\"http:\/\/www.pep06.fr\/rossetti\/wp-content\/uploads\/sites\/2\/2020\/04\/paysageCathy-1024x765.jpg\" alt=\"\" class=\"wp-image-942\" srcset=\"https:\/\/www.pep06.fr\/rossetti\/wp-content\/uploads\/sites\/2\/2020\/04\/paysageCathy-1024x765.jpg 1024w, https:\/\/www.pep06.fr\/rossetti\/wp-content\/uploads\/sites\/2\/2020\/04\/paysageCathy-300x224.jpg 300w, https:\/\/www.pep06.fr\/rossetti\/wp-content\/uploads\/sites\/2\/2020\/04\/paysageCathy-768x574.jpg 768w, https:\/\/www.pep06.fr\/rossetti\/wp-content\/uploads\/sites\/2\/2020\/04\/paysageCathy.jpg 1600w\" sizes=\"auto, (max-width: 1024px) 100vw, 1024px\" \/><figcaption> <br> <strong>Nice Quartier de la Madeleine. De ma fen\u00eatre je vois des maisons et le pont de l&rsquo;autoroute qui m\u00e8ne vers l&rsquo;Italie.<\/strong> <span style=\"text-decoration: underline\">Photo et L\u00e9gende de Cathy<\/span><br> <br> <\/figcaption><\/figure>\n\n\n\n<figure class=\"wp-block-image\"><img loading=\"lazy\" decoding=\"async\" width=\"1024\" height=\"768\" data-attachment-id=\"941\" data-permalink=\"https:\/\/www.pep06.fr\/rossetti\/paysage-fab\/\" data-orig-file=\"https:\/\/www.pep06.fr\/rossetti\/wp-content\/uploads\/sites\/2\/2020\/04\/paysage.Fab_.jpg\" data-orig-size=\"1280,960\" data-comments-opened=\"1\" data-image-meta=\"{&quot;aperture&quot;:&quot;0&quot;,&quot;credit&quot;:&quot;&quot;,&quot;camera&quot;:&quot;&quot;,&quot;caption&quot;:&quot;&quot;,&quot;created_timestamp&quot;:&quot;0&quot;,&quot;copyright&quot;:&quot;&quot;,&quot;focal_length&quot;:&quot;0&quot;,&quot;iso&quot;:&quot;0&quot;,&quot;shutter_speed&quot;:&quot;0&quot;,&quot;title&quot;:&quot;&quot;,&quot;orientation&quot;:&quot;0&quot;}\" data-image-title=\"paysage.Fab\" data-image-description=\"\" data-image-caption=\"\" data-large-file=\"https:\/\/www.pep06.fr\/rossetti\/wp-content\/uploads\/sites\/2\/2020\/04\/paysage.Fab_-1024x768.jpg\" src=\"http:\/\/www.pep06.fr\/rossetti\/wp-content\/uploads\/sites\/2\/2020\/04\/paysage.Fab_-1024x768.jpg\" alt=\"\" class=\"wp-image-941\" srcset=\"https:\/\/www.pep06.fr\/rossetti\/wp-content\/uploads\/sites\/2\/2020\/04\/paysage.Fab_-1024x768.jpg 1024w, https:\/\/www.pep06.fr\/rossetti\/wp-content\/uploads\/sites\/2\/2020\/04\/paysage.Fab_-300x225.jpg 300w, https:\/\/www.pep06.fr\/rossetti\/wp-content\/uploads\/sites\/2\/2020\/04\/paysage.Fab_-768x576.jpg 768w, https:\/\/www.pep06.fr\/rossetti\/wp-content\/uploads\/sites\/2\/2020\/04\/paysage.Fab_.jpg 1280w\" sizes=\"auto, (max-width: 1024px) 100vw, 1024px\" \/><figcaption>  <br> De la fen\u00eatre de mon salon, je vois le village de St Blaise, on peut voir le clocher de l&rsquo;\u00e9glise avec l&rsquo;arri\u00e8re de la mairie sur la gauche, la route m\u00e8ne au village de Levens et si on regarde la colline en face l&rsquo;\u00e9glise, on voit les maisons du quartier St Antoine de Siga. <br><span style=\"text-decoration: underline\">Photo et L\u00e9gende de Fabienne<\/span><\/figcaption><\/figure>\n","protected":false},"excerpt":{"rendered":"","protected":false},"author":10,"featured_media":0,"comment_status":"open","ping_status":"open","sticky":false,"template":"","format":"standard","meta":{"_uf_show_specific_survey":0,"_uf_disable_surveys":false,"jetpack_post_was_ever_published":false,"_jetpack_newsletter_access":"","_jetpack_dont_email_post_to_subs":false,"_jetpack_newsletter_tier_id":0,"_jetpack_memberships_contains_paywalled_content":false,"_jetpack_memberships_contains_paid_content":false,"footnotes":"","jetpack_publicize_message":"","jetpack_publicize_feature_enabled":true,"jetpack_social_post_already_shared":true,"jetpack_social_options":{"image_generator_settings":{"template":"highway","default_image_id":0,"font":"","enabled":false},"version":2}},"categories":[5,1],"tags":[],"class_list":["post-948","post","type-post","status-publish","format-standard","hentry","category-evenements","category-non-classe"],"yoast_head":"<!-- This site is optimized with the Yoast SEO plugin v27.5 - https:\/\/yoast.com\/product\/yoast-seo-wordpress\/ -->\n<title>Photos de Confinement : Que voyons-nous de notre fen\u00eatre en ces temps de Covid-19 ? - IEM Rossetti<\/title>\n<meta name=\"description\" content=\"IEM Rossetti \u2013 PEP06\" \/>\n<meta name=\"robots\" content=\"index, follow, max-snippet:-1, max-image-preview:large, max-video-preview:-1\" \/>\n<link rel=\"canonical\" href=\"https:\/\/www.pep06.fr\/rossetti\/2020\/04\/27\/photos-de-confinement-que-voyons-nous-de-notre-fenetre-en-ces-temps-de-covid-19\/\" \/>\n<meta property=\"og:locale\" content=\"fr_FR\" \/>\n<meta property=\"og:type\" content=\"article\" \/>\n<meta property=\"og:title\" content=\"Photos de Confinement : Que voyons-nous de notre fen\u00eatre en ces temps de Covid-19 ? - IEM Rossetti\" \/>\n<meta property=\"og:description\" content=\"IEM Rossetti \u2013 PEP06\" \/>\n<meta property=\"og:url\" content=\"https:\/\/www.pep06.fr\/rossetti\/2020\/04\/27\/photos-de-confinement-que-voyons-nous-de-notre-fenetre-en-ces-temps-de-covid-19\/\" \/>\n<meta property=\"og:site_name\" content=\"IEM Rossetti\" \/>\n<meta property=\"article:publisher\" content=\"https:\/\/www.facebook.com\/ADPEP06\" \/>\n<meta property=\"article:published_time\" content=\"2020-04-27T10:42:04+00:00\" \/>\n<meta property=\"article:modified_time\" content=\"2020-04-27T10:42:08+00:00\" \/>\n<meta property=\"og:image\" content=\"http:\/\/www.pep06.fr\/rossetti\/wp-content\/uploads\/sites\/2\/2020\/04\/paysageYassin-1024x768.jpg\" \/>\n<meta name=\"author\" content=\"Fabienne BARONI\" \/>\n<meta name=\"twitter:card\" content=\"summary_large_image\" \/>\n<meta name=\"twitter:label1\" content=\"\u00c9crit par\" \/>\n\t<meta name=\"twitter:data1\" content=\"Fabienne BARONI\" \/>\n\t<meta name=\"twitter:label2\" content=\"Dur\u00e9e de lecture estim\u00e9e\" \/>\n\t<meta name=\"twitter:data2\" content=\"2 minutes\" \/>\n<script type=\"application\/ld+json\" class=\"yoast-schema-graph\">{\"@context\":\"https:\\\/\\\/schema.org\",\"@graph\":[{\"@type\":\"Article\",\"@id\":\"https:\\\/\\\/www.pep06.fr\\\/rossetti\\\/2020\\\/04\\\/27\\\/photos-de-confinement-que-voyons-nous-de-notre-fenetre-en-ces-temps-de-covid-19\\\/#article\",\"isPartOf\":{\"@id\":\"https:\\\/\\\/www.pep06.fr\\\/rossetti\\\/2020\\\/04\\\/27\\\/photos-de-confinement-que-voyons-nous-de-notre-fenetre-en-ces-temps-de-covid-19\\\/\"},\"author\":{\"name\":\"Fabienne BARONI\",\"@id\":\"https:\\\/\\\/www.pep06.fr\\\/rossetti\\\/#\\\/schema\\\/person\\\/a9905761926f11939db35a23e85b59b3\"},\"headline\":\"Photos de Confinement : Que voyons-nous de notre fen\u00eatre en ces temps de Covid-19 ?\",\"datePublished\":\"2020-04-27T10:42:04+00:00\",\"dateModified\":\"2020-04-27T10:42:08+00:00\",\"mainEntityOfPage\":{\"@id\":\"https:\\\/\\\/www.pep06.fr\\\/rossetti\\\/2020\\\/04\\\/27\\\/photos-de-confinement-que-voyons-nous-de-notre-fenetre-en-ces-temps-de-covid-19\\\/\"},\"wordCount\":430,\"commentCount\":0,\"publisher\":{\"@id\":\"https:\\\/\\\/www.pep06.fr\\\/rossetti\\\/#organization\"},\"image\":{\"@id\":\"https:\\\/\\\/www.pep06.fr\\\/rossetti\\\/2020\\\/04\\\/27\\\/photos-de-confinement-que-voyons-nous-de-notre-fenetre-en-ces-temps-de-covid-19\\\/#primaryimage\"},\"thumbnailUrl\":\"http:\\\/\\\/www.pep06.fr\\\/rossetti\\\/wp-content\\\/uploads\\\/sites\\\/2\\\/2020\\\/04\\\/paysageYassin-1024x768.jpg\",\"articleSection\":[\"Les \u00e9v\u00e9nements\"],\"inLanguage\":\"fr-FR\",\"potentialAction\":[{\"@type\":\"CommentAction\",\"name\":\"Comment\",\"target\":[\"https:\\\/\\\/www.pep06.fr\\\/rossetti\\\/2020\\\/04\\\/27\\\/photos-de-confinement-que-voyons-nous-de-notre-fenetre-en-ces-temps-de-covid-19\\\/#respond\"]}]},{\"@type\":\"WebPage\",\"@id\":\"https:\\\/\\\/www.pep06.fr\\\/rossetti\\\/2020\\\/04\\\/27\\\/photos-de-confinement-que-voyons-nous-de-notre-fenetre-en-ces-temps-de-covid-19\\\/\",\"url\":\"https:\\\/\\\/www.pep06.fr\\\/rossetti\\\/2020\\\/04\\\/27\\\/photos-de-confinement-que-voyons-nous-de-notre-fenetre-en-ces-temps-de-covid-19\\\/\",\"name\":\"Photos de Confinement : Que voyons-nous de notre fen\u00eatre en ces temps de Covid-19 ? - IEM Rossetti\",\"isPartOf\":{\"@id\":\"https:\\\/\\\/www.pep06.fr\\\/rossetti\\\/#website\"},\"primaryImageOfPage\":{\"@id\":\"https:\\\/\\\/www.pep06.fr\\\/rossetti\\\/2020\\\/04\\\/27\\\/photos-de-confinement-que-voyons-nous-de-notre-fenetre-en-ces-temps-de-covid-19\\\/#primaryimage\"},\"image\":{\"@id\":\"https:\\\/\\\/www.pep06.fr\\\/rossetti\\\/2020\\\/04\\\/27\\\/photos-de-confinement-que-voyons-nous-de-notre-fenetre-en-ces-temps-de-covid-19\\\/#primaryimage\"},\"thumbnailUrl\":\"http:\\\/\\\/www.pep06.fr\\\/rossetti\\\/wp-content\\\/uploads\\\/sites\\\/2\\\/2020\\\/04\\\/paysageYassin-1024x768.jpg\",\"datePublished\":\"2020-04-27T10:42:04+00:00\",\"dateModified\":\"2020-04-27T10:42:08+00:00\",\"description\":\"IEM Rossetti \u2013 PEP06\",\"breadcrumb\":{\"@id\":\"https:\\\/\\\/www.pep06.fr\\\/rossetti\\\/2020\\\/04\\\/27\\\/photos-de-confinement-que-voyons-nous-de-notre-fenetre-en-ces-temps-de-covid-19\\\/#breadcrumb\"},\"inLanguage\":\"fr-FR\",\"potentialAction\":[{\"@type\":\"ReadAction\",\"target\":[\"https:\\\/\\\/www.pep06.fr\\\/rossetti\\\/2020\\\/04\\\/27\\\/photos-de-confinement-que-voyons-nous-de-notre-fenetre-en-ces-temps-de-covid-19\\\/\"]}]},{\"@type\":\"ImageObject\",\"inLanguage\":\"fr-FR\",\"@id\":\"https:\\\/\\\/www.pep06.fr\\\/rossetti\\\/2020\\\/04\\\/27\\\/photos-de-confinement-que-voyons-nous-de-notre-fenetre-en-ces-temps-de-covid-19\\\/#primaryimage\",\"url\":\"https:\\\/\\\/www.pep06.fr\\\/rossetti\\\/wp-content\\\/uploads\\\/sites\\\/2\\\/2020\\\/04\\\/paysageYassin.jpg\",\"contentUrl\":\"https:\\\/\\\/www.pep06.fr\\\/rossetti\\\/wp-content\\\/uploads\\\/sites\\\/2\\\/2020\\\/04\\\/paysageYassin.jpg\",\"width\":2016,\"height\":1512},{\"@type\":\"BreadcrumbList\",\"@id\":\"https:\\\/\\\/www.pep06.fr\\\/rossetti\\\/2020\\\/04\\\/27\\\/photos-de-confinement-que-voyons-nous-de-notre-fenetre-en-ces-temps-de-covid-19\\\/#breadcrumb\",\"itemListElement\":[{\"@type\":\"ListItem\",\"position\":1,\"name\":\"Accueil\",\"item\":\"https:\\\/\\\/www.pep06.fr\\\/rossetti\\\/\"},{\"@type\":\"ListItem\",\"position\":2,\"name\":\"Photos de Confinement : Que voyons-nous de notre fen\u00eatre en ces temps de Covid-19 ?\"}]},{\"@type\":\"WebSite\",\"@id\":\"https:\\\/\\\/www.pep06.fr\\\/rossetti\\\/#website\",\"url\":\"https:\\\/\\\/www.pep06.fr\\\/rossetti\\\/\",\"name\":\"IEM Rossetti\",\"description\":\"Le site de l&#039;IEM Rossetti des PEP 06\",\"publisher\":{\"@id\":\"https:\\\/\\\/www.pep06.fr\\\/rossetti\\\/#organization\"},\"potentialAction\":[{\"@type\":\"SearchAction\",\"target\":{\"@type\":\"EntryPoint\",\"urlTemplate\":\"https:\\\/\\\/www.pep06.fr\\\/rossetti\\\/?s={search_term_string}\"},\"query-input\":{\"@type\":\"PropertyValueSpecification\",\"valueRequired\":true,\"valueName\":\"search_term_string\"}}],\"inLanguage\":\"fr-FR\"},{\"@type\":\"Organization\",\"@id\":\"https:\\\/\\\/www.pep06.fr\\\/rossetti\\\/#organization\",\"name\":\"PEP 06\",\"url\":\"https:\\\/\\\/www.pep06.fr\\\/rossetti\\\/\",\"logo\":{\"@type\":\"ImageObject\",\"inLanguage\":\"fr-FR\",\"@id\":\"https:\\\/\\\/www.pep06.fr\\\/rossetti\\\/#\\\/schema\\\/logo\\\/image\\\/\",\"url\":\"https:\\\/\\\/www.pep06.fr\\\/rossetti\\\/wp-content\\\/uploads\\\/sites\\\/2\\\/2015\\\/11\\\/Logo-PEP06.png\",\"contentUrl\":\"https:\\\/\\\/www.pep06.fr\\\/rossetti\\\/wp-content\\\/uploads\\\/sites\\\/2\\\/2015\\\/11\\\/Logo-PEP06.png\",\"width\":915,\"height\":915,\"caption\":\"PEP 06\"},\"image\":{\"@id\":\"https:\\\/\\\/www.pep06.fr\\\/rossetti\\\/#\\\/schema\\\/logo\\\/image\\\/\"},\"sameAs\":[\"https:\\\/\\\/www.facebook.com\\\/ADPEP06\"]},{\"@type\":\"Person\",\"@id\":\"https:\\\/\\\/www.pep06.fr\\\/rossetti\\\/#\\\/schema\\\/person\\\/a9905761926f11939db35a23e85b59b3\",\"name\":\"Fabienne BARONI\",\"image\":{\"@type\":\"ImageObject\",\"inLanguage\":\"fr-FR\",\"@id\":\"https:\\\/\\\/secure.gravatar.com\\\/avatar\\\/8e657f7e6ed7409aeab1ec68139ba89f95fd9462a6573462c76b4d8f256631cd?s=96&d=mm&r=g\",\"url\":\"https:\\\/\\\/secure.gravatar.com\\\/avatar\\\/8e657f7e6ed7409aeab1ec68139ba89f95fd9462a6573462c76b4d8f256631cd?s=96&d=mm&r=g\",\"contentUrl\":\"https:\\\/\\\/secure.gravatar.com\\\/avatar\\\/8e657f7e6ed7409aeab1ec68139ba89f95fd9462a6573462c76b4d8f256631cd?s=96&d=mm&r=g\",\"caption\":\"Fabienne BARONI\"},\"url\":\"https:\\\/\\\/www.pep06.fr\\\/rossetti\\\/author\\\/baronif\\\/\"}]}<\/script>\n<!-- \/ Yoast SEO plugin. -->","yoast_head_json":{"title":"Photos de Confinement : Que voyons-nous de notre fen\u00eatre en ces temps de Covid-19 ? - IEM Rossetti","description":"IEM Rossetti \u2013 PEP06","robots":{"index":"index","follow":"follow","max-snippet":"max-snippet:-1","max-image-preview":"max-image-preview:large","max-video-preview":"max-video-preview:-1"},"canonical":"https:\/\/www.pep06.fr\/rossetti\/2020\/04\/27\/photos-de-confinement-que-voyons-nous-de-notre-fenetre-en-ces-temps-de-covid-19\/","og_locale":"fr_FR","og_type":"article","og_title":"Photos de Confinement : Que voyons-nous de notre fen\u00eatre en ces temps de Covid-19 ? - IEM Rossetti","og_description":"IEM Rossetti \u2013 PEP06","og_url":"https:\/\/www.pep06.fr\/rossetti\/2020\/04\/27\/photos-de-confinement-que-voyons-nous-de-notre-fenetre-en-ces-temps-de-covid-19\/","og_site_name":"IEM Rossetti","article_publisher":"https:\/\/www.facebook.com\/ADPEP06","article_published_time":"2020-04-27T10:42:04+00:00","article_modified_time":"2020-04-27T10:42:08+00:00","og_image":[{"url":"http:\/\/www.pep06.fr\/rossetti\/wp-content\/uploads\/sites\/2\/2020\/04\/paysageYassin-1024x768.jpg","type":"","width":"","height":""}],"author":"Fabienne BARONI","twitter_card":"summary_large_image","twitter_misc":{"\u00c9crit par":"Fabienne BARONI","Dur\u00e9e de lecture estim\u00e9e":"2 minutes"},"schema":{"@context":"https:\/\/schema.org","@graph":[{"@type":"Article","@id":"https:\/\/www.pep06.fr\/rossetti\/2020\/04\/27\/photos-de-confinement-que-voyons-nous-de-notre-fenetre-en-ces-temps-de-covid-19\/#article","isPartOf":{"@id":"https:\/\/www.pep06.fr\/rossetti\/2020\/04\/27\/photos-de-confinement-que-voyons-nous-de-notre-fenetre-en-ces-temps-de-covid-19\/"},"author":{"name":"Fabienne BARONI","@id":"https:\/\/www.pep06.fr\/rossetti\/#\/schema\/person\/a9905761926f11939db35a23e85b59b3"},"headline":"Photos de Confinement : Que voyons-nous de notre fen\u00eatre en ces temps de Covid-19 ?","datePublished":"2020-04-27T10:42:04+00:00","dateModified":"2020-04-27T10:42:08+00:00","mainEntityOfPage":{"@id":"https:\/\/www.pep06.fr\/rossetti\/2020\/04\/27\/photos-de-confinement-que-voyons-nous-de-notre-fenetre-en-ces-temps-de-covid-19\/"},"wordCount":430,"commentCount":0,"publisher":{"@id":"https:\/\/www.pep06.fr\/rossetti\/#organization"},"image":{"@id":"https:\/\/www.pep06.fr\/rossetti\/2020\/04\/27\/photos-de-confinement-que-voyons-nous-de-notre-fenetre-en-ces-temps-de-covid-19\/#primaryimage"},"thumbnailUrl":"http:\/\/www.pep06.fr\/rossetti\/wp-content\/uploads\/sites\/2\/2020\/04\/paysageYassin-1024x768.jpg","articleSection":["Les \u00e9v\u00e9nements"],"inLanguage":"fr-FR","potentialAction":[{"@type":"CommentAction","name":"Comment","target":["https:\/\/www.pep06.fr\/rossetti\/2020\/04\/27\/photos-de-confinement-que-voyons-nous-de-notre-fenetre-en-ces-temps-de-covid-19\/#respond"]}]},{"@type":"WebPage","@id":"https:\/\/www.pep06.fr\/rossetti\/2020\/04\/27\/photos-de-confinement-que-voyons-nous-de-notre-fenetre-en-ces-temps-de-covid-19\/","url":"https:\/\/www.pep06.fr\/rossetti\/2020\/04\/27\/photos-de-confinement-que-voyons-nous-de-notre-fenetre-en-ces-temps-de-covid-19\/","name":"Photos de Confinement : Que voyons-nous de notre fen\u00eatre en ces temps de Covid-19 ? - IEM Rossetti","isPartOf":{"@id":"https:\/\/www.pep06.fr\/rossetti\/#website"},"primaryImageOfPage":{"@id":"https:\/\/www.pep06.fr\/rossetti\/2020\/04\/27\/photos-de-confinement-que-voyons-nous-de-notre-fenetre-en-ces-temps-de-covid-19\/#primaryimage"},"image":{"@id":"https:\/\/www.pep06.fr\/rossetti\/2020\/04\/27\/photos-de-confinement-que-voyons-nous-de-notre-fenetre-en-ces-temps-de-covid-19\/#primaryimage"},"thumbnailUrl":"http:\/\/www.pep06.fr\/rossetti\/wp-content\/uploads\/sites\/2\/2020\/04\/paysageYassin-1024x768.jpg","datePublished":"2020-04-27T10:42:04+00:00","dateModified":"2020-04-27T10:42:08+00:00","description":"IEM Rossetti \u2013 PEP06","breadcrumb":{"@id":"https:\/\/www.pep06.fr\/rossetti\/2020\/04\/27\/photos-de-confinement-que-voyons-nous-de-notre-fenetre-en-ces-temps-de-covid-19\/#breadcrumb"},"inLanguage":"fr-FR","potentialAction":[{"@type":"ReadAction","target":["https:\/\/www.pep06.fr\/rossetti\/2020\/04\/27\/photos-de-confinement-que-voyons-nous-de-notre-fenetre-en-ces-temps-de-covid-19\/"]}]},{"@type":"ImageObject","inLanguage":"fr-FR","@id":"https:\/\/www.pep06.fr\/rossetti\/2020\/04\/27\/photos-de-confinement-que-voyons-nous-de-notre-fenetre-en-ces-temps-de-covid-19\/#primaryimage","url":"https:\/\/www.pep06.fr\/rossetti\/wp-content\/uploads\/sites\/2\/2020\/04\/paysageYassin.jpg","contentUrl":"https:\/\/www.pep06.fr\/rossetti\/wp-content\/uploads\/sites\/2\/2020\/04\/paysageYassin.jpg","width":2016,"height":1512},{"@type":"BreadcrumbList","@id":"https:\/\/www.pep06.fr\/rossetti\/2020\/04\/27\/photos-de-confinement-que-voyons-nous-de-notre-fenetre-en-ces-temps-de-covid-19\/#breadcrumb","itemListElement":[{"@type":"ListItem","position":1,"name":"Accueil","item":"https:\/\/www.pep06.fr\/rossetti\/"},{"@type":"ListItem","position":2,"name":"Photos de Confinement : Que voyons-nous de notre fen\u00eatre en ces temps de Covid-19 ?"}]},{"@type":"WebSite","@id":"https:\/\/www.pep06.fr\/rossetti\/#website","url":"https:\/\/www.pep06.fr\/rossetti\/","name":"IEM Rossetti","description":"Le site de l&#039;IEM Rossetti des PEP 06","publisher":{"@id":"https:\/\/www.pep06.fr\/rossetti\/#organization"},"potentialAction":[{"@type":"SearchAction","target":{"@type":"EntryPoint","urlTemplate":"https:\/\/www.pep06.fr\/rossetti\/?s={search_term_string}"},"query-input":{"@type":"PropertyValueSpecification","valueRequired":true,"valueName":"search_term_string"}}],"inLanguage":"fr-FR"},{"@type":"Organization","@id":"https:\/\/www.pep06.fr\/rossetti\/#organization","name":"PEP 06","url":"https:\/\/www.pep06.fr\/rossetti\/","logo":{"@type":"ImageObject","inLanguage":"fr-FR","@id":"https:\/\/www.pep06.fr\/rossetti\/#\/schema\/logo\/image\/","url":"https:\/\/www.pep06.fr\/rossetti\/wp-content\/uploads\/sites\/2\/2015\/11\/Logo-PEP06.png","contentUrl":"https:\/\/www.pep06.fr\/rossetti\/wp-content\/uploads\/sites\/2\/2015\/11\/Logo-PEP06.png","width":915,"height":915,"caption":"PEP 06"},"image":{"@id":"https:\/\/www.pep06.fr\/rossetti\/#\/schema\/logo\/image\/"},"sameAs":["https:\/\/www.facebook.com\/ADPEP06"]},{"@type":"Person","@id":"https:\/\/www.pep06.fr\/rossetti\/#\/schema\/person\/a9905761926f11939db35a23e85b59b3","name":"Fabienne BARONI","image":{"@type":"ImageObject","inLanguage":"fr-FR","@id":"https:\/\/secure.gravatar.com\/avatar\/8e657f7e6ed7409aeab1ec68139ba89f95fd9462a6573462c76b4d8f256631cd?s=96&d=mm&r=g","url":"https:\/\/secure.gravatar.com\/avatar\/8e657f7e6ed7409aeab1ec68139ba89f95fd9462a6573462c76b4d8f256631cd?s=96&d=mm&r=g","contentUrl":"https:\/\/secure.gravatar.com\/avatar\/8e657f7e6ed7409aeab1ec68139ba89f95fd9462a6573462c76b4d8f256631cd?s=96&d=mm&r=g","caption":"Fabienne BARONI"},"url":"https:\/\/www.pep06.fr\/rossetti\/author\/baronif\/"}]}},"jetpack_publicize_connections":[],"jetpack_featured_media_url":"","jetpack_sharing_enabled":true,"jetpack_shortlink":"https:\/\/wp.me\/p6ZrMM-fi","_links":{"self":[{"href":"https:\/\/www.pep06.fr\/rossetti\/wp-json\/wp\/v2\/posts\/948","targetHints":{"allow":["GET"]}}],"collection":[{"href":"https:\/\/www.pep06.fr\/rossetti\/wp-json\/wp\/v2\/posts"}],"about":[{"href":"https:\/\/www.pep06.fr\/rossetti\/wp-json\/wp\/v2\/types\/post"}],"author":[{"embeddable":true,"href":"https:\/\/www.pep06.fr\/rossetti\/wp-json\/wp\/v2\/users\/10"}],"replies":[{"embeddable":true,"href":"https:\/\/www.pep06.fr\/rossetti\/wp-json\/wp\/v2\/comments?post=948"}],"version-history":[{"count":1,"href":"https:\/\/www.pep06.fr\/rossetti\/wp-json\/wp\/v2\/posts\/948\/revisions"}],"predecessor-version":[{"id":949,"href":"https:\/\/www.pep06.fr\/rossetti\/wp-json\/wp\/v2\/posts\/948\/revisions\/949"}],"wp:attachment":[{"href":"https:\/\/www.pep06.fr\/rossetti\/wp-json\/wp\/v2\/media?parent=948"}],"wp:term":[{"taxonomy":"category","embeddable":true,"href":"https:\/\/www.pep06.fr\/rossetti\/wp-json\/wp\/v2\/categories?post=948"},{"taxonomy":"post_tag","embeddable":true,"href":"https:\/\/www.pep06.fr\/rossetti\/wp-json\/wp\/v2\/tags?post=948"}],"curies":[{"name":"wp","href":"https:\/\/api.w.org\/{rel}","templated":true}]}}